{"id":435,"date":"2018-10-03T09:23:23","date_gmt":"2018-10-03T09:23:23","guid":{"rendered":"http:\/\/nachoescartin.es\/?p=435"},"modified":"2018-10-03T09:23:23","modified_gmt":"2018-10-03T09:23:23","slug":"pal-pilaaaar-sale-mejooooor","status":"publish","type":"post","link":"https:\/\/nachoescartin.es\/an\/pal-pilaaaar-sale-mejooooor\/","title":{"rendered":"\u00a1Pal Pilaaaar sale lo mejooooor!"},"content":{"rendered":"<p>Del 6 al 14 de octubre celebraremos las fiestas grandes de Zaragoza. Una semana larga de intensa actividad en las calles, fraternidad, convivencia, borinas y respeto. <\/p>\n<p>Un a\u00f1o m\u00e1s, abro con emoci\u00f3n el Programa. Me gusta leer la cantidad de actos a los que me gustar\u00eda acudir, pero s\u00e9 que es imposible. Al menos, anoto los que m\u00e1s me llaman la atenci\u00f3n, para disfrutar con amigos, familia y, en especial, con nuestra peque. <\/p>\n<p>\u00a1Da gusto ver la cantidad de actividades gratuitas, abiertas y para todos los p\u00fablicos y gustos! Voy a se\u00f1alar aqu\u00ed algunas de las que m\u00e1s me atraen: <\/p>\n<p>Empezar\u00e9 por las m\u00e1s peques: Imprescindible el Espacio infantil R\u00edo y Juego, el Parque de las Marionetas, La Plaza de la Magia, el pasacalles, los cabezudos y el tragachicos. <\/p>\n<p>Teatro aragon\u00e9s en el Principal con \u201cFerreter\u00eda Esteban\u201d, en el Mercado los Indigestos y en las Esquinas los de Oreg\u00f3nTV, programaci\u00f3n en Arbol\u00e9 y la Estaci\u00f3n&#8230;<\/p>\n<p>Conciertos de Dr.Calypso, Kase0, Zebda con Magnetophones y China Chana, La Ronda de Bolta\u00f1a, Colectivo Chicot\u00e9n, la Orquestina del Fabirol, Vetusta Morla, Mar\u00eda Arnal y Marcel Bag\u00e8s, Riot Girls, Bufacalibos, Dulce Pontes, Kabaret Vendetta, O Zaguer Chilo II, Ara Malikian, Nathy Peluso, Puturr\u00fa de Fua, folk a gog\u00f3\u2026 y un sinf\u00edn m\u00e1s de actuaciones musicales en plazas, pe\u00f1as y salas. <\/p>\n<p>Adem\u00e1s, rutas culturales en bici, exposiciones en Museos, preg\u00f3n feminista. Puntos seguros para evitar agresiones sexistas, mercadillos, artesan\u00eda, circo, jotas\u2026<\/p>\n<p>Me encantan las Fiestas de Zaragoza y las afronto emocionado. \u00a1Pal Pilaaaar, sale lo mejoooor, los gigantes y la procesi\u00f3n! (y los cabezuuuudos).<\/p>\n<p>Consciente de que se me habr\u00e1n pasado algunas sugerencias\u2026. \u00bfA ti, qu\u00e9 es lo que m\u00e1s te apetece de estos Pilares? \u00a1Escribe tus recomendaciones y lo que no nos podemos perder!<\/p>","protected":false},"excerpt":{"rendered":"<p>Del 6 al 14 de octubre celebraremos las fiestas grandes de Zaragoza. Una semana larga de intensa actividad en las [&hellip;]<\/p>\n","protected":false},"author":1,"featured_media":437,"comment_status":"open","ping_status":"closed","sticky":false,"template":"","format":"standard","meta":{"site-sidebar-layout":"default","site-content-layout":"","ast-site-content-layout":"default","site-content-style":"default","site-sidebar-style":"default","ast-global-header-display":"","ast-banner-title-visibility":"","ast-main-header-display":"","ast-hfb-above-header-display":"","ast-hfb-below-header-display":"","ast-hfb-mobile-header-display":"","site-post-title":"","ast-breadcrumbs-content":"","ast-featured-img":"","footer-sml-layout":"","ast-disable-related-posts":"","theme-transparent-header-meta":"","adv-header-id-meta":"","stick-header-meta":"","header-above-stick-meta":"","header-main-stick-meta":"","header-below-stick-meta":"","astra-migrate-meta-layouts":"default","ast-page-background-enabled":"default","ast-page-background-meta":{"desktop":{"background-color":"","background-image":"","background-repeat":"repeat","background-position":"center center","background-size":"auto","background-attachment":"scroll","background-type":"","background-media":"","overlay-type":"","overlay-color":"","overlay-opacity":"","overlay-gradient":""},"tablet":{"background-color":"","background-image":"","background-repeat":"repeat","background-position":"center center","background-size":"auto","background-attachment":"scroll","background-type":"","background-media":"","overlay-type":"","overlay-color":"","overlay-opacity":"","overlay-gradient":""},"mobile":{"background-color":"","background-image":"","background-repeat":"repeat","background-position":"center center","background-size":"auto","background-attachment":"scroll","background-type":"","background-media":"","overlay-type":"","overlay-color":"","overlay-opacity":"","overlay-gradient":""}},"ast-content-background-meta":{"desktop":{"background-color":"var(--ast-global-color-5)","background-image":"","background-repeat":"repeat","background-position":"center center","background-size":"auto","background-attachment":"scroll","background-type":"","background-media":"","overlay-type":"","overlay-color":"","overlay-opacity":"","overlay-gradient":""},"tablet":{"background-color":"var(--ast-global-color-5)","background-image":"","background-repeat":"repeat","background-position":"center center","background-size":"auto","background-attachment":"scroll","background-type":"","background-media":"","overlay-type":"","overlay-color":"","overlay-opacity":"","overlay-gradient":""},"mobile":{"background-color":"var(--ast-global-color-5)","background-image":"","background-repeat":"repeat","background-position":"center center","background-size":"auto","background-attachment":"scroll","background-type":"","background-media":"","overlay-type":"","overlay-color":"","overlay-opacity":"","overlay-gradient":""}},"_joinchat":[],"footnotes":""},"categories":[25],"tags":[39,57,58,59,60,61,38],"class_list":["post-435","post","type-post","status-publish","format-standard","has-post-thumbnail","hentry","category-enredando","tag-cultura","tag-fiestas","tag-musica","tag-pilares","tag-sugerencias","tag-teatro","tag-zaragoza"],"_links":{"self":[{"href":"https:\/\/nachoescartin.es\/an\/wp-json\/wp\/v2\/posts\/435","targetHints":{"allow":["GET"]}}],"collection":[{"href":"https:\/\/nachoescartin.es\/an\/wp-json\/wp\/v2\/posts"}],"about":[{"href":"https:\/\/nachoescartin.es\/an\/wp-json\/wp\/v2\/types\/post"}],"author":[{"embeddable":true,"href":"https:\/\/nachoescartin.es\/an\/wp-json\/wp\/v2\/users\/1"}],"replies":[{"embeddable":true,"href":"https:\/\/nachoescartin.es\/an\/wp-json\/wp\/v2\/comments?post=435"}],"version-history":[{"count":0,"href":"https:\/\/nachoescartin.es\/an\/wp-json\/wp\/v2\/posts\/435\/revisions"}],"wp:featuredmedia":[{"embeddable":true,"href":"https:\/\/nachoescartin.es\/an\/wp-json\/wp\/v2\/media\/437"}],"wp:attachment":[{"href":"https:\/\/nachoescartin.es\/an\/wp-json\/wp\/v2\/media?parent=435"}],"wp:term":[{"taxonomy":"category","embeddable":true,"href":"https:\/\/nachoescartin.es\/an\/wp-json\/wp\/v2\/categories?post=435"},{"taxonomy":"post_tag","embeddable":true,"href":"https:\/\/nachoescartin.es\/an\/wp-json\/wp\/v2\/tags?post=435"}],"curies":[{"name":"wp","href":"https:\/\/api.w.org\/{rel}","templated":true}]}}