{"id":428,"date":"2018-09-26T12:40:07","date_gmt":"2018-09-26T12:40:07","guid":{"rendered":"http:\/\/nachoescartin.es\/?p=428"},"modified":"2018-09-26T12:40:07","modified_gmt":"2018-09-26T12:40:07","slug":"es-la-hora-de-aragon-podemos-propone-medidas-concretas-para-mejorar-las-vidas-de-los-aragoneses","status":"publish","type":"post","link":"https:\/\/nachoescartin.es\/an\/es-la-hora-de-aragon-podemos-propone-medidas-concretas-para-mejorar-las-vidas-de-los-aragoneses\/","title":{"rendered":"Es la hora de Arag\u00f3n: Podemos propone medidas concretas para mejorar las vidas de los aragoneses"},"content":{"rendered":"<p>Hoy celebramos en las Cortes de Arag\u00f3n el debate del estado de la Comunidad, en el que nos hemos alejado de los discursos del \u201cy t\u00fa m\u00e1s\u201d y nos hemos centrado en el Arag\u00f3n de hoy y las propuestas para el Arag\u00f3n del futuro.<br \/>\nDefender las libertades, derechos y oportunidades de los aragoneses ha sido y es nuestra prioridad en estos 3 a\u00f1os de intenso trabajo. Nuestra labor ha sido esencial para empujar a un gobierno sin valent\u00eda ni ambici\u00f3n. Estamos moderadamente satisfechos de nuestra aportaci\u00f3n para que el Arag\u00f3n de hoy sea mejor que el de hace 3 a\u00f1os, pero a\u00fan nos queda mucho camino por delante para atajar las desigualdades, la precariedad y la despoblaci\u00f3n.<br \/>\nPara seguir caminando, hemos propuesto 5 medidas concretas, razonables, cuantificadas y posibles, que esperamos que el Gobierno de Arag\u00f3n introduzca en el proyecto de ley de Presupuestos para 2019: bajar el precio del comedor escolar, duplicar las ayudas al alquiler, asegurar la seguridad con bomberos de ciudad y forestales contratados todo el a\u00f1o y por todo Arag\u00f3n, aumentar las contrataciones de cuidadoras profesionales en residencias y cambiar el modelo de la gesti\u00f3n p\u00fablica del agua, para acabar con el injusto ICA y asegurar depuradoras.<br \/>\nEnlace de la Web<br \/>\nNo damos por agotada la legislatura, para seguir exprimiendo hasta el \u00faltimo c\u00e9ntimo y el \u00faltimo d\u00eda, en nuestro af\u00e1n de mejorar las vidas de las mayor\u00edas sociales aragonesas.<\/p>\n<p>https:\/\/aragon.podemos.info\/5-medidas-para-mejorar-los-presupuestos-de-2019\/<\/p>","protected":false},"excerpt":{"rendered":"<p>Hoy celebramos en las Cortes de Arag\u00f3n el debate del estado de la Comunidad, en el que nos hemos alejado [&hellip;]<\/p>\n","protected":false},"author":1,"featured_media":429,"comment_status":"open","ping_status":"closed","sticky":false,"template":"","format":"standard","meta":{"site-sidebar-layout":"default","site-content-layout":"","ast-site-content-layout":"default","site-content-style":"default","site-sidebar-style":"default","ast-global-header-display":"","ast-banner-title-visibility":"","ast-main-header-display":"","ast-hfb-above-header-display":"","ast-hfb-below-header-display":"","ast-hfb-mobile-header-display":"","site-post-title":"","ast-breadcrumbs-content":"","ast-featured-img":"","footer-sml-layout":"","ast-disable-related-posts":"","theme-transparent-header-meta":"","adv-header-id-meta":"","stick-header-meta":"","header-above-stick-meta":"","header-main-stick-meta":"","header-below-stick-meta":"","astra-migrate-meta-layouts":"default","ast-page-background-enabled":"default","ast-page-background-meta":{"desktop":{"background-color":"","background-image":"","background-repeat":"repeat","background-position":"center center","background-size":"auto","background-attachment":"scroll","background-type":"","background-media":"","overlay-type":"","overlay-color":"","overlay-opacity":"","overlay-gradient":""},"tablet":{"background-color":"","background-image":"","background-repeat":"repeat","background-position":"center center","background-size":"auto","background-attachment":"scroll","background-type":"","background-media":"","overlay-type":"","overlay-color":"","overlay-opacity":"","overlay-gradient":""},"mobile":{"background-color":"","background-image":"","background-repeat":"repeat","background-position":"center center","background-size":"auto","background-attachment":"scroll","background-type":"","background-media":"","overlay-type":"","overlay-color":"","overlay-opacity":"","overlay-gradient":""}},"ast-content-background-meta":{"desktop":{"background-color":"var(--ast-global-color-5)","background-image":"","background-repeat":"repeat","background-position":"center center","background-size":"auto","background-attachment":"scroll","background-type":"","background-media":"","overlay-type":"","overlay-color":"","overlay-opacity":"","overlay-gradient":""},"tablet":{"background-color":"var(--ast-global-color-5)","background-image":"","background-repeat":"repeat","background-position":"center center","background-size":"auto","background-attachment":"scroll","background-type":"","background-media":"","overlay-type":"","overlay-color":"","overlay-opacity":"","overlay-gradient":""},"mobile":{"background-color":"var(--ast-global-color-5)","background-image":"","background-repeat":"repeat","background-position":"center center","background-size":"auto","background-attachment":"scroll","background-type":"","background-media":"","overlay-type":"","overlay-color":"","overlay-opacity":"","overlay-gradient":""}},"_joinchat":[],"footnotes":""},"categories":[23],"tags":[],"class_list":["post-428","post","type-post","status-publish","format-standard","has-post-thumbnail","hentry","category-sembrando"],"_links":{"self":[{"href":"https:\/\/nachoescartin.es\/an\/wp-json\/wp\/v2\/posts\/428","targetHints":{"allow":["GET"]}}],"collection":[{"href":"https:\/\/nachoescartin.es\/an\/wp-json\/wp\/v2\/posts"}],"about":[{"href":"https:\/\/nachoescartin.es\/an\/wp-json\/wp\/v2\/types\/post"}],"author":[{"embeddable":true,"href":"https:\/\/nachoescartin.es\/an\/wp-json\/wp\/v2\/users\/1"}],"replies":[{"embeddable":true,"href":"https:\/\/nachoescartin.es\/an\/wp-json\/wp\/v2\/comments?post=428"}],"version-history":[{"count":0,"href":"https:\/\/nachoescartin.es\/an\/wp-json\/wp\/v2\/posts\/428\/revisions"}],"wp:featuredmedia":[{"embeddable":true,"href":"https:\/\/nachoescartin.es\/an\/wp-json\/wp\/v2\/media\/429"}],"wp:attachment":[{"href":"https:\/\/nachoescartin.es\/an\/wp-json\/wp\/v2\/media?parent=428"}],"wp:term":[{"taxonomy":"category","embeddable":true,"href":"https:\/\/nachoescartin.es\/an\/wp-json\/wp\/v2\/categories?post=428"},{"taxonomy":"post_tag","embeddable":true,"href":"https:\/\/nachoescartin.es\/an\/wp-json\/wp\/v2\/tags?post=428"}],"curies":[{"name":"wp","href":"https:\/\/api.w.org\/{rel}","templated":true}]}}