{"id":41,"date":"2018-03-24T15:12:14","date_gmt":"2018-03-24T15:12:14","guid":{"rendered":"https:\/\/nachoescartin.wordpress.com\/?p=41"},"modified":"2018-03-24T15:12:14","modified_gmt":"2018-03-24T15:12:14","slug":"impunidad-segun-quien-seas","status":"publish","type":"post","link":"https:\/\/nachoescartin.es\/an\/impunidad-segun-quien-seas\/","title":{"rendered":"\u00bfImpunidad seg\u00fan qui\u00e9n seas?"},"content":{"rendered":"<p>Amanezco preocupado tras leer esta noticia http:\/\/www.publico.es\/\u2026\/catalunya-acoso-ultra-400-diputados\u2026.<\/p>\n<p>La Delegaci\u00f3n de Gobierno del PP en Arag\u00f3n ha decidido archivar, no investigar y dejar en nada los hechos que acontecieron aquel d\u00eda en el pabell\u00f3n Siglo XXI de Zaragoza: Acoso a 400 cargos p\u00fablicos de toda Espa\u00f1a, por parte de un grupo heterog\u00e9neo de personas entre los que hab\u00eda neonazis y personas con banderas franquistas. Ese d\u00eda nos retuvieron durante horas en el interior del recinto, dado que la polic\u00eda no pod\u00eda garantizar nuestra seguridad en el exterior. Dieron un botellazo a la Presidenta de las Cortes de Arag\u00f3n, Violeta Barba, e hirieron al menos a un agente. En las calles, amenazas e insultos.<\/p>\n<p>Estos graves delitos no van a ser ni siquiera expedientados. Esto huele a una tremenda impunidad seg\u00fan quien seas&#8230;. incluso a prevarizaci\u00f3n tal y como apunta la noticia. Como ya dije aquel mismo d\u00eda, respeto profundo a la libertad de expresi\u00f3n, en concentraciones comunicadas o no. Pero tolerancia cero a la violencia, el odio, las amenazas y las agresiones. Yo pas\u00e9 miedo y quienes me conoc\u00e9is sab\u00e9is que suelo afrontar con serenidad situaciones conflictivas.<\/p>\n<p>Hemos pedido tantas veces la dimisi\u00f3n de Gustavo Alcalde, delegado de Gobierno en Arag\u00f3n, que hoy vuelvo a decir que no deber\u00eda ocupar un cargo que exige mucho m\u00e1s sentido com\u00fan, vocaci\u00f3n de ser justo y sentido de la responsabilidad para todos los aragoneses.<\/p>","protected":false},"excerpt":{"rendered":"<p>Amanezco preocupado tras leer esta noticia http:\/\/www.publico.es\/\u2026\/catalunya-acoso-ultra-400-diputados\u2026. La Delegaci\u00f3n de Gobierno del PP en Arag\u00f3n ha decidido archivar, no investigar [&hellip;]<\/p>\n","protected":false},"author":1,"featured_media":42,"comment_status":"open","ping_status":"closed","sticky":false,"template":"","format":"standard","meta":{"site-sidebar-layout":"default","site-content-layout":"","ast-site-content-layout":"default","site-content-style":"default","site-sidebar-style":"default","ast-global-header-display":"","ast-banner-title-visibility":"","ast-main-header-display":"","ast-hfb-above-header-display":"","ast-hfb-below-header-display":"","ast-hfb-mobile-header-display":"","site-post-title":"","ast-breadcrumbs-content":"","ast-featured-img":"","footer-sml-layout":"","ast-disable-related-posts":"","theme-transparent-header-meta":"","adv-header-id-meta":"","stick-header-meta":"","header-above-stick-meta":"","header-main-stick-meta":"","header-below-stick-meta":"","astra-migrate-meta-layouts":"default","ast-page-background-enabled":"default","ast-page-background-meta":{"desktop":{"background-color":"","background-image":"","background-repeat":"repeat","background-position":"center center","background-size":"auto","background-attachment":"scroll","background-type":"","background-media":"","overlay-type":"","overlay-color":"","overlay-opacity":"","overlay-gradient":""},"tablet":{"background-color":"","background-image":"","background-repeat":"repeat","background-position":"center center","background-size":"auto","background-attachment":"scroll","background-type":"","background-media":"","overlay-type":"","overlay-color":"","overlay-opacity":"","overlay-gradient":""},"mobile":{"background-color":"","background-image":"","background-repeat":"repeat","background-position":"center center","background-size":"auto","background-attachment":"scroll","background-type":"","background-media":"","overlay-type":"","overlay-color":"","overlay-opacity":"","overlay-gradient":""}},"ast-content-background-meta":{"desktop":{"background-color":"var(--ast-global-color-5)","background-image":"","background-repeat":"repeat","background-position":"center center","background-size":"auto","background-attachment":"scroll","background-type":"","background-media":"","overlay-type":"","overlay-color":"","overlay-opacity":"","overlay-gradient":""},"tablet":{"background-color":"var(--ast-global-color-5)","background-image":"","background-repeat":"repeat","background-position":"center center","background-size":"auto","background-attachment":"scroll","background-type":"","background-media":"","overlay-type":"","overlay-color":"","overlay-opacity":"","overlay-gradient":""},"mobile":{"background-color":"var(--ast-global-color-5)","background-image":"","background-repeat":"repeat","background-position":"center center","background-size":"auto","background-attachment":"scroll","background-type":"","background-media":"","overlay-type":"","overlay-color":"","overlay-opacity":"","overlay-gradient":""}},"_joinchat":[],"footnotes":""},"categories":[24],"tags":[],"class_list":["post-41","post","type-post","status-publish","format-standard","has-post-thumbnail","hentry","category-desbrozando"],"_links":{"self":[{"href":"https:\/\/nachoescartin.es\/an\/wp-json\/wp\/v2\/posts\/41","targetHints":{"allow":["GET"]}}],"collection":[{"href":"https:\/\/nachoescartin.es\/an\/wp-json\/wp\/v2\/posts"}],"about":[{"href":"https:\/\/nachoescartin.es\/an\/wp-json\/wp\/v2\/types\/post"}],"author":[{"embeddable":true,"href":"https:\/\/nachoescartin.es\/an\/wp-json\/wp\/v2\/users\/1"}],"replies":[{"embeddable":true,"href":"https:\/\/nachoescartin.es\/an\/wp-json\/wp\/v2\/comments?post=41"}],"version-history":[{"count":0,"href":"https:\/\/nachoescartin.es\/an\/wp-json\/wp\/v2\/posts\/41\/revisions"}],"wp:featuredmedia":[{"embeddable":true,"href":"https:\/\/nachoescartin.es\/an\/wp-json\/wp\/v2\/media\/42"}],"wp:attachment":[{"href":"https:\/\/nachoescartin.es\/an\/wp-json\/wp\/v2\/media?parent=41"}],"wp:term":[{"taxonomy":"category","embeddable":true,"href":"https:\/\/nachoescartin.es\/an\/wp-json\/wp\/v2\/categories?post=41"},{"taxonomy":"post_tag","embeddable":true,"href":"https:\/\/nachoescartin.es\/an\/wp-json\/wp\/v2\/tags?post=41"}],"curies":[{"name":"wp","href":"https:\/\/api.w.org\/{rel}","templated":true}]}}