{"id":3877,"date":"2026-09-01T15:28:59","date_gmt":"2026-09-01T15:28:59","guid":{"rendered":"https:\/\/nachoescartin.es\/?p=3877"},"modified":"2026-09-01T15:29:03","modified_gmt":"2026-09-01T15:29:03","slug":"decrecer-para-vivir-mejor-la-fortaleza-de-lo-humano","status":"publish","type":"post","link":"https:\/\/nachoescartin.es\/an\/decrecer-para-vivir-mejor-la-fortaleza-de-lo-humano\/","title":{"rendered":"Decrecer para vivir mejor: la fortaleza de lo humano"},"content":{"rendered":"<p class=\"wp-block-paragraph\">\ud83d\ude4b\u200d\u2642\ufe0f Os comparto el reportaje que hemos publicado Marina Gros, Alberto Bernu\u00e9s y yo en la revista de Ecologistas en Acci\u00f3n. <a href=\"https:\/\/www.ecologistasenaccion.org\/375378\/decrecer-para-vivir-mejor-la-fortaleza-de-lo-humano\/\" target=\"_blank\" rel=\"noopener\"><strong>Pincha aqu\u00ed para leerlo<\/strong><\/a>. <\/p>\n\n\n\n<p class=\"wp-block-paragraph\">\u00a1Esperamos que os guste y, sobre todo, que os active en colectivos! Adem\u00e1s, ver\u00e9is el resumen gr\u00e1fico del encuentro que hizo Pati Escart\u00edn \ud83e\udd17 <\/p>\n\n\n\n<p class=\"wp-block-paragraph\">\u00a1Comparte, difunde!<br><\/p>\n\n\n\n<figure class=\"wp-block-image size-large\"><img fetchpriority=\"high\" decoding=\"async\" width=\"1024\" height=\"708\" src=\"https:\/\/nachoescartin.es\/wp-content\/uploads\/2026\/09\/decrece-co-1-1024x708.jpg\" alt=\"\" class=\"wp-image-3879\" srcset=\"https:\/\/nachoescartin.es\/wp-content\/uploads\/2026\/09\/decrece-co-1-1024x708.jpg 1024w, https:\/\/nachoescartin.es\/wp-content\/uploads\/2026\/09\/decrece-co-1-300x207.jpg 300w, https:\/\/nachoescartin.es\/wp-content\/uploads\/2026\/09\/decrece-co-1-768x531.jpg 768w, https:\/\/nachoescartin.es\/wp-content\/uploads\/2026\/09\/decrece-co-1-18x12.jpg 18w, https:\/\/nachoescartin.es\/wp-content\/uploads\/2026\/09\/decrece-co-1.jpg 1280w\" sizes=\"(max-width: 1024px) 100vw, 1024px\" \/><\/figure>","protected":false},"excerpt":{"rendered":"<p>\ud83d\ude4b\u200d\u2642\ufe0f Os comparto el reportaje que hemos publicado Marina Gros, Alberto Bernu\u00e9s y yo en la revista de Ecologistas en [&hellip;]<\/p>\n","protected":false},"author":2,"featured_media":3878,"comment_status":"open","ping_status":"closed","sticky":false,"template":"","format":"standard","meta":{"site-sidebar-layout":"default","site-content-layout":"","ast-site-content-layout":"default","site-content-style":"default","site-sidebar-style":"default","ast-global-header-display":"","ast-banner-title-visibility":"","ast-main-header-display":"","ast-hfb-above-header-display":"","ast-hfb-below-header-display":"","ast-hfb-mobile-header-display":"","site-post-title":"","ast-breadcrumbs-content":"","ast-featured-img":"","footer-sml-layout":"","ast-disable-related-posts":"","theme-transparent-header-meta":"","adv-header-id-meta":"","stick-header-meta":"","header-above-stick-meta":"","header-main-stick-meta":"","header-below-stick-meta":"","astra-migrate-meta-layouts":"set","ast-page-background-enabled":"default","ast-page-background-meta":{"desktop":{"background-color":"","background-image":"","background-repeat":"repeat","background-position":"center center","background-size":"auto","background-attachment":"scroll","background-type":"","background-media":"","overlay-type":"","overlay-color":"","overlay-opacity":"","overlay-gradient":""},"tablet":{"background-color":"","background-image":"","background-repeat":"repeat","background-position":"center center","background-size":"auto","background-attachment":"scroll","background-type":"","background-media":"","overlay-type":"","overlay-color":"","overlay-opacity":"","overlay-gradient":""},"mobile":{"background-color":"","background-image":"","background-repeat":"repeat","background-position":"center center","background-size":"auto","background-attachment":"scroll","background-type":"","background-media":"","overlay-type":"","overlay-color":"","overlay-opacity":"","overlay-gradient":""}},"ast-content-background-meta":{"desktop":{"background-color":"var(--ast-global-color-5)","background-image":"","background-repeat":"repeat","background-position":"center center","background-size":"auto","background-attachment":"scroll","background-type":"","background-media":"","overlay-type":"","overlay-color":"","overlay-opacity":"","overlay-gradient":""},"tablet":{"background-color":"var(--ast-global-color-5)","background-image":"","background-repeat":"repeat","background-position":"center center","background-size":"auto","background-attachment":"scroll","background-type":"","background-media":"","overlay-type":"","overlay-color":"","overlay-opacity":"","overlay-gradient":""},"mobile":{"background-color":"var(--ast-global-color-5)","background-image":"","background-repeat":"repeat","background-position":"center center","background-size":"auto","background-attachment":"scroll","background-type":"","background-media":"","overlay-type":"","overlay-color":"","overlay-opacity":"","overlay-gradient":""}},"_joinchat":[],"footnotes":""},"categories":[1,26,25,23],"tags":[246,2106,478,2104,39,314,785,228,37],"class_list":["post-3877","post","type-post","status-publish","format-standard","has-post-thumbnail","hentry","category-blog","category-cultivando","category-enredando","category-sembrando","tag-agroecologia","tag-anticapitalismo","tag-articulo","tag-centros-de-datos","tag-cultura","tag-decrecimiento","tag-ecologistas-en-accion","tag-energia","tag-trabajo"],"_links":{"self":[{"href":"https:\/\/nachoescartin.es\/an\/wp-json\/wp\/v2\/posts\/3877","targetHints":{"allow":["GET"]}}],"collection":[{"href":"https:\/\/nachoescartin.es\/an\/wp-json\/wp\/v2\/posts"}],"about":[{"href":"https:\/\/nachoescartin.es\/an\/wp-json\/wp\/v2\/types\/post"}],"author":[{"embeddable":true,"href":"https:\/\/nachoescartin.es\/an\/wp-json\/wp\/v2\/users\/2"}],"replies":[{"embeddable":true,"href":"https:\/\/nachoescartin.es\/an\/wp-json\/wp\/v2\/comments?post=3877"}],"version-history":[{"count":1,"href":"https:\/\/nachoescartin.es\/an\/wp-json\/wp\/v2\/posts\/3877\/revisions"}],"predecessor-version":[{"id":3880,"href":"https:\/\/nachoescartin.es\/an\/wp-json\/wp\/v2\/posts\/3877\/revisions\/3880"}],"wp:featuredmedia":[{"embeddable":true,"href":"https:\/\/nachoescartin.es\/an\/wp-json\/wp\/v2\/media\/3878"}],"wp:attachment":[{"href":"https:\/\/nachoescartin.es\/an\/wp-json\/wp\/v2\/media?parent=3877"}],"wp:term":[{"taxonomy":"category","embeddable":true,"href":"https:\/\/nachoescartin.es\/an\/wp-json\/wp\/v2\/categories?post=3877"},{"taxonomy":"post_tag","embeddable":true,"href":"https:\/\/nachoescartin.es\/an\/wp-json\/wp\/v2\/tags?post=3877"}],"curies":[{"name":"wp","href":"https:\/\/api.w.org\/{rel}","templated":true}]}}