{"id":3674,"date":"2026-03-16T12:01:57","date_gmt":"2026-03-16T12:01:57","guid":{"rendered":"https:\/\/nachoescartin.es\/?p=3674"},"modified":"2026-03-16T16:42:48","modified_gmt":"2026-03-16T16:42:48","slug":"boletin-del-escartin-colectividad-en-tiempos-de-guerra","status":"publish","type":"post","link":"https:\/\/nachoescartin.es\/an\/boletin-del-escartin-colectividad-en-tiempos-de-guerra\/","title":{"rendered":"Bolet\u00edn del Escart\u00edn: Colectividad en tiempos de guerra"},"content":{"rendered":"<p>En tiempos de guerra, duelo y tristeza tambi\u00e9n hay espacio para los sue\u00f1os y la construcci\u00f3n colectiva.<\/p>\n\n\n\n<p>Escrib\u00ed <a href=\"https:\/\/nachoescartin.es\/an\/estamos-en-shock\/\"><strong>este art\u00edculo en El Peri\u00f3dico de Arag\u00f3n<\/strong><\/a> sobre la doctrina del shock que nos intentan imponer y sobre el enorme poder colectivo que tenemos cuando tejemos redes con la gente cercana y nos organizamos.<\/p>\n\n\n\n<p>Y en eso estamos: fortaleciendo v\u00ednculos y pensando c\u00f3mo, con mi tiempo, mi trabajo y mi energ\u00eda, puedo aportar al com\u00fan.<\/p>\n\n\n\n<p><strong>Radio y encuentros<\/strong><\/p>\n\n\n\n<p>En las pr\u00f3ximas semanas tengo varios encuentros majos en torno a la radio. Estar\u00e9 con mujeres rurales, personas mayores, peques de colegios, profes de institutos y gente interesada en la alimentaci\u00f3n. Conforme se publique la informaci\u00f3n de cada acto, os la ir\u00e9 compartiendo. Si te apetece enredarte con alguna actividad de radio o podcast, ahora es buen momento para escribirme a <a href=\"mailto:laenredadera@nodo50.org\"><strong>laenredadera@nodo50.org<\/strong><\/a> y hablamos.<\/p>\n\n\n\n<p>Ma\u00f1ana <a href=\"https:\/\/nachoescartin.es\/an\/el-martes-presentaremos-marcelino-con-bibiana-collado-cabrera\/\"><strong>martes 17 de marzo a las 7 de la tarde estar\u00e9 en la Librer\u00eda C\u00e1lamo con Bibiana Collado Cabrera<\/strong><\/a>, autora de su segunda novela, la estupenda \u201cMarcelino\u201d, tras el \u00e9xito de \u201cYeguas exhaustas\u201d. Si te apetece conversar de libros y pasar un buen rato, ah\u00ed nos vemos.<\/p>\n\n\n\n<p><strong>Por otro modelo agroalimentario<\/strong><\/p>\n\n\n\n<p>Hoy lunes presentamos un informe en el que he estado trabajando en los \u00faltimos meses. Ecologistas en Acci\u00f3n publica <a href=\"https:\/\/www.ecologistasenaccion.org\/wp-content\/uploads\/2026\/03\/Guia_La-ganaderia-del-futuro_castellano.pdf\" target=\"_blank\" rel=\"noopener\"><strong>una gu\u00eda<\/strong><\/a> y un <a href=\"https:\/\/www.google.com\/maps\/d\/u\/0\/viewer?mid=1bzGAclIP_ie3qj6SEFBc_vkRhnpqQP4&amp;ll=36.2533694720438%2C-6.69480779999999&amp;z=5\" target=\"_blank\" rel=\"noopener\"><strong>mapa<\/strong><\/a> con 30 experiencias exitosas de ganader\u00eda respetuosa con el entorno, los animales y las personas. Os invito a leerla, compartirla y usarla, porque la transici\u00f3n agroalimentaria desde una perspectiva ecosocial es urgente y absolutamente necesaria.<\/p>\n\n\n\n<figure class=\"wp-block-embed is-type-wp-embed is-provider-ecologistas-en-acci-n wp-block-embed-ecologistas-en-acci-n\"><div class=\"wp-block-embed__wrapper\">\n<blockquote class=\"wp-embedded-content\" data-secret=\"RyU2ByJbKX\"><a href=\"https:\/\/www.ecologistasenaccion.org\/364634\/ecologistas-en-accion-presenta-una-guia-con-30-experiencias-exitosas-de-ganaderia-respetuosa-con-el-entorno-y-las-personas\/\" target=\"_blank\" rel=\"noopener\">Ecologistas en Acci\u00f3n presenta una gu\u00eda con 30 experiencias exitosas de ganader\u00eda respetuosa con el entorno y las personas<\/a><\/blockquote><iframe class=\"wp-embedded-content\" sandbox=\"allow-scripts\" security=\"restricted\" style=\"position: absolute; visibility: hidden;\" title=\"\u00abEcologistas en Acci\u00f3n presenta una gu\u00eda con 30 experiencias exitosas de ganader\u00eda respetuosa con el entorno y las personas\u00bb \u2014 Ecologistas en Acci\u00f3n\" src=\"https:\/\/www.ecologistasenaccion.org\/364634\/ecologistas-en-accion-presenta-una-guia-con-30-experiencias-exitosas-de-ganaderia-respetuosa-con-el-entorno-y-las-personas\/embed\/#?secret=kDLGiVgyAC#?secret=RyU2ByJbKX\" data-secret=\"RyU2ByJbKX\" width=\"500\" height=\"282\" frameborder=\"0\" marginwidth=\"0\" marginheight=\"0\" scrolling=\"no\"><\/iframe>\n<\/div><\/figure>\n\n\n\n<p>Hace poco tuve la suerte de dinamizar una <a href=\"https:\/\/nachoescartin.es\/an\/movimientos-sociales-alimentarios\/\"><strong>sesi\u00f3n sobre movimientos sociales alimentarios<\/strong><\/a> para estudiantes de la Universidad de Zaragoza, organizada por Justicia Alimentaria.<\/p>\n\n\n\n<p>Tenemos muchos temas sobre la mesa: los proyectos de <a href=\"https:\/\/archive.ph\/umJdm\" target=\"_blank\" rel=\"noopener\"><strong>biometano<\/strong><\/a>, <a href=\"https:\/\/archive.ph\/umJdm\" target=\"_blank\" rel=\"noopener\"><strong>incentivos perversos<\/strong><\/a> contra la vida, la desregulaci\u00f3n en la Uni\u00f3n Europea, el posible descontrol de los <a href=\"https:\/\/elpais.com\/clima-y-medio-ambiente\/2026-03-13\/sin-etiquetas-control-ni-precaucion-desregular-los-transgenicos-en-europa-comportaria-graves-riesgos.html\" target=\"_blank\" rel=\"noopener\"><strong>transg\u00e9nicos<\/strong><\/a>&#8230; .<\/p>\n\n\n\n<p><strong>Tejer comunidad<\/strong><\/p>\n\n\n\n<p>Frente a todo esto, siguen creciendo espacios donde organizarnos y cuidar lo com\u00fan:<\/p>\n\n\n\n<p>Comunidades energ\u00e9ticas, resistencias contra la invasi\u00f3n de centros de datos, asambleas ciudadanas, espacios de reparaci\u00f3n de cosas, Decrece co, el movimiento feminista con marchas potent\u00edsimas el 8M, manifestaciones contra la guerra, encuentros pol\u00edticos.<\/p>\n\n\n\n<p>Tambi\u00e9n proyectos como <a href=\"https:\/\/www.google.com\/url?sa=t&amp;source=web&amp;rct=j&amp;opi=89978449&amp;url=https:\/\/www.eldiario.es\/aragon\/zaragoza\/vecinal-supermercado-cooperativo-zaragoza-formas-consumo-son-posibles-reales_1_13056087.html&amp;ved=2ahUKEwi-q_f3rKSTAxVtNPsDHbMdEY4QFnoECBcQAQ&amp;usg=AOvVaw2m-DNF8ZCu8hJ00AQATHjQ\" target=\"_blank\" rel=\"noopener\"><strong>A Vecinal (supermercado cooperativo)<\/strong><\/a>, AMPAs, el Foro Alazetal, asociaciones vecinales, colectivos, centros sociales o clubes de lectura.<\/p>\n\n\n\n<p>Son muchos los espacios donde participar y fortalecer v\u00ednculos.<\/p>\n\n\n\n<p>Os dejo con la rese\u00f1ica de otro buen libro y \u00e9xito brutal, \u201c<a href=\"https:\/\/nachoescartin.es\/an\/comeras-flores-de-lucia-solla-sobral\/\"><strong>Comer\u00e1s flores<\/strong><\/a>\u201d de Luc\u00eda Solla Sobral. <\/p>\n\n\n\n<p>Ya, que no quiero reteneros mucho m\u00e1s frente a la pantalla.<\/p>\n\n\n\n<p>Aqu\u00ed me ten\u00e9is.<br>Con alegr\u00eda y en colectivo.<br>Nos vemos.<\/p>\n\n\n\n<p>Abrazos, salud y feliz todo.<\/p>\n\n\n\n<figure class=\"wp-block-gallery has-nested-images columns-default is-cropped wp-block-gallery-1 is-layout-flex wp-block-gallery-is-layout-flex\">\n<figure class=\"wp-block-image size-large\"><img fetchpriority=\"high\" decoding=\"async\" width=\"888\" height=\"932\" data-id=\"3648\" src=\"https:\/\/nachoescartin.es\/wp-content\/uploads\/2026\/02\/26-02-Taller-Justicia-Alimentaria.jpg\" alt=\"\" class=\"wp-image-3648\" srcset=\"https:\/\/nachoescartin.es\/wp-content\/uploads\/2026\/02\/26-02-Taller-Justicia-Alimentaria.jpg 888w, https:\/\/nachoescartin.es\/wp-content\/uploads\/2026\/02\/26-02-Taller-Justicia-Alimentaria-286x300.jpg 286w, https:\/\/nachoescartin.es\/wp-content\/uploads\/2026\/02\/26-02-Taller-Justicia-Alimentaria-768x806.jpg 768w, https:\/\/nachoescartin.es\/wp-content\/uploads\/2026\/02\/26-02-Taller-Justicia-Alimentaria-11x12.jpg 11w\" sizes=\"(max-width: 888px) 100vw, 888px\" \/><\/figure>\n\n\n\n<figure class=\"wp-block-image size-large\"><img decoding=\"async\" width=\"1024\" height=\"512\" data-id=\"3652\" src=\"https:\/\/nachoescartin.es\/wp-content\/uploads\/2026\/02\/informe-incentivos-perversos-destacado-1280x640-1-1024x512.jpg\" alt=\"\" class=\"wp-image-3652\" srcset=\"https:\/\/nachoescartin.es\/wp-content\/uploads\/2026\/02\/informe-incentivos-perversos-destacado-1280x640-1-1024x512.jpg 1024w, https:\/\/nachoescartin.es\/wp-content\/uploads\/2026\/02\/informe-incentivos-perversos-destacado-1280x640-1-300x150.jpg 300w, https:\/\/nachoescartin.es\/wp-content\/uploads\/2026\/02\/informe-incentivos-perversos-destacado-1280x640-1-768x384.jpg 768w, https:\/\/nachoescartin.es\/wp-content\/uploads\/2026\/02\/informe-incentivos-perversos-destacado-1280x640-1-18x9.jpg 18w, https:\/\/nachoescartin.es\/wp-content\/uploads\/2026\/02\/informe-incentivos-perversos-destacado-1280x640-1.jpg 1280w\" sizes=\"(max-width: 1024px) 100vw, 1024px\" \/><\/figure>\n\n\n\n<figure class=\"wp-block-image size-large\"><img decoding=\"async\" width=\"1024\" height=\"622\" data-id=\"3665\" src=\"https:\/\/nachoescartin.es\/wp-content\/uploads\/2026\/03\/26-03-Estamos-en-shock-1024x622.jpg\" alt=\"\" class=\"wp-image-3665\" srcset=\"https:\/\/nachoescartin.es\/wp-content\/uploads\/2026\/03\/26-03-Estamos-en-shock-1024x622.jpg 1024w, https:\/\/nachoescartin.es\/wp-content\/uploads\/2026\/03\/26-03-Estamos-en-shock-300x182.jpg 300w, https:\/\/nachoescartin.es\/wp-content\/uploads\/2026\/03\/26-03-Estamos-en-shock-768x466.jpg 768w, https:\/\/nachoescartin.es\/wp-content\/uploads\/2026\/03\/26-03-Estamos-en-shock-18x12.jpg 18w, https:\/\/nachoescartin.es\/wp-content\/uploads\/2026\/03\/26-03-Estamos-en-shock.jpg 1280w\" sizes=\"(max-width: 1024px) 100vw, 1024px\" \/><\/figure>\n\n\n\n<figure class=\"wp-block-image size-large\"><img loading=\"lazy\" decoding=\"async\" width=\"1024\" height=\"1024\" data-id=\"3670\" src=\"https:\/\/nachoescartin.es\/wp-content\/uploads\/2026\/03\/26-03-Presentacion-Marcelino-Bibiana-Collado-1024x1024.jpg\" alt=\"\" class=\"wp-image-3670\" srcset=\"https:\/\/nachoescartin.es\/wp-content\/uploads\/2026\/03\/26-03-Presentacion-Marcelino-Bibiana-Collado-1024x1024.jpg 1024w, https:\/\/nachoescartin.es\/wp-content\/uploads\/2026\/03\/26-03-Presentacion-Marcelino-Bibiana-Collado-300x300.jpg 300w, https:\/\/nachoescartin.es\/wp-content\/uploads\/2026\/03\/26-03-Presentacion-Marcelino-Bibiana-Collado-150x150.jpg 150w, https:\/\/nachoescartin.es\/wp-content\/uploads\/2026\/03\/26-03-Presentacion-Marcelino-Bibiana-Collado-768x768.jpg 768w, https:\/\/nachoescartin.es\/wp-content\/uploads\/2026\/03\/26-03-Presentacion-Marcelino-Bibiana-Collado-1536x1536.jpg 1536w, https:\/\/nachoescartin.es\/wp-content\/uploads\/2026\/03\/26-03-Presentacion-Marcelino-Bibiana-Collado-12x12.jpg 12w, https:\/\/nachoescartin.es\/wp-content\/uploads\/2026\/03\/26-03-Presentacion-Marcelino-Bibiana-Collado-1320x1320.jpg 1320w, https:\/\/nachoescartin.es\/wp-content\/uploads\/2026\/03\/26-03-Presentacion-Marcelino-Bibiana-Collado.jpg 2048w\" sizes=\"(max-width: 1024px) 100vw, 1024px\" \/><\/figure>\n<\/figure>\n\n\n\n<figure class=\"wp-block-gallery has-nested-images columns-default is-cropped wp-block-gallery-2 is-layout-flex wp-block-gallery-is-layout-flex\">\n<figure class=\"wp-block-image size-large\"><img loading=\"lazy\" decoding=\"async\" width=\"1024\" height=\"772\" data-id=\"3675\" src=\"https:\/\/nachoescartin.es\/wp-content\/uploads\/2026\/03\/decrece-1024x772.jpg\" alt=\"\" class=\"wp-image-3675\" srcset=\"https:\/\/nachoescartin.es\/wp-content\/uploads\/2026\/03\/decrece-1024x772.jpg 1024w, https:\/\/nachoescartin.es\/wp-content\/uploads\/2026\/03\/decrece-300x226.jpg 300w, https:\/\/nachoescartin.es\/wp-content\/uploads\/2026\/03\/decrece-768x579.jpg 768w, https:\/\/nachoescartin.es\/wp-content\/uploads\/2026\/03\/decrece-16x12.jpg 16w, https:\/\/nachoescartin.es\/wp-content\/uploads\/2026\/03\/decrece.jpg 1080w\" sizes=\"(max-width: 1024px) 100vw, 1024px\" \/><\/figure>\n<\/figure>\n\n\n\n<figure class=\"wp-block-gallery has-nested-images columns-default is-cropped wp-block-gallery-3 is-layout-flex wp-block-gallery-is-layout-flex\">\n<figure class=\"wp-block-image size-large\"><img loading=\"lazy\" decoding=\"async\" width=\"1024\" height=\"918\" data-id=\"3676\" src=\"https:\/\/nachoescartin.es\/wp-content\/uploads\/2026\/03\/Lola-y-Nacho-carnaval-1024x918.jpg\" alt=\"\" class=\"wp-image-3676\" srcset=\"https:\/\/nachoescartin.es\/wp-content\/uploads\/2026\/03\/Lola-y-Nacho-carnaval-1024x918.jpg 1024w, https:\/\/nachoescartin.es\/wp-content\/uploads\/2026\/03\/Lola-y-Nacho-carnaval-300x269.jpg 300w, https:\/\/nachoescartin.es\/wp-content\/uploads\/2026\/03\/Lola-y-Nacho-carnaval-768x688.jpg 768w, https:\/\/nachoescartin.es\/wp-content\/uploads\/2026\/03\/Lola-y-Nacho-carnaval-13x12.jpg 13w, https:\/\/nachoescartin.es\/wp-content\/uploads\/2026\/03\/Lola-y-Nacho-carnaval.jpg 1280w\" sizes=\"(max-width: 1024px) 100vw, 1024px\" \/><\/figure>\n<\/figure>\n\n\n\n<figure class=\"wp-block-image size-large\"><img loading=\"lazy\" decoding=\"async\" width=\"768\" height=\"1024\" src=\"https:\/\/nachoescartin.es\/wp-content\/uploads\/2026\/03\/ampa-cole-768x1024.jpg\" alt=\"\" class=\"wp-image-3683\" srcset=\"https:\/\/nachoescartin.es\/wp-content\/uploads\/2026\/03\/ampa-cole-768x1024.jpg 768w, https:\/\/nachoescartin.es\/wp-content\/uploads\/2026\/03\/ampa-cole-225x300.jpg 225w, https:\/\/nachoescartin.es\/wp-content\/uploads\/2026\/03\/ampa-cole-9x12.jpg 9w, https:\/\/nachoescartin.es\/wp-content\/uploads\/2026\/03\/ampa-cole.jpg 960w\" sizes=\"(max-width: 768px) 100vw, 768px\" \/><\/figure>\n\n\n\n<figure class=\"wp-block-image size-large\"><img loading=\"lazy\" decoding=\"async\" width=\"767\" height=\"1024\" src=\"https:\/\/nachoescartin.es\/wp-content\/uploads\/2026\/03\/jueves-lardero-767x1024.jpg\" alt=\"\" class=\"wp-image-3684\" srcset=\"https:\/\/nachoescartin.es\/wp-content\/uploads\/2026\/03\/jueves-lardero-767x1024.jpg 767w, https:\/\/nachoescartin.es\/wp-content\/uploads\/2026\/03\/jueves-lardero-225x300.jpg 225w, https:\/\/nachoescartin.es\/wp-content\/uploads\/2026\/03\/jueves-lardero-768x1025.jpg 768w, https:\/\/nachoescartin.es\/wp-content\/uploads\/2026\/03\/jueves-lardero-9x12.jpg 9w, https:\/\/nachoescartin.es\/wp-content\/uploads\/2026\/03\/jueves-lardero.jpg 959w\" sizes=\"(max-width: 767px) 100vw, 767px\" \/><\/figure>\n\n\n\n<figure class=\"wp-block-image size-large\"><img loading=\"lazy\" decoding=\"async\" width=\"576\" height=\"1024\" src=\"https:\/\/nachoescartin.es\/wp-content\/uploads\/2026\/03\/tierra-arada-576x1024.jpg\" alt=\"\" class=\"wp-image-3685\" srcset=\"https:\/\/nachoescartin.es\/wp-content\/uploads\/2026\/03\/tierra-arada-576x1024.jpg 576w, https:\/\/nachoescartin.es\/wp-content\/uploads\/2026\/03\/tierra-arada-169x300.jpg 169w, https:\/\/nachoescartin.es\/wp-content\/uploads\/2026\/03\/tierra-arada-7x12.jpg 7w, https:\/\/nachoescartin.es\/wp-content\/uploads\/2026\/03\/tierra-arada.jpg 720w\" sizes=\"(max-width: 576px) 100vw, 576px\" \/><\/figure>","protected":false},"excerpt":{"rendered":"<p>En tiempos de guerra, duelo y tristeza tambi\u00e9n hay espacio para los sue\u00f1os y la construcci\u00f3n colectiva. Escrib\u00ed este art\u00edculo [&hellip;]<\/p>\n","protected":false},"author":2,"featured_media":3678,"comment_status":"open","ping_status":"closed","sticky":false,"template":"","format":"standard","meta":{"site-sidebar-layout":"default","site-content-layout":"","ast-site-content-layout":"default","site-content-style":"default","site-sidebar-style":"default","ast-global-header-display":"","ast-banner-title-visibility":"","ast-main-header-display":"","ast-hfb-above-header-display":"","ast-hfb-below-header-display":"","ast-hfb-mobile-header-display":"","site-post-title":"","ast-breadcrumbs-content":"","ast-featured-img":"","footer-sml-layout":"","ast-disable-related-posts":"","theme-transparent-header-meta":"","adv-header-id-meta":"","stick-header-meta":"","header-above-stick-meta":"","header-main-stick-meta":"","header-below-stick-meta":"","astra-migrate-meta-layouts":"set","ast-page-background-enabled":"default","ast-page-background-meta":{"desktop":{"background-color":"","background-image":"","background-repeat":"repeat","background-position":"center center","background-size":"auto","background-attachment":"scroll","background-type":"","background-media":"","overlay-type":"","overlay-color":"","overlay-opacity":"","overlay-gradient":""},"tablet":{"background-color":"","background-image":"","background-repeat":"repeat","background-position":"center center","background-size":"auto","background-attachment":"scroll","background-type":"","background-media":"","overlay-type":"","overlay-color":"","overlay-opacity":"","overlay-gradient":""},"mobile":{"background-color":"","background-image":"","background-repeat":"repeat","background-position":"center center","background-size":"auto","background-attachment":"scroll","background-type":"","background-media":"","overlay-type":"","overlay-color":"","overlay-opacity":"","overlay-gradient":""}},"ast-content-background-meta":{"desktop":{"background-color":"var(--ast-global-color-5)","background-image":"","background-repeat":"repeat","background-position":"center center","background-size":"auto","background-attachment":"scroll","background-type":"","background-media":"","overlay-type":"","overlay-color":"","overlay-opacity":"","overlay-gradient":""},"tablet":{"background-color":"var(--ast-global-color-5)","background-image":"","background-repeat":"repeat","background-position":"center center","background-size":"auto","background-attachment":"scroll","background-type":"","background-media":"","overlay-type":"","overlay-color":"","overlay-opacity":"","overlay-gradient":""},"mobile":{"background-color":"var(--ast-global-color-5)","background-image":"","background-repeat":"repeat","background-position":"center center","background-size":"auto","background-attachment":"scroll","background-type":"","background-media":"","overlay-type":"","overlay-color":"","overlay-opacity":"","overlay-gradient":""}},"_joinchat":[],"footnotes":""},"categories":[1],"tags":[747,388,784,1896,1906,785,479,133,644,125,33,35,37,2000],"class_list":["post-3674","post","type-post","status-publish","format-standard","has-post-thumbnail","hentry","category-blog","tag-a-vecinal","tag-alimentacion","tag-biometano","tag-boletin","tag-colectivos","tag-ecologistas-en-accion","tag-ganaderia","tag-libro","tag-miedo","tag-novela","tag-podcast","tag-radio","tag-trabajo","tag-ue"],"_links":{"self":[{"href":"https:\/\/nachoescartin.es\/an\/wp-json\/wp\/v2\/posts\/3674","targetHints":{"allow":["GET"]}}],"collection":[{"href":"https:\/\/nachoescartin.es\/an\/wp-json\/wp\/v2\/posts"}],"about":[{"href":"https:\/\/nachoescartin.es\/an\/wp-json\/wp\/v2\/types\/post"}],"author":[{"embeddable":true,"href":"https:\/\/nachoescartin.es\/an\/wp-json\/wp\/v2\/users\/2"}],"replies":[{"embeddable":true,"href":"https:\/\/nachoescartin.es\/an\/wp-json\/wp\/v2\/comments?post=3674"}],"version-history":[{"count":6,"href":"https:\/\/nachoescartin.es\/an\/wp-json\/wp\/v2\/posts\/3674\/revisions"}],"predecessor-version":[{"id":3688,"href":"https:\/\/nachoescartin.es\/an\/wp-json\/wp\/v2\/posts\/3674\/revisions\/3688"}],"wp:featuredmedia":[{"embeddable":true,"href":"https:\/\/nachoescartin.es\/an\/wp-json\/wp\/v2\/media\/3678"}],"wp:attachment":[{"href":"https:\/\/nachoescartin.es\/an\/wp-json\/wp\/v2\/media?parent=3674"}],"wp:term":[{"taxonomy":"category","embeddable":true,"href":"https:\/\/nachoescartin.es\/an\/wp-json\/wp\/v2\/categories?post=3674"},{"taxonomy":"post_tag","embeddable":true,"href":"https:\/\/nachoescartin.es\/an\/wp-json\/wp\/v2\/tags?post=3674"}],"curies":[{"name":"wp","href":"https:\/\/api.w.org\/{rel}","templated":true}]}}