{"id":3669,"date":"2026-03-12T09:22:01","date_gmt":"2026-03-12T09:22:01","guid":{"rendered":"https:\/\/nachoescartin.es\/?p=3669"},"modified":"2026-03-13T09:03:39","modified_gmt":"2026-03-13T09:03:39","slug":"el-martes-presentaremos-marcelino-con-bibiana-collado-cabrera","status":"publish","type":"post","link":"https:\/\/nachoescartin.es\/an\/el-martes-presentaremos-marcelino-con-bibiana-collado-cabrera\/","title":{"rendered":"El martes presentaremos \u00abMarcelino\u00bb con Bibiana Collado Cabrera"},"content":{"rendered":"<p><img decoding=\"async\" height=\"16\" width=\"16\" src=\"https:\/\/static.xx.fbcdn.net\/images\/emoji.php\/v9\/tb\/1\/16\/1f388.png\" alt=\"\ud83c\udf88\">\u00a1Buen d\u00eda! Os comparto una cita para el martes 17 de marzo. A las 7 de la tarde en la Librer\u00eda C\u00e1lamo de Zaragoza (Plaza San Francisco), Bibiana Collado Cabrera presenta \u00abMarcelino\u00bb, novela publicada por Pepitas de Calabaza y Los aciertos. Tendr\u00e9 el placer de conversar con ella sobre su estupendo libro, del que os comparto mi rese\u00f1ica: <\/p>\n\n\n\n<p>\u201cMarcelino\u201d es la segunda novela de Bibiana Collado Cabrera. Yo no hab\u00eda le\u00eddo la primera, as\u00ed que cuando me llam\u00f3 Paco Goyanes de la Librer\u00eda C\u00e1lamo para acompa\u00f1arle en su presentaci\u00f3n con la autora, me pill\u00f3 por sorpresa. Me dijo que era una autora joven, que la tem\u00e1tica era de un hombre rural y que lo editaba Pepitas. Y por eso hab\u00eda pensado en m\u00ed. Halagado, sent\u00ed ilusi\u00f3n porque es la primera vez que voy a participar en la presentaci\u00f3n de un libro en la C\u00e1lamo, mi librer\u00eda favorita.<\/p>\n\n\n\n<p>As\u00ed que, lo primero es convocaros a la cita: el martes 17 de marzo a las 7 de la tarde estaremos con Bibiana en la C\u00e1lamo. \u00a1Os esperamos!<\/p>\n\n\n\n<p>Nada m\u00e1s colgar con Paco, mir\u00e9 en internet para saber qui\u00e9n era Bibiana. Le\u00ed que es una persona nacida en Borriana (Castell\u00f2), Licenciada en Filolog\u00eda, Doctora en Literatura y profesora de Lengua y Literatura, con libros de poes\u00eda publicados y varios reconocimientos. \u00a1Menudo nivel!<\/p>\n\n\n\n<p>Entr\u00e9 en su Instagram y vi que era una persona cercana y sol\u00eda participar en eventos, as\u00ed que fet\u00e9n. Unos d\u00edas despu\u00e9s, precisamente en los premios C\u00e1lamo, unas amigas muy lectoras me dijeron que conoc\u00edan a Bibiana, hab\u00edan le\u00eddo su anterior novela \u201cYeguas Exhaustas\u201d y les hab\u00eda gustado mucho. El libro hab\u00eda tenido \u00e9xito gracias al \u201cboca oreja\u201d (la mejor promoci\u00f3n que puede haber).<\/p>\n\n\n\n<p>Lo siguiente, obvio, fue leer \u201cMarcelino\u201d. \u00a1Mira que si no me gustaba! \u00a1Menudo entuerto! Afortunadamente y, como intu\u00eda, me gust\u00f3. Me gust\u00f3 mucho. \u00a1Os lo recomiendo! Me ha resultado una novela original en su planteamiento y muy entretenida de leer. Como me suele pasar cuando me engancho y doy un poco de tiempo a la lectura, en mi caso lo le\u00ed de una sentada, en una tarde invernal y lluviosa.<\/p>\n\n\n\n<p>En \u201cMarcelino\u201d es el protagonista quien nos habla. De manera directa, de t\u00fa a t\u00fa, este se\u00f1or mayor, en la \u00faltima parte de su vida, echa la vista atr\u00e1s y nos cuenta lo que ha vivido. Se centra, sobre todo, en sus relaciones sexuales, sentimentales y afectivas, desde su ni\u00f1ez hasta su enamoramiento de Encarna, con quien vive hasta el final.<\/p>\n\n\n\n<p>\u201cEn esta familia m\u00eda nos gustaban las hembras fuertes que resuelven enredos y deshacen tormentas\u201d.<\/p>\n\n\n\n<p>Son 140 p\u00e1ginas distribuidas en 50 cap\u00edtulos breves, como 50 relatos cuenta atr\u00e1s, del 50 al 1, donde adem\u00e1s de la escritura, se juega con la poes\u00eda y la tipograf\u00eda. La edici\u00f3n corre a cargo de \u201cLos Aciertos\u201d y \u201cPepitas\u201d, calidad garantizada.<\/p>\n\n\n\n<p>\u201cEstuve all\u00ed, qu\u00e9 otra cosa pod\u00eda hacer. Maldito dolor del habla. Esa sensaci\u00f3n de estirar el brazo y no llegar a la balda de las palabras\u201d.<\/p>\n\n\n\n<p>El m\u00e9rito de \u201cMarcelino\u201d es el de un hombre de pocas palabras que es capaz de trasmitir much\u00edsima ternura. Es un hombre bueno, que trata de entender lo que pasa a su alrededor y tambi\u00e9n lo que siente \u00e9l y sus personas m\u00e1s cercanas. En un ecosistema y una \u00e9poca pobre, de subsistencia, en unas casas diseminadas por el campo de la Espa\u00f1a rural de la posguerra, la que la educaci\u00f3n sexual y afectiva a\u00fan no se hab\u00eda inventado o no hab\u00eda llegado. A\u00fan as\u00ed, con cuidado y con comunicaci\u00f3n, a su manera, con esa firme voluntad de explorar m\u00e1s all\u00e1 de los l\u00edmites sociales establecidos y sin hacer da\u00f1o, siempre con respeto, consentimiento y entusiasmo, Marcelino y Encarna comparten la sangre hasta el final de sus d\u00edas.<\/p>\n\n\n\n<p>\u201cSobre todas las cosas de este mundo, yo no quer\u00eda dolerle a mi Encarna\u201d.<\/p>\n\n\n\n<p>Con escasez y limitaciones, con tragedias y momentos duros, con alegr\u00edas y celebraciones en comunidad, con tiranteces y enfados, aun sin poder tener hijos, comparten su existencia rodeados de su \u201cfamilia de la tierra\u201d.<\/p>\n\n\n\n<p>\u201cEsa mujer era mi destino, yo hab\u00eda nacido para estar en ella. Los cuerpos se entend\u00edan, aunque yo no me entendiera a mi mismo\u201d.<\/p>\n\n\n\n<p>En \u201cMarcelino\u201d encontrar\u00e9is una prosa muy po\u00e9tica de sonrisas y buenas personas, cuerpos de sangre y abrazos, placer y verg\u00fcenza, emoci\u00f3n y l\u00e1grimas, duelos y sufrimientos compartidos, orgullo rural y miseria, amistad y tribu, olores y sabores, deseo y vulnerabilidad, miedos y la jodienda de hacerse viejo.<\/p>\n\n\n\n<p>\u201cEl amor era un puente l\u00edquido entre los cuerpos, (\u2026) como una acequia\u201d.<\/p>\n\n\n\n<p>Acto seguido, pas\u00e9 a leer \u201cYeguas exahustas\u201d, que os rese\u00f1ar\u00e9 en breves, porque tambi\u00e9n me ha gustado mucho. Muy recomendables ambas novelas. \u00a1Nos vemos el martes en la C\u00e1lamo con Bibiana Collado Cabrera! \ud83d\ude09<\/p>\n\n\n\n<p><\/p>","protected":false},"excerpt":{"rendered":"<p>\u00a1Buen d\u00eda! Os comparto una cita para el martes 17 de marzo. A las 7 de la tarde en la [&hellip;]<\/p>\n","protected":false},"author":2,"featured_media":3670,"comment_status":"open","ping_status":"closed","sticky":false,"template":"","format":"standard","meta":{"site-sidebar-layout":"default","site-content-layout":"","ast-site-content-layout":"default","site-content-style":"default","site-sidebar-style":"default","ast-global-header-display":"","ast-banner-title-visibility":"","ast-main-header-display":"","ast-hfb-above-header-display":"","ast-hfb-below-header-display":"","ast-hfb-mobile-header-display":"","site-post-title":"","ast-breadcrumbs-content":"","ast-featured-img":"","footer-sml-layout":"","ast-disable-related-posts":"","theme-transparent-header-meta":"","adv-header-id-meta":"","stick-header-meta":"","header-above-stick-meta":"","header-main-stick-meta":"","header-below-stick-meta":"","astra-migrate-meta-layouts":"set","ast-page-background-enabled":"default","ast-page-background-meta":{"desktop":{"background-color":"","background-image":"","background-repeat":"repeat","background-position":"center center","background-size":"auto","background-attachment":"scroll","background-type":"","background-media":"","overlay-type":"","overlay-color":"","overlay-opacity":"","overlay-gradient":""},"tablet":{"background-color":"","background-image":"","background-repeat":"repeat","background-position":"center center","background-size":"auto","background-attachment":"scroll","background-type":"","background-media":"","overlay-type":"","overlay-color":"","overlay-opacity":"","overlay-gradient":""},"mobile":{"background-color":"","background-image":"","background-repeat":"repeat","background-position":"center center","background-size":"auto","background-attachment":"scroll","background-type":"","background-media":"","overlay-type":"","overlay-color":"","overlay-opacity":"","overlay-gradient":""}},"ast-content-background-meta":{"desktop":{"background-color":"var(--ast-global-color-5)","background-image":"","background-repeat":"repeat","background-position":"center center","background-size":"auto","background-attachment":"scroll","background-type":"","background-media":"","overlay-type":"","overlay-color":"","overlay-opacity":"","overlay-gradient":""},"tablet":{"background-color":"var(--ast-global-color-5)","background-image":"","background-repeat":"repeat","background-position":"center center","background-size":"auto","background-attachment":"scroll","background-type":"","background-media":"","overlay-type":"","overlay-color":"","overlay-opacity":"","overlay-gradient":""},"mobile":{"background-color":"var(--ast-global-color-5)","background-image":"","background-repeat":"repeat","background-position":"center center","background-size":"auto","background-attachment":"scroll","background-type":"","background-media":"","overlay-type":"","overlay-color":"","overlay-opacity":"","overlay-gradient":""}},"_joinchat":[],"footnotes":""},"categories":[1,26],"tags":[239,2016,612,39,133,577,125,2014,216,217,351],"class_list":["post-3669","post","type-post","status-publish","format-standard","has-post-thumbnail","hentry","category-blog","category-cultivando","tag-amor","tag-charrada","tag-conversacion","tag-cultura","tag-libro","tag-masculinidad","tag-novela","tag-presentacion","tag-rural","tag-ruralidad","tag-sexo"],"_links":{"self":[{"href":"https:\/\/nachoescartin.es\/an\/wp-json\/wp\/v2\/posts\/3669","targetHints":{"allow":["GET"]}}],"collection":[{"href":"https:\/\/nachoescartin.es\/an\/wp-json\/wp\/v2\/posts"}],"about":[{"href":"https:\/\/nachoescartin.es\/an\/wp-json\/wp\/v2\/types\/post"}],"author":[{"embeddable":true,"href":"https:\/\/nachoescartin.es\/an\/wp-json\/wp\/v2\/users\/2"}],"replies":[{"embeddable":true,"href":"https:\/\/nachoescartin.es\/an\/wp-json\/wp\/v2\/comments?post=3669"}],"version-history":[{"count":3,"href":"https:\/\/nachoescartin.es\/an\/wp-json\/wp\/v2\/posts\/3669\/revisions"}],"predecessor-version":[{"id":3673,"href":"https:\/\/nachoescartin.es\/an\/wp-json\/wp\/v2\/posts\/3669\/revisions\/3673"}],"wp:featuredmedia":[{"embeddable":true,"href":"https:\/\/nachoescartin.es\/an\/wp-json\/wp\/v2\/media\/3670"}],"wp:attachment":[{"href":"https:\/\/nachoescartin.es\/an\/wp-json\/wp\/v2\/media?parent=3669"}],"wp:term":[{"taxonomy":"category","embeddable":true,"href":"https:\/\/nachoescartin.es\/an\/wp-json\/wp\/v2\/categories?post=3669"},{"taxonomy":"post_tag","embeddable":true,"href":"https:\/\/nachoescartin.es\/an\/wp-json\/wp\/v2\/tags?post=3669"}],"curies":[{"name":"wp","href":"https:\/\/api.w.org\/{rel}","templated":true}]}}