{"id":35,"date":"2018-04-04T15:02:50","date_gmt":"2018-04-04T15:02:50","guid":{"rendered":"https:\/\/nachoescartin.wordpress.com\/?p=35"},"modified":"2018-04-04T15:02:50","modified_gmt":"2018-04-04T15:02:50","slug":"las-cortes-de-aragon-ya-disponen-de-una-proposicion-de-ley-en-apoyo-a-los-autonomos","status":"publish","type":"post","link":"https:\/\/nachoescartin.es\/an\/las-cortes-de-aragon-ya-disponen-de-una-proposicion-de-ley-en-apoyo-a-los-autonomos\/","title":{"rendered":"Las Cortes de Arag\u00f3n ya disponen de una proposici\u00f3n de Ley en apoyo a los Aut\u00f3nomos"},"content":{"rendered":"<p>Todos los partidos dicen defender a trabajadores aut\u00f3nomos y emprendedores. Pero en 3 a\u00f1os de legislatura en Arag\u00f3n nadie registraba la Ley que necesita el colectivo, para apoyar su trabajo y protegerlo de los azotes de esta crisis-estafa: bajas bases de cotizaci\u00f3n, inestabilidad, falsos aut\u00f3nomos, falta de relevo generacional, brecha de g\u00e9nero, complejidad y retrasos en los tr\u00e1mites, falta de financiaci\u00f3n, etc.<\/p>\n<p>Hoy en el Pleno hemos anunciado la Proposici\u00f3n de Ley de Apoyo al Trabajo Aut\u00f3nomo y al Emprendimiento, que Podemos Arag\u00f3n registramos este lunes y esperamos que en unos meses sea la ley de todos los aragoneses. Nuestros aut\u00f3nomos merecen apoyo con m\u00e1s rasmia en materias clave como la financiaci\u00f3n, la segunda oportunidad, la creaci\u00f3n del empleo de calidad para la vertebraci\u00f3n del territorio y la lucha contra falsos aut\u00f3nomos.<\/p>\n<p>Con Rajoy en el Gobierno, seguiremos sin cuotas justas y progresivas en funci\u00f3n de la recaudaci\u00f3n, sin altas gratuitas para quienes empiezan, sin l\u00edmites a la responsabilidad de aut\u00f3nomos ante deudas, sin una verdadera Ley de Segunda Oportunidad&#8230;. pero al menos en Arag\u00f3n no dejamos pasar el tiempo y ya tenemos un texto desde el que trabajar por los trabajadores y profesionales aut\u00f3nomos, dentro de las competencias propias aragonesas.<\/p>\n<p>(En la foto, con \u00c1lvaro Baj\u00e9n de UPTA, uno de los colectivos de aut\u00f3nomos que han empujado esta ley, trabajo en equipo con profesionales y personas de Podemos Arag\u00f3n).<\/p>","protected":false},"excerpt":{"rendered":"<p>Todos los partidos dicen defender a trabajadores aut\u00f3nomos y emprendedores. Pero en 3 a\u00f1os de legislatura en Arag\u00f3n nadie registraba [&hellip;]<\/p>\n","protected":false},"author":1,"featured_media":36,"comment_status":"open","ping_status":"closed","sticky":false,"template":"","format":"standard","meta":{"site-sidebar-layout":"default","site-content-layout":"","ast-site-content-layout":"default","site-content-style":"default","site-sidebar-style":"default","ast-global-header-display":"","ast-banner-title-visibility":"","ast-main-header-display":"","ast-hfb-above-header-display":"","ast-hfb-below-header-display":"","ast-hfb-mobile-header-display":"","site-post-title":"","ast-breadcrumbs-content":"","ast-featured-img":"","footer-sml-layout":"","ast-disable-related-posts":"","theme-transparent-header-meta":"","adv-header-id-meta":"","stick-header-meta":"","header-above-stick-meta":"","header-main-stick-meta":"","header-below-stick-meta":"","astra-migrate-meta-layouts":"default","ast-page-background-enabled":"default","ast-page-background-meta":{"desktop":{"background-color":"","background-image":"","background-repeat":"repeat","background-position":"center center","background-size":"auto","background-attachment":"scroll","background-type":"","background-media":"","overlay-type":"","overlay-color":"","overlay-opacity":"","overlay-gradient":""},"tablet":{"background-color":"","background-image":"","background-repeat":"repeat","background-position":"center center","background-size":"auto","background-attachment":"scroll","background-type":"","background-media":"","overlay-type":"","overlay-color":"","overlay-opacity":"","overlay-gradient":""},"mobile":{"background-color":"","background-image":"","background-repeat":"repeat","background-position":"center center","background-size":"auto","background-attachment":"scroll","background-type":"","background-media":"","overlay-type":"","overlay-color":"","overlay-opacity":"","overlay-gradient":""}},"ast-content-background-meta":{"desktop":{"background-color":"var(--ast-global-color-5)","background-image":"","background-repeat":"repeat","background-position":"center center","background-size":"auto","background-attachment":"scroll","background-type":"","background-media":"","overlay-type":"","overlay-color":"","overlay-opacity":"","overlay-gradient":""},"tablet":{"background-color":"var(--ast-global-color-5)","background-image":"","background-repeat":"repeat","background-position":"center center","background-size":"auto","background-attachment":"scroll","background-type":"","background-media":"","overlay-type":"","overlay-color":"","overlay-opacity":"","overlay-gradient":""},"mobile":{"background-color":"var(--ast-global-color-5)","background-image":"","background-repeat":"repeat","background-position":"center center","background-size":"auto","background-attachment":"scroll","background-type":"","background-media":"","overlay-type":"","overlay-color":"","overlay-opacity":"","overlay-gradient":""}},"_joinchat":[],"footnotes":""},"categories":[23],"tags":[],"class_list":["post-35","post","type-post","status-publish","format-standard","has-post-thumbnail","hentry","category-sembrando"],"_links":{"self":[{"href":"https:\/\/nachoescartin.es\/an\/wp-json\/wp\/v2\/posts\/35","targetHints":{"allow":["GET"]}}],"collection":[{"href":"https:\/\/nachoescartin.es\/an\/wp-json\/wp\/v2\/posts"}],"about":[{"href":"https:\/\/nachoescartin.es\/an\/wp-json\/wp\/v2\/types\/post"}],"author":[{"embeddable":true,"href":"https:\/\/nachoescartin.es\/an\/wp-json\/wp\/v2\/users\/1"}],"replies":[{"embeddable":true,"href":"https:\/\/nachoescartin.es\/an\/wp-json\/wp\/v2\/comments?post=35"}],"version-history":[{"count":0,"href":"https:\/\/nachoescartin.es\/an\/wp-json\/wp\/v2\/posts\/35\/revisions"}],"wp:featuredmedia":[{"embeddable":true,"href":"https:\/\/nachoescartin.es\/an\/wp-json\/wp\/v2\/media\/36"}],"wp:attachment":[{"href":"https:\/\/nachoescartin.es\/an\/wp-json\/wp\/v2\/media?parent=35"}],"wp:term":[{"taxonomy":"category","embeddable":true,"href":"https:\/\/nachoescartin.es\/an\/wp-json\/wp\/v2\/categories?post=35"},{"taxonomy":"post_tag","embeddable":true,"href":"https:\/\/nachoescartin.es\/an\/wp-json\/wp\/v2\/tags?post=35"}],"curies":[{"name":"wp","href":"https:\/\/api.w.org\/{rel}","templated":true}]}}