{"id":3484,"date":"2025-10-15T11:05:36","date_gmt":"2025-10-15T11:05:36","guid":{"rendered":"https:\/\/nachoescartin.es\/?p=3484"},"modified":"2025-10-15T11:07:10","modified_gmt":"2025-10-15T11:07:10","slug":"paula-de-isabel-allende","status":"publish","type":"post","link":"https:\/\/nachoescartin.es\/an\/paula-de-isabel-allende\/","title":{"rendered":"\u201cPaula\u201d de Isabel Allende"},"content":{"rendered":"<p><\/p>\n\n\n\n<p>Paula qued\u00f3 en coma con 28 a\u00f1os y ah\u00ed termin\u00f3 su comunicaci\u00f3n con el mundo. Su madre, Isabel Allende, comenz\u00f3 a escribirle. Durante toda su vida, Allende escribi\u00f3, envi\u00f3 y guard\u00f3 cartas con su mam\u00e1 y muchos de sus familiares. Y, en este dur\u00edsimo trance, comenzaba una comunicaci\u00f3n sin vuelta, una experiencia terrible en la que la escritura serv\u00eda de terapia y esperanza, para contar a su hija callada lo que tal vez alg\u00fan d\u00eda podr\u00eda leer y comentar.<\/p>\n\n\n\n<p>Isabel Allende nos cuenta c\u00f3mo evoluciona la vida de Paula y, con ella, c\u00f3mo se desarrollan los acontecimientos. Y, al mismo tiempo, le relata a ella y con la publicaci\u00f3n de este libro a todas nosotras, las vivencias de su familia, una familia como otra cualquiera, atravesada por sus relaciones personales y por los acontecimientos sociales y pol\u00edticos que les toca vivir. Una familia como otra cualquiera y, al mismo tiempo, una familia impregnada de cierto modo por esa mirada m\u00e1gica, en la que la conexi\u00f3n entre las personas va m\u00e1s all\u00e1 de lo material y se impregna de matices espirituales y una amplia gama de sensaciones intensas. Pura vida.<\/p>\n\n\n\n<p>Isabel, sobrina de Salvador Allende, narra el Chile de aquellos a\u00f1os de su infancia y juventud, para tornar en el terror\u00edfico golpe de estado y dictadura de Augusto Pinochet. Con \u00e9l, llega el miedo, la represi\u00f3n, el exilio, la separaci\u00f3n y la continuidad de la vida lejos de su patria. Junto al lecho de Paula, Isabel nos cuenta la historia de su familia, de hombres, mujeres, cuerpos y esp\u00edritus.<\/p>\n\n\n\n<p>\u201cPaula\u201d es un libro conmovedor y precioso. 433 p\u00e1ginas emocionantes e intensas, editadas por Plaza&amp;Jan\u00e9s, expresadas con una prosa brillante y riqu\u00edsima en la descripci\u00f3n de situaciones, lugares y personajes. Una novela autobiogr\u00e1fica sobrebuena, que os recomiento much\u00edsimo, un cl\u00e1sico de la literatura en castellano, que tendremos el placer de comentar y compartir en el Club de Lectura de Nuez de Ebro. Hac\u00eda muchos a\u00f1os, casi 30, desde que le\u00ed \u00abEva Luna\u00bb y \u00abCuentos de Eva Luna\u00bb, as\u00ed que \u00a1vamos a por otros libros de Isabel Allende! <\/p>","protected":false},"excerpt":{"rendered":"<p>Paula qued\u00f3 en coma con 28 a\u00f1os y ah\u00ed termin\u00f3 su comunicaci\u00f3n con el mundo. Su madre, Isabel Allende, comenz\u00f3 [&hellip;]<\/p>\n","protected":false},"author":2,"featured_media":3485,"comment_status":"open","ping_status":"closed","sticky":false,"template":"","format":"standard","meta":{"site-sidebar-layout":"default","site-content-layout":"","ast-site-content-layout":"default","site-content-style":"default","site-sidebar-style":"default","ast-global-header-display":"","ast-banner-title-visibility":"","ast-main-header-display":"","ast-hfb-above-header-display":"","ast-hfb-below-header-display":"","ast-hfb-mobile-header-display":"","site-post-title":"","ast-breadcrumbs-content":"","ast-featured-img":"","footer-sml-layout":"","ast-disable-related-posts":"","theme-transparent-header-meta":"","adv-header-id-meta":"","stick-header-meta":"","header-above-stick-meta":"","header-main-stick-meta":"","header-below-stick-meta":"","astra-migrate-meta-layouts":"set","ast-page-background-enabled":"default","ast-page-background-meta":{"desktop":{"background-color":"","background-image":"","background-repeat":"repeat","background-position":"center center","background-size":"auto","background-attachment":"scroll","background-type":"","background-media":"","overlay-type":"","overlay-color":"","overlay-opacity":"","overlay-gradient":""},"tablet":{"background-color":"","background-image":"","background-repeat":"repeat","background-position":"center center","background-size":"auto","background-attachment":"scroll","background-type":"","background-media":"","overlay-type":"","overlay-color":"","overlay-opacity":"","overlay-gradient":""},"mobile":{"background-color":"","background-image":"","background-repeat":"repeat","background-position":"center center","background-size":"auto","background-attachment":"scroll","background-type":"","background-media":"","overlay-type":"","overlay-color":"","overlay-opacity":"","overlay-gradient":""}},"ast-content-background-meta":{"desktop":{"background-color":"var(--ast-global-color-5)","background-image":"","background-repeat":"repeat","background-position":"center center","background-size":"auto","background-attachment":"scroll","background-type":"","background-media":"","overlay-type":"","overlay-color":"","overlay-opacity":"","overlay-gradient":""},"tablet":{"background-color":"var(--ast-global-color-5)","background-image":"","background-repeat":"repeat","background-position":"center center","background-size":"auto","background-attachment":"scroll","background-type":"","background-media":"","overlay-type":"","overlay-color":"","overlay-opacity":"","overlay-gradient":""},"mobile":{"background-color":"var(--ast-global-color-5)","background-image":"","background-repeat":"repeat","background-position":"center center","background-size":"auto","background-attachment":"scroll","background-type":"","background-media":"","overlay-type":"","overlay-color":"","overlay-opacity":"","overlay-gradient":""}},"_joinchat":[],"footnotes":""},"categories":[1],"tags":[401,386,182,183,379,133,125,135],"class_list":["post-3484","post","type-post","status-publish","format-standard","has-post-thumbnail","hentry","category-blog","tag-autobiografia","tag-chile","tag-democracia","tag-dictadura","tag-enfermedad","tag-libro","tag-novela","tag-salud"],"_links":{"self":[{"href":"https:\/\/nachoescartin.es\/an\/wp-json\/wp\/v2\/posts\/3484","targetHints":{"allow":["GET"]}}],"collection":[{"href":"https:\/\/nachoescartin.es\/an\/wp-json\/wp\/v2\/posts"}],"about":[{"href":"https:\/\/nachoescartin.es\/an\/wp-json\/wp\/v2\/types\/post"}],"author":[{"embeddable":true,"href":"https:\/\/nachoescartin.es\/an\/wp-json\/wp\/v2\/users\/2"}],"replies":[{"embeddable":true,"href":"https:\/\/nachoescartin.es\/an\/wp-json\/wp\/v2\/comments?post=3484"}],"version-history":[{"count":1,"href":"https:\/\/nachoescartin.es\/an\/wp-json\/wp\/v2\/posts\/3484\/revisions"}],"predecessor-version":[{"id":3486,"href":"https:\/\/nachoescartin.es\/an\/wp-json\/wp\/v2\/posts\/3484\/revisions\/3486"}],"wp:featuredmedia":[{"embeddable":true,"href":"https:\/\/nachoescartin.es\/an\/wp-json\/wp\/v2\/media\/3485"}],"wp:attachment":[{"href":"https:\/\/nachoescartin.es\/an\/wp-json\/wp\/v2\/media?parent=3484"}],"wp:term":[{"taxonomy":"category","embeddable":true,"href":"https:\/\/nachoescartin.es\/an\/wp-json\/wp\/v2\/categories?post=3484"},{"taxonomy":"post_tag","embeddable":true,"href":"https:\/\/nachoescartin.es\/an\/wp-json\/wp\/v2\/tags?post=3484"}],"curies":[{"name":"wp","href":"https:\/\/api.w.org\/{rel}","templated":true}]}}