{"id":3453,"date":"2025-09-04T14:46:17","date_gmt":"2025-09-04T14:46:17","guid":{"rendered":"https:\/\/nachoescartin.es\/?p=3453"},"modified":"2025-09-04T14:46:20","modified_gmt":"2025-09-04T14:46:20","slug":"boletin-del-escartin-4-especial-vuelta-al-cole","status":"publish","type":"post","link":"https:\/\/nachoescartin.es\/an\/boletin-del-escartin-4-especial-vuelta-al-cole\/","title":{"rendered":"Bolet\u00edn del Escart\u00edn (4). Especial vuelta al cole."},"content":{"rendered":"<p><\/p>\n\n\n\n<p>\u00bfQu\u00e9 tal est\u00e1is? \u00a1Espero que lo mejor posible! Ha sido un verano atravesado por la crueldad impune del ej\u00e9rcito de Israel contra la gente de Palestina y la creciente solidaridad de la gente (como estamos viendo cada d\u00eda en La Vuelta), por los enormes incendios que arden en Espa\u00f1a y por la muerte de Javier Lamb\u00e1n, presidente de Arag\u00f3n con el que compart\u00ed intensos a\u00f1os pol\u00edticos, de discrepancias y acuerdos. <\/p>\n\n\n\n<p>En nuestra familia, el verano ha sido especial porque hemos acogido a una ni\u00f1a saharaui, que vive en un campamento de refugiados en Argelia desde que Marruecos invadi\u00f3 y ocup\u00f3 de forma ilegal el S\u00e1hara occidental y expuls\u00f3 a su leg\u00edtima poblaci\u00f3n. Un ejemplo m\u00e1s de la codicia imperialista de un mundo en el que unos pocos pretenden vivir mejor a costa de los dem\u00e1s, de los territorios y de la naturaleza, que es de todos. \u201c<strong><a href=\"https:\/\/www.asoc.umdraiga.com\/vacaciones-en-paz\/\" target=\"_blank\" rel=\"noopener\">Vacaciones en Paz<\/a><\/strong>\u201d es un programa de solidaridad que lleva muchos a\u00f1os y en el que familias espa\u00f1olas (como otras europeas) acogemos durante unas semanas a ni\u00f1os y ni\u00f1as que salen por un tiempo del inh\u00f3spito y caluros\u00edsimo desierto. Para nosotras, ha sido una experiencia muy intensa, de disfrute y convivencia, con familiares y amigas a quienes tenemos que estar muy agradecidas por su implicaci\u00f3n y apoyo mutuo. Ha servido de acicate para que <strong><a href=\"https:\/\/www.asoc.umdraiga.com\/\" target=\"_blank\" rel=\"noopener\">nos impliquemos m\u00e1s<\/a><\/strong> en la presi\u00f3n al Reino de Marruecos invasor y a los sucesivos gobiernos de Espa\u00f1a que han permitido semejante injusticia con el pueblo saharaui.<\/p>\n\n\n\n<p>Tengo la suerte de poder teletrabajar muchos d\u00edas\u2026 \u00a1pero no solo! Como el verano pasado, volv\u00ed a dinamizar un taller de radio y podcast para las 70 ni\u00f1as y ni\u00f1os del campamento de Ecologistas en Acci\u00f3n en Mas de Noguera, cerca de Caudiel (Castell\u00f3). \u201cEl Mas y mucho m\u00e1s\u201d volvi\u00f3 a ser una experiencia maravillosa de creatividad en equipo y construcci\u00f3n de un lenguaje sonoro propio, en un podcast grabado y editado en una sola tarde.<strong><a href=\"https:\/\/nachoescartin.es\/an\/escucha-los-podcast-que-hemos-hecho-en-el-campamento-de-ecologistas-en-accion-en-mas-de-noguera\/\"> \u00a1Pod\u00e9is escucharlo aqu\u00ed!<\/a><\/strong><\/p>\n\n\n\n<p>Y la segunda quincena de julio volv\u00ed a trabajar en la coordinaci\u00f3n de la <strong><a href=\"https:\/\/www.ecologistasenaccion.org\/342352\/ecomarcha-de-verano-2025-gotes-desperanca-onades-de-canvi\/\" target=\"_blank\" rel=\"noopener\">Ecomarcha en bicicleta de Ecologistas en Acci\u00f3n<\/a>.<\/strong> Ya van muchas ediciones de este proyecto colectivo que tuve la suerte de acompa\u00f1ar en sus primeros pasos y que ahora tambi\u00e9n forma parte de m\u00ed, junto a cientos de personas que durante unos d\u00edas o unas semanas de sus vacaciones, deciden compartir un viaje en grupo para conocer espacios naturales cercanos y preciosos, fortalecer las luchas locales y gozar de unos d\u00edas de convivencia. En esta ocasi\u00f3n, pedaleamos un recorrido que nos llev\u00f3 desde las cooperativas transformadoras de Barcelona a las luchas por el territorio y el medio ambiente de Girona y la Costa Brava, para continuar desde el nacimiento del r\u00edo Llobregat hasta su desembocadura en El Prat, otro ejemplo de lugar maravilloso y amenazado por la codicia de un sistema capitalista que no tiene fin en su voracidad, en este caso para la <a href=\"https:\/\/www.ecologistasenaccion.org\/345748\/una-concentracio-contra-lampliacio-de-laeroport-del-prat-tanca-lecomarxa\/\" target=\"_blank\" rel=\"noopener\">ampliaci\u00f3n del aeropuerto de Barcelona<\/a>.<\/p>\n\n\n\n<p>Este curso lo empezamos con muchas ganas y energ\u00eda, para seguir aportando desde nuestra alegr\u00eda y experiencias en la construcci\u00f3n de un mundo mejor. De una parte, \u00a1ya pod\u00e9is contactarme para organizar cursos de radio y de podcast, en el formato y al nivel que dese\u00e9is! Si est\u00e1s implicado en un colegio, instituto, universidad, biblioteca, entidad, colectivo o instituci\u00f3n, no dudes en contactarme en <a href=\"mailto:laenredadera@nodo50.org\">laenredadera@nodo50.org<\/a> porque me encantar\u00eda ir a tu centro, barrio o pueblo, para seguir explorando juntos el universo de la comunicaci\u00f3n sonora. Sin ir m\u00e1s lejos, <strong><a href=\"https:\/\/blogampagasconymarin.blogspot.com\/2025\/09\/actividades-extraescolares-20252026.html\" target=\"_blank\" rel=\"noopener\">el colegio p\u00fablico Gasc\u00f3n y Mar\u00edn ya ha ofrecido la actividad de radio<\/a><\/strong>, como el curso pasado. <\/p>\n\n\n\n<p>Por otra, sigo implicado en dos proyectos de Ecologistas en Acci\u00f3n, en los que tenemos mucha faena por delante: La deforestaci\u00f3n vinculada a la importaci\u00f3n de materias primas como la soja, el ganado, el caf\u00e9, el cacao, la madera o el aceite de palma, entre otras, necesitan una regulaci\u00f3n que impida que se sigan destruyendo los bosques del mundo. \u00a1En Espa\u00f1a y en Europa tenemos que hacer nuestra parte! Te invito a que sigas con atenci\u00f3n lo que hacemos en la <a href=\"https:\/\/alianzacerodeforestacion.org\/\" target=\"_blank\" rel=\"noopener\">Alianza Cero Deforestaci\u00f3n<\/a>, como la <strong><a href=\"https:\/\/nachoescartin.es\/an\/entrevista-sobre-deforestacion-en-la-ventana-de-la-cadena-ser\/\">entrevista que realizamos este verano en \u201cLa Ventana\u201d de la cadena SER<\/a><\/strong>. Y sigo implicado en la agroecolog\u00eda, el sector primario y las buenas pr\u00e1cticas agroalimentarias, que pongan freno a la tremenda contaminaci\u00f3n por metano, las macrogranjas y un mont\u00f3n de barbaridades, y seamos capaces de preservar la tierra, el agua, la biodiversidad y la vida a trav\u00e9s de una agricultura y una agricultura sanas, que llenen los pueblos y produzcan comida saludable y cercana. Empezamos el verano presentando una serie de canciones del verano de los #EcoFruitis, que tuvieron gran impacto en las redes sociales, con los temazos de la <strong><a href=\"https:\/\/www.google.com\/url?sa=t&amp;source=web&amp;rct=j&amp;opi=89978449&amp;url=https:\/\/www.youtube.com\/shorts\/7sKHMT_RYPw&amp;ved=2ahUKEwj0r_jkqb-PAxUvV6QEHSFmEVQQwqsBegQIGBAH&amp;usg=AOvVaw3v_VG6Nj5eMcehVHnatS_H\" target=\"_blank\" rel=\"noopener\">fresa<\/a><\/strong>, el <a href=\"https:\/\/www.google.com\/url?sa=t&amp;source=web&amp;rct=j&amp;opi=89978449&amp;url=https:\/\/www.youtube.com\/shorts\/6Hpwzzatzu8&amp;ved=2ahUKEwj0r_jkqb-PAxUvV6QEHSFmEVQQwqsBegQIFhAH&amp;usg=AOvVaw17lhKS4N5R6_w2iDVsknGO\" target=\"_blank\" rel=\"noopener\"><strong>tomate<\/strong><\/a> y la <strong><a href=\"https:\/\/www.google.com\/url?sa=t&amp;source=web&amp;rct=j&amp;opi=89978449&amp;url=https:\/\/www.youtube.com\/shorts\/t7x4lQBCn4c&amp;ved=2ahUKEwj0r_jkqb-PAxUvV6QEHSFmEVQQwqsBegQIFRAH&amp;usg=AOvVaw22YzvCXoH5b7kwDAxH0iwO\" target=\"_blank\" rel=\"noopener\">soja<\/a><\/strong>. Ahora mismo estamos impulsando un plan para la reducci\u00f3n de la contaminaci\u00f3n por metano, la construcci\u00f3n de una coordinadora europea contra el modelo insostenible de ganader\u00eda industrial y esta campa\u00f1a para presionar a la Comisi\u00f3n Europea para que no recorte las normativas que protegen la naturaleza, y a la que <strong><a href=\"https:\/\/www.ecologistasenaccion.org\/346858\/quitad-vuestras-manos-de-la-naturaleza\/\" target=\"_blank\" rel=\"noopener\">os animo a participar sencillamente con vuestra firma aqu\u00ed<\/a><\/strong>.<\/p>\n\n\n\n<p>Tengo muchas m\u00e1s cosas y proyectos que me rondan la cabeza pero, como siempre, no quiero ser m\u00e1s brasas de lo que ya soy. Acabo aqu\u00ed y deseo que nos encontremos en las luchas, las esperanzas y los buenos momentos compartidos. Abrazos, salud y feliz vuelta al cole.<\/p>\n\n\n\n<figure class=\"wp-block-gallery has-nested-images columns-default is-cropped wp-block-gallery-1 is-layout-flex wp-block-gallery-is-layout-flex\">\n<figure class=\"wp-block-image size-full\"><img fetchpriority=\"high\" decoding=\"async\" width=\"980\" height=\"653\" data-id=\"3454\" src=\"https:\/\/nachoescartin.es\/wp-content\/uploads\/2025\/09\/photo_2025-09-04_16-40-55.jpg\" alt=\"\" class=\"wp-image-3454\" srcset=\"https:\/\/nachoescartin.es\/wp-content\/uploads\/2025\/09\/photo_2025-09-04_16-40-55.jpg 980w, https:\/\/nachoescartin.es\/wp-content\/uploads\/2025\/09\/photo_2025-09-04_16-40-55-300x200.jpg 300w, https:\/\/nachoescartin.es\/wp-content\/uploads\/2025\/09\/photo_2025-09-04_16-40-55-768x512.jpg 768w, https:\/\/nachoescartin.es\/wp-content\/uploads\/2025\/09\/photo_2025-09-04_16-40-55-18x12.jpg 18w\" sizes=\"(max-width: 980px) 100vw, 980px\" \/><\/figure>\n<\/figure>\n\n\n\n<figure class=\"wp-block-image size-large\"><img decoding=\"async\" width=\"1024\" height=\"576\" src=\"https:\/\/nachoescartin.es\/wp-content\/uploads\/2025\/09\/photo_2025-09-04_16-39-06-1024x576.jpg\" alt=\"\" class=\"wp-image-3455\" srcset=\"https:\/\/nachoescartin.es\/wp-content\/uploads\/2025\/09\/photo_2025-09-04_16-39-06-1024x576.jpg 1024w, https:\/\/nachoescartin.es\/wp-content\/uploads\/2025\/09\/photo_2025-09-04_16-39-06-300x169.jpg 300w, https:\/\/nachoescartin.es\/wp-content\/uploads\/2025\/09\/photo_2025-09-04_16-39-06-768x432.jpg 768w, https:\/\/nachoescartin.es\/wp-content\/uploads\/2025\/09\/photo_2025-09-04_16-39-06-18x10.jpg 18w, https:\/\/nachoescartin.es\/wp-content\/uploads\/2025\/09\/photo_2025-09-04_16-39-06.jpg 1280w\" sizes=\"(max-width: 1024px) 100vw, 1024px\" \/><\/figure>\n\n\n\n<figure class=\"wp-block-image size-large\"><img decoding=\"async\" width=\"1024\" height=\"681\" src=\"https:\/\/nachoescartin.es\/wp-content\/uploads\/2025\/09\/photo_2025-09-03_22-12-23-1024x681.jpg\" alt=\"\" class=\"wp-image-3456\" srcset=\"https:\/\/nachoescartin.es\/wp-content\/uploads\/2025\/09\/photo_2025-09-03_22-12-23-1024x681.jpg 1024w, https:\/\/nachoescartin.es\/wp-content\/uploads\/2025\/09\/photo_2025-09-03_22-12-23-300x199.jpg 300w, https:\/\/nachoescartin.es\/wp-content\/uploads\/2025\/09\/photo_2025-09-03_22-12-23-768x511.jpg 768w, https:\/\/nachoescartin.es\/wp-content\/uploads\/2025\/09\/photo_2025-09-03_22-12-23-18x12.jpg 18w, https:\/\/nachoescartin.es\/wp-content\/uploads\/2025\/09\/photo_2025-09-03_22-12-23.jpg 1280w\" sizes=\"(max-width: 1024px) 100vw, 1024px\" \/><\/figure>\n\n\n\n<figure class=\"wp-block-image size-large\"><img loading=\"lazy\" decoding=\"async\" width=\"768\" height=\"1024\" src=\"https:\/\/nachoescartin.es\/wp-content\/uploads\/2025\/09\/photo_2025-09-03_22-01-56-768x1024.jpg\" alt=\"\" class=\"wp-image-3457\" srcset=\"https:\/\/nachoescartin.es\/wp-content\/uploads\/2025\/09\/photo_2025-09-03_22-01-56-768x1024.jpg 768w, https:\/\/nachoescartin.es\/wp-content\/uploads\/2025\/09\/photo_2025-09-03_22-01-56-225x300.jpg 225w, https:\/\/nachoescartin.es\/wp-content\/uploads\/2025\/09\/photo_2025-09-03_22-01-56-9x12.jpg 9w, https:\/\/nachoescartin.es\/wp-content\/uploads\/2025\/09\/photo_2025-09-03_22-01-56.jpg 960w\" sizes=\"(max-width: 768px) 100vw, 768px\" \/><\/figure>\n\n\n\n<figure class=\"wp-block-image size-large\"><img loading=\"lazy\" decoding=\"async\" width=\"1024\" height=\"576\" src=\"https:\/\/nachoescartin.es\/wp-content\/uploads\/2025\/09\/photo_2025-09-04_16-39-40-1024x576.jpg\" alt=\"\" class=\"wp-image-3459\" srcset=\"https:\/\/nachoescartin.es\/wp-content\/uploads\/2025\/09\/photo_2025-09-04_16-39-40-1024x576.jpg 1024w, https:\/\/nachoescartin.es\/wp-content\/uploads\/2025\/09\/photo_2025-09-04_16-39-40-300x169.jpg 300w, https:\/\/nachoescartin.es\/wp-content\/uploads\/2025\/09\/photo_2025-09-04_16-39-40-768x432.jpg 768w, https:\/\/nachoescartin.es\/wp-content\/uploads\/2025\/09\/photo_2025-09-04_16-39-40-18x10.jpg 18w, https:\/\/nachoescartin.es\/wp-content\/uploads\/2025\/09\/photo_2025-09-04_16-39-40.jpg 1280w\" sizes=\"(max-width: 1024px) 100vw, 1024px\" \/><\/figure>\n\n\n\n<figure class=\"wp-block-image size-large\"><img loading=\"lazy\" decoding=\"async\" width=\"1024\" height=\"576\" src=\"https:\/\/nachoescartin.es\/wp-content\/uploads\/2025\/09\/photo_2025-09-04_16-37-57-1024x576.jpg\" alt=\"\" class=\"wp-image-3460\" srcset=\"https:\/\/nachoescartin.es\/wp-content\/uploads\/2025\/09\/photo_2025-09-04_16-37-57-1024x576.jpg 1024w, https:\/\/nachoescartin.es\/wp-content\/uploads\/2025\/09\/photo_2025-09-04_16-37-57-300x169.jpg 300w, https:\/\/nachoescartin.es\/wp-content\/uploads\/2025\/09\/photo_2025-09-04_16-37-57-768x432.jpg 768w, https:\/\/nachoescartin.es\/wp-content\/uploads\/2025\/09\/photo_2025-09-04_16-37-57-18x10.jpg 18w, https:\/\/nachoescartin.es\/wp-content\/uploads\/2025\/09\/photo_2025-09-04_16-37-57.jpg 1280w\" sizes=\"(max-width: 1024px) 100vw, 1024px\" \/><\/figure>\n\n\n\n<figure class=\"wp-block-gallery has-nested-images columns-default is-cropped wp-block-gallery-2 is-layout-flex wp-block-gallery-is-layout-flex\">\n<figure class=\"wp-block-image size-large\"><img loading=\"lazy\" decoding=\"async\" width=\"1024\" height=\"770\" data-id=\"3461\" src=\"https:\/\/nachoescartin.es\/wp-content\/uploads\/2025\/09\/photo_2025-09-03_22-12-39-1024x770.jpg\" alt=\"\" class=\"wp-image-3461\" srcset=\"https:\/\/nachoescartin.es\/wp-content\/uploads\/2025\/09\/photo_2025-09-03_22-12-39-1024x770.jpg 1024w, https:\/\/nachoescartin.es\/wp-content\/uploads\/2025\/09\/photo_2025-09-03_22-12-39-300x226.jpg 300w, https:\/\/nachoescartin.es\/wp-content\/uploads\/2025\/09\/photo_2025-09-03_22-12-39-768x578.jpg 768w, https:\/\/nachoescartin.es\/wp-content\/uploads\/2025\/09\/photo_2025-09-03_22-12-39-16x12.jpg 16w, https:\/\/nachoescartin.es\/wp-content\/uploads\/2025\/09\/photo_2025-09-03_22-12-39.jpg 1280w\" sizes=\"(max-width: 1024px) 100vw, 1024px\" \/><\/figure>\n<\/figure>","protected":false},"excerpt":{"rendered":"<p>\u00bfQu\u00e9 tal est\u00e1is? \u00a1Espero que lo mejor posible! Ha sido un verano atravesado por la crueldad impune del ej\u00e9rcito de [&hellip;]<\/p>\n","protected":false},"author":2,"featured_media":3458,"comment_status":"open","ping_status":"closed","sticky":false,"template":"","format":"standard","meta":{"site-sidebar-layout":"default","site-content-layout":"","ast-site-content-layout":"default","site-content-style":"default","site-sidebar-style":"default","ast-global-header-display":"","ast-banner-title-visibility":"","ast-main-header-display":"","ast-hfb-above-header-display":"","ast-hfb-below-header-display":"","ast-hfb-mobile-header-display":"","site-post-title":"","ast-breadcrumbs-content":"","ast-featured-img":"","footer-sml-layout":"","ast-disable-related-posts":"","theme-transparent-header-meta":"","adv-header-id-meta":"","stick-header-meta":"","header-above-stick-meta":"","header-main-stick-meta":"","header-below-stick-meta":"","astra-migrate-meta-layouts":"set","ast-page-background-enabled":"default","ast-page-background-meta":{"desktop":{"background-color":"","background-image":"","background-repeat":"repeat","background-position":"center center","background-size":"auto","background-attachment":"scroll","background-type":"","background-media":"","overlay-type":"","overlay-color":"","overlay-opacity":"","overlay-gradient":""},"tablet":{"background-color":"","background-image":"","background-repeat":"repeat","background-position":"center center","background-size":"auto","background-attachment":"scroll","background-type":"","background-media":"","overlay-type":"","overlay-color":"","overlay-opacity":"","overlay-gradient":""},"mobile":{"background-color":"","background-image":"","background-repeat":"repeat","background-position":"center center","background-size":"auto","background-attachment":"scroll","background-type":"","background-media":"","overlay-type":"","overlay-color":"","overlay-opacity":"","overlay-gradient":""}},"ast-content-background-meta":{"desktop":{"background-color":"var(--ast-global-color-5)","background-image":"","background-repeat":"repeat","background-position":"center center","background-size":"auto","background-attachment":"scroll","background-type":"","background-media":"","overlay-type":"","overlay-color":"","overlay-opacity":"","overlay-gradient":""},"tablet":{"background-color":"var(--ast-global-color-5)","background-image":"","background-repeat":"repeat","background-position":"center center","background-size":"auto","background-attachment":"scroll","background-type":"","background-media":"","overlay-type":"","overlay-color":"","overlay-opacity":"","overlay-gradient":""},"mobile":{"background-color":"var(--ast-global-color-5)","background-image":"","background-repeat":"repeat","background-position":"center center","background-size":"auto","background-attachment":"scroll","background-type":"","background-media":"","overlay-type":"","overlay-color":"","overlay-opacity":"","overlay-gradient":""}},"_joinchat":[],"footnotes":""},"categories":[1],"tags":[],"class_list":["post-3453","post","type-post","status-publish","format-standard","has-post-thumbnail","hentry","category-blog"],"_links":{"self":[{"href":"https:\/\/nachoescartin.es\/an\/wp-json\/wp\/v2\/posts\/3453","targetHints":{"allow":["GET"]}}],"collection":[{"href":"https:\/\/nachoescartin.es\/an\/wp-json\/wp\/v2\/posts"}],"about":[{"href":"https:\/\/nachoescartin.es\/an\/wp-json\/wp\/v2\/types\/post"}],"author":[{"embeddable":true,"href":"https:\/\/nachoescartin.es\/an\/wp-json\/wp\/v2\/users\/2"}],"replies":[{"embeddable":true,"href":"https:\/\/nachoescartin.es\/an\/wp-json\/wp\/v2\/comments?post=3453"}],"version-history":[{"count":1,"href":"https:\/\/nachoescartin.es\/an\/wp-json\/wp\/v2\/posts\/3453\/revisions"}],"predecessor-version":[{"id":3462,"href":"https:\/\/nachoescartin.es\/an\/wp-json\/wp\/v2\/posts\/3453\/revisions\/3462"}],"wp:featuredmedia":[{"embeddable":true,"href":"https:\/\/nachoescartin.es\/an\/wp-json\/wp\/v2\/media\/3458"}],"wp:attachment":[{"href":"https:\/\/nachoescartin.es\/an\/wp-json\/wp\/v2\/media?parent=3453"}],"wp:term":[{"taxonomy":"category","embeddable":true,"href":"https:\/\/nachoescartin.es\/an\/wp-json\/wp\/v2\/categories?post=3453"},{"taxonomy":"post_tag","embeddable":true,"href":"https:\/\/nachoescartin.es\/an\/wp-json\/wp\/v2\/tags?post=3453"}],"curies":[{"name":"wp","href":"https:\/\/api.w.org\/{rel}","templated":true}]}}