{"id":3450,"date":"2025-08-27T14:29:44","date_gmt":"2025-08-27T14:29:44","guid":{"rendered":"https:\/\/nachoescartin.es\/?p=3450"},"modified":"2025-08-27T14:29:47","modified_gmt":"2025-08-27T14:29:47","slug":"entrevista-sobre-deforestacion-en-la-ventana-de-la-cadena-ser","status":"publish","type":"post","link":"https:\/\/nachoescartin.es\/an\/entrevista-sobre-deforestacion-en-la-ventana-de-la-cadena-ser\/","title":{"rendered":"Entrevista sobre deforestaci\u00f3n en \u00abLa Ventana\u00bb de la cadena SER"},"content":{"rendered":"<p>Este verano fui entrevistado en \u00abLa Ventana\u00bb de la cadena SER para informar de la <a href=\"https:\/\/www.ecologistasenaccion.org\/332970\/contrachapado-manchado-de-sangre-espana-segundo-destino-de-la-ue-de-madera-ilegal-rusa\/\" target=\"_blank\" rel=\"noopener\">investigaci\u00f3n de la organizaci\u00f3n brit\u00e1nica Earthsight<\/a> sobre la llegada a Espa\u00f1a de madera ilegal procedente de Rusia y de la necesidad de un reglamento efectivo que garantice que las materias primas que importa la Uni\u00f3n Europea no provengan de la deforestaci\u00f3n de los bosques del mundo. <\/p>\n\n\n\n<p>Os escucho a escuchar aqu\u00ed la <a href=\"https:\/\/open.spotify.com\/episode\/0agy6gL7KVsdIbGEXqqRFA?si=rSHq9VWlQUu-2eS-7D3N5A\" target=\"_blank\" rel=\"noopener\"><strong>entrevista realizada en \u00abLa Ventana\u00bb de la cadena SER (a partir del minuto 6.15).<\/strong><\/a><\/p>\n\n\n\n<figure class=\"wp-block-image size-full\"><img fetchpriority=\"high\" decoding=\"async\" width=\"768\" height=\"432\" src=\"https:\/\/nachoescartin.es\/wp-content\/uploads\/2025\/03\/en-cadena-ser-Nacho-Escartin-Lasierra.jpg\" alt=\"\" class=\"wp-image-2288\" srcset=\"https:\/\/nachoescartin.es\/wp-content\/uploads\/2025\/03\/en-cadena-ser-Nacho-Escartin-Lasierra.jpg 768w, https:\/\/nachoescartin.es\/wp-content\/uploads\/2025\/03\/en-cadena-ser-Nacho-Escartin-Lasierra-300x169.jpg 300w\" sizes=\"(max-width: 768px) 100vw, 768px\" \/><\/figure>","protected":false},"excerpt":{"rendered":"<p>Este verano fui entrevistado en \u00abLa Ventana\u00bb de la cadena SER para informar de la investigaci\u00f3n de la organizaci\u00f3n brit\u00e1nica [&hellip;]<\/p>\n","protected":false},"author":2,"featured_media":2288,"comment_status":"open","ping_status":"closed","sticky":false,"template":"","format":"standard","meta":{"site-sidebar-layout":"default","site-content-layout":"","ast-site-content-layout":"default","site-content-style":"default","site-sidebar-style":"default","ast-global-header-display":"","ast-banner-title-visibility":"","ast-main-header-display":"","ast-hfb-above-header-display":"","ast-hfb-below-header-display":"","ast-hfb-mobile-header-display":"","site-post-title":"","ast-breadcrumbs-content":"","ast-featured-img":"","footer-sml-layout":"","ast-disable-related-posts":"","theme-transparent-header-meta":"","adv-header-id-meta":"","stick-header-meta":"","header-above-stick-meta":"","header-main-stick-meta":"","header-below-stick-meta":"","astra-migrate-meta-layouts":"set","ast-page-background-enabled":"default","ast-page-background-meta":{"desktop":{"background-color":"","background-image":"","background-repeat":"repeat","background-position":"center center","background-size":"auto","background-attachment":"scroll","background-type":"","background-media":"","overlay-type":"","overlay-color":"","overlay-opacity":"","overlay-gradient":""},"tablet":{"background-color":"","background-image":"","background-repeat":"repeat","background-position":"center center","background-size":"auto","background-attachment":"scroll","background-type":"","background-media":"","overlay-type":"","overlay-color":"","overlay-opacity":"","overlay-gradient":""},"mobile":{"background-color":"","background-image":"","background-repeat":"repeat","background-position":"center center","background-size":"auto","background-attachment":"scroll","background-type":"","background-media":"","overlay-type":"","overlay-color":"","overlay-opacity":"","overlay-gradient":""}},"ast-content-background-meta":{"desktop":{"background-color":"var(--ast-global-color-5)","background-image":"","background-repeat":"repeat","background-position":"center center","background-size":"auto","background-attachment":"scroll","background-type":"","background-media":"","overlay-type":"","overlay-color":"","overlay-opacity":"","overlay-gradient":""},"tablet":{"background-color":"var(--ast-global-color-5)","background-image":"","background-repeat":"repeat","background-position":"center center","background-size":"auto","background-attachment":"scroll","background-type":"","background-media":"","overlay-type":"","overlay-color":"","overlay-opacity":"","overlay-gradient":""},"mobile":{"background-color":"var(--ast-global-color-5)","background-image":"","background-repeat":"repeat","background-position":"center center","background-size":"auto","background-attachment":"scroll","background-type":"","background-media":"","overlay-type":"","overlay-color":"","overlay-opacity":"","overlay-gradient":""}},"_joinchat":[],"footnotes":""},"categories":[1],"tags":[],"class_list":["post-3450","post","type-post","status-publish","format-standard","has-post-thumbnail","hentry","category-blog"],"_links":{"self":[{"href":"https:\/\/nachoescartin.es\/an\/wp-json\/wp\/v2\/posts\/3450","targetHints":{"allow":["GET"]}}],"collection":[{"href":"https:\/\/nachoescartin.es\/an\/wp-json\/wp\/v2\/posts"}],"about":[{"href":"https:\/\/nachoescartin.es\/an\/wp-json\/wp\/v2\/types\/post"}],"author":[{"embeddable":true,"href":"https:\/\/nachoescartin.es\/an\/wp-json\/wp\/v2\/users\/2"}],"replies":[{"embeddable":true,"href":"https:\/\/nachoescartin.es\/an\/wp-json\/wp\/v2\/comments?post=3450"}],"version-history":[{"count":1,"href":"https:\/\/nachoescartin.es\/an\/wp-json\/wp\/v2\/posts\/3450\/revisions"}],"predecessor-version":[{"id":3451,"href":"https:\/\/nachoescartin.es\/an\/wp-json\/wp\/v2\/posts\/3450\/revisions\/3451"}],"wp:featuredmedia":[{"embeddable":true,"href":"https:\/\/nachoescartin.es\/an\/wp-json\/wp\/v2\/media\/2288"}],"wp:attachment":[{"href":"https:\/\/nachoescartin.es\/an\/wp-json\/wp\/v2\/media?parent=3450"}],"wp:term":[{"taxonomy":"category","embeddable":true,"href":"https:\/\/nachoescartin.es\/an\/wp-json\/wp\/v2\/categories?post=3450"},{"taxonomy":"post_tag","embeddable":true,"href":"https:\/\/nachoescartin.es\/an\/wp-json\/wp\/v2\/tags?post=3450"}],"curies":[{"name":"wp","href":"https:\/\/api.w.org\/{rel}","templated":true}]}}