{"id":284,"date":"2018-08-17T13:37:25","date_gmt":"2018-08-17T13:37:25","guid":{"rendered":"https:\/\/nachoescartin.wordpress.com\/?p=284"},"modified":"2018-08-17T13:37:25","modified_gmt":"2018-08-17T13:37:25","slug":"ordesa-una-joya-natural-para-disfrutar-proteger-y-ampliar","status":"publish","type":"post","link":"https:\/\/nachoescartin.es\/an\/ordesa-una-joya-natural-para-disfrutar-proteger-y-ampliar\/","title":{"rendered":"Ordesa: una joya natural para disfrutar, proteger y ampliar"},"content":{"rendered":"<p>Celebramos los 100 a\u00f1os del Parque Nacional de Ordesa y Monte Perdido, un lugar maravilloso en el que se cumplen muchos sue\u00f1os de monta\u00f1a. Vecinos y turistas, monta\u00f1eses y monta\u00f1eros, tenemos una enorme suerte de vivir tan cerca de un lugar as\u00ed.<\/p>\n<p>Desgraciadamente, las celebraciones por su Centenario no est\u00e1n a la altura, acordes a la nula pol\u00edtica activa en la conservaci\u00f3n de la naturaleza. El Gobierno de Espa\u00f1a pr\u00e1cticamente ni aparece, el de Arag\u00f3n se ha limitado a recopilar patrocinadores (que logran as\u00ed desgravaciones fiscales) y, adem\u00e1s, anuncia en palabras del Consejero Olona que no tiene intenci\u00f3n alguna de ampliar el Parque. Tampoco anuncian inversiones, ni incentivos para los pueblos de la zona, ni participaci\u00f3n de quienes viven all\u00ed, para ampliar las buenas repercusiones econ\u00f3micas que tiene Ordesa en los valles que lo circundan.<\/p>\n<p>Para rematar los desprop\u00f3sitos, ayer Olona minti\u00f3 con respecto a la situaci\u00f3n de los trabajadores en el operativo de incendios y los Espacios Naturales. El Gobierno de Arag\u00f3n est\u00e1 incumpliendo los compromisos con Podemos porque dispone de presupuesto suficiente y detallado para mejorar las condiciones laborales del colectivo, as\u00ed como su calidad en el trabajo. Pero #LambanNOcumple porque la naturaleza, la ecolog\u00eda, la educaci\u00f3n ambiental y Ordesa les importa m\u00e1s bien poco. Est\u00e1n a otras cosas: electoralismo rampl\u00f3n y patada adelante. As\u00ed nos va.<\/p>\n<p>Convencido de los beneficios de conservar, ampliar, disfrutar y proteger Ordesa, celebramos los 100 a\u00f1os del Parque Nacional comprometidos en incrementar el patrimonio natural heradado, para que lo gocen los habitantes presentes y las generaciones venideras. Ecologistas en Acci\u00f3n lo explica fenomenla en este art\u00edculo: https:\/\/www.ecologistasenaccion.org\/?p=103173<\/p>","protected":false},"excerpt":{"rendered":"<p>Celebramos los 100 a\u00f1os del Parque Nacional de Ordesa y Monte Perdido, un lugar maravilloso en el que se cumplen [&hellip;]<\/p>\n","protected":false},"author":1,"featured_media":285,"comment_status":"open","ping_status":"closed","sticky":false,"template":"","format":"standard","meta":{"site-sidebar-layout":"default","site-content-layout":"","ast-site-content-layout":"default","site-content-style":"default","site-sidebar-style":"default","ast-global-header-display":"","ast-banner-title-visibility":"","ast-main-header-display":"","ast-hfb-above-header-display":"","ast-hfb-below-header-display":"","ast-hfb-mobile-header-display":"","site-post-title":"","ast-breadcrumbs-content":"","ast-featured-img":"","footer-sml-layout":"","ast-disable-related-posts":"","theme-transparent-header-meta":"","adv-header-id-meta":"","stick-header-meta":"","header-above-stick-meta":"","header-main-stick-meta":"","header-below-stick-meta":"","astra-migrate-meta-layouts":"default","ast-page-background-enabled":"default","ast-page-background-meta":{"desktop":{"background-color":"","background-image":"","background-repeat":"repeat","background-position":"center center","background-size":"auto","background-attachment":"scroll","background-type":"","background-media":"","overlay-type":"","overlay-color":"","overlay-opacity":"","overlay-gradient":""},"tablet":{"background-color":"","background-image":"","background-repeat":"repeat","background-position":"center center","background-size":"auto","background-attachment":"scroll","background-type":"","background-media":"","overlay-type":"","overlay-color":"","overlay-opacity":"","overlay-gradient":""},"mobile":{"background-color":"","background-image":"","background-repeat":"repeat","background-position":"center center","background-size":"auto","background-attachment":"scroll","background-type":"","background-media":"","overlay-type":"","overlay-color":"","overlay-opacity":"","overlay-gradient":""}},"ast-content-background-meta":{"desktop":{"background-color":"var(--ast-global-color-5)","background-image":"","background-repeat":"repeat","background-position":"center center","background-size":"auto","background-attachment":"scroll","background-type":"","background-media":"","overlay-type":"","overlay-color":"","overlay-opacity":"","overlay-gradient":""},"tablet":{"background-color":"var(--ast-global-color-5)","background-image":"","background-repeat":"repeat","background-position":"center center","background-size":"auto","background-attachment":"scroll","background-type":"","background-media":"","overlay-type":"","overlay-color":"","overlay-opacity":"","overlay-gradient":""},"mobile":{"background-color":"var(--ast-global-color-5)","background-image":"","background-repeat":"repeat","background-position":"center center","background-size":"auto","background-attachment":"scroll","background-type":"","background-media":"","overlay-type":"","overlay-color":"","overlay-opacity":"","overlay-gradient":""}},"_joinchat":[],"footnotes":""},"categories":[24,25,23],"tags":[],"class_list":["post-284","post","type-post","status-publish","format-standard","has-post-thumbnail","hentry","category-desbrozando","category-enredando","category-sembrando"],"_links":{"self":[{"href":"https:\/\/nachoescartin.es\/an\/wp-json\/wp\/v2\/posts\/284","targetHints":{"allow":["GET"]}}],"collection":[{"href":"https:\/\/nachoescartin.es\/an\/wp-json\/wp\/v2\/posts"}],"about":[{"href":"https:\/\/nachoescartin.es\/an\/wp-json\/wp\/v2\/types\/post"}],"author":[{"embeddable":true,"href":"https:\/\/nachoescartin.es\/an\/wp-json\/wp\/v2\/users\/1"}],"replies":[{"embeddable":true,"href":"https:\/\/nachoescartin.es\/an\/wp-json\/wp\/v2\/comments?post=284"}],"version-history":[{"count":0,"href":"https:\/\/nachoescartin.es\/an\/wp-json\/wp\/v2\/posts\/284\/revisions"}],"wp:featuredmedia":[{"embeddable":true,"href":"https:\/\/nachoescartin.es\/an\/wp-json\/wp\/v2\/media\/285"}],"wp:attachment":[{"href":"https:\/\/nachoescartin.es\/an\/wp-json\/wp\/v2\/media?parent=284"}],"wp:term":[{"taxonomy":"category","embeddable":true,"href":"https:\/\/nachoescartin.es\/an\/wp-json\/wp\/v2\/categories?post=284"},{"taxonomy":"post_tag","embeddable":true,"href":"https:\/\/nachoescartin.es\/an\/wp-json\/wp\/v2\/tags?post=284"}],"curies":[{"name":"wp","href":"https:\/\/api.w.org\/{rel}","templated":true}]}}