{"id":269,"date":"2018-07-17T12:35:28","date_gmt":"2018-07-17T12:35:28","guid":{"rendered":"https:\/\/nachoescartin.wordpress.com\/?p=269"},"modified":"2018-07-17T12:35:28","modified_gmt":"2018-07-17T12:35:28","slug":"que-errar-lo-menos-no-importa-si-acerto-lo-principal-calderon-de-la-barca","status":"publish","type":"post","link":"https:\/\/nachoescartin.es\/an\/que-errar-lo-menos-no-importa-si-acerto-lo-principal-calderon-de-la-barca\/","title":{"rendered":"Que errar lo menos no importa si acert\u00f3 lo principal (Calder\u00f3n de la Barca)"},"content":{"rendered":"<p>El viernes pasado publiqu\u00e9 un tuit de una visita a regantes del Matarranya en Maella, en el que termin\u00e9 con un \u00abTeruel resiste\u00bb. Al poco rato, un diputado del PP oriundo de Maella me corrigi\u00f3, con retranca, porque Maella no est\u00e1 en la provincia de Teruel, sino en la de Zaragoza. Me hab\u00eda equivocado y as\u00ed le respond\u00ed al momento. Estuvimos en Valderrobres un rato antes y me vine arriba con Teruel. Un error peque\u00f1ito, ya ves t\u00fa.<\/p>\n<p>El tuit del diputado del PP lo retuite\u00f3 las primeras figuras de la tropa pepera aragonesa: diputados, concejales, el jefe, las cuentas oficiales&#8230; y por supuesto tambi\u00e9n lo puso en su Facebook para que sus amigos me pusieran de inculto para arriba. Lo habitual en las redes sociales.<\/p>\n<p>Al d\u00eda siguiente, la secci\u00f3n de M\u00e1ximo Alparcero en Heraldo de Arag\u00f3n, \u00a1c\u00f3mo no!, public\u00f3 en su diario en papel un \u00abEscart\u00edn desubicado\u00bb. Adem\u00e1s de destacar mi error (Maella no est\u00e1 en Teruel, sino en Zaragoza, recuerdo, jeje) comentaban que \u00able llovieron todo tipo de reprimendas\u00bb. Y no fue para tanto, \u00a1no mientan!. La difusi\u00f3n desde los del PP de Arag\u00f3n y nada m\u00e1s. Muy poquico para las que se suelen liar en las redes sociales.<\/p>\n<p>Acto seguido, y as\u00ed vamos encadenando, jeje, la Plataforma \u00d1 aragonesa, que es una especie de asociaci\u00f3n de fachas que amenazan con presentarse a las elecciones, piden mi dimisi\u00f3n en su Facebook. Y sus ac\u00f3litos suben el nivel de adjetivaciones en sus comentarios, claro.<\/p>\n<p>Heraldo comenzaba su rese\u00f1ica con un \u00abEscart\u00edn se las promet\u00eda muy felices&#8230;.\u00bb. Y s\u00ed, vivo feliz, reconciendo mis errores, que son continuos y diarios. Como cualquier persona. Pero, al menos, como dec\u00eda Calder\u00f3n, aunque seguir\u00e9 errando, metiendo la pata en alg\u00fan dato geogr\u00e1fico o con alg\u00fan tuit con erratas, faltas de ortograf\u00eda o gazapos&#8230; o vete t\u00fa a saber en qu\u00e9 m\u00e1s me equivocar\u00e9&#8230; tratar\u00e9 de seguir acertando en lo principal. Y ah\u00ed ni peperos ni fachas me pueden dar lecciones. Y ojo, que de sabio no voy, ni mucho menos, pero s\u00ed trato de ser coherente, trabajador y constante.<\/p>\n<p>\u00bfYa has encontrado los fallos en esta publicaci\u00f3n? (fijo que los hay, aunque la voy a releer antes de publicarla, jaja). Feliz noche.<\/p>","protected":false},"excerpt":{"rendered":"<p>El viernes pasado publiqu\u00e9 un tuit de una visita a regantes del Matarranya en Maella, en el que termin\u00e9 con [&hellip;]<\/p>\n","protected":false},"author":1,"featured_media":270,"comment_status":"open","ping_status":"closed","sticky":false,"template":"","format":"standard","meta":{"site-sidebar-layout":"default","site-content-layout":"","ast-site-content-layout":"default","site-content-style":"default","site-sidebar-style":"default","ast-global-header-display":"","ast-banner-title-visibility":"","ast-main-header-display":"","ast-hfb-above-header-display":"","ast-hfb-below-header-display":"","ast-hfb-mobile-header-display":"","site-post-title":"","ast-breadcrumbs-content":"","ast-featured-img":"","footer-sml-layout":"","ast-disable-related-posts":"","theme-transparent-header-meta":"","adv-header-id-meta":"","stick-header-meta":"","header-above-stick-meta":"","header-main-stick-meta":"","header-below-stick-meta":"","astra-migrate-meta-layouts":"default","ast-page-background-enabled":"default","ast-page-background-meta":{"desktop":{"background-color":"","background-image":"","background-repeat":"repeat","background-position":"center center","background-size":"auto","background-attachment":"scroll","background-type":"","background-media":"","overlay-type":"","overlay-color":"","overlay-opacity":"","overlay-gradient":""},"tablet":{"background-color":"","background-image":"","background-repeat":"repeat","background-position":"center center","background-size":"auto","background-attachment":"scroll","background-type":"","background-media":"","overlay-type":"","overlay-color":"","overlay-opacity":"","overlay-gradient":""},"mobile":{"background-color":"","background-image":"","background-repeat":"repeat","background-position":"center center","background-size":"auto","background-attachment":"scroll","background-type":"","background-media":"","overlay-type":"","overlay-color":"","overlay-opacity":"","overlay-gradient":""}},"ast-content-background-meta":{"desktop":{"background-color":"var(--ast-global-color-5)","background-image":"","background-repeat":"repeat","background-position":"center center","background-size":"auto","background-attachment":"scroll","background-type":"","background-media":"","overlay-type":"","overlay-color":"","overlay-opacity":"","overlay-gradient":""},"tablet":{"background-color":"var(--ast-global-color-5)","background-image":"","background-repeat":"repeat","background-position":"center center","background-size":"auto","background-attachment":"scroll","background-type":"","background-media":"","overlay-type":"","overlay-color":"","overlay-opacity":"","overlay-gradient":""},"mobile":{"background-color":"var(--ast-global-color-5)","background-image":"","background-repeat":"repeat","background-position":"center center","background-size":"auto","background-attachment":"scroll","background-type":"","background-media":"","overlay-type":"","overlay-color":"","overlay-opacity":"","overlay-gradient":""}},"_joinchat":[],"footnotes":""},"categories":[26,24],"tags":[],"class_list":["post-269","post","type-post","status-publish","format-standard","has-post-thumbnail","hentry","category-cultivando","category-desbrozando"],"_links":{"self":[{"href":"https:\/\/nachoescartin.es\/an\/wp-json\/wp\/v2\/posts\/269","targetHints":{"allow":["GET"]}}],"collection":[{"href":"https:\/\/nachoescartin.es\/an\/wp-json\/wp\/v2\/posts"}],"about":[{"href":"https:\/\/nachoescartin.es\/an\/wp-json\/wp\/v2\/types\/post"}],"author":[{"embeddable":true,"href":"https:\/\/nachoescartin.es\/an\/wp-json\/wp\/v2\/users\/1"}],"replies":[{"embeddable":true,"href":"https:\/\/nachoescartin.es\/an\/wp-json\/wp\/v2\/comments?post=269"}],"version-history":[{"count":0,"href":"https:\/\/nachoescartin.es\/an\/wp-json\/wp\/v2\/posts\/269\/revisions"}],"wp:featuredmedia":[{"embeddable":true,"href":"https:\/\/nachoescartin.es\/an\/wp-json\/wp\/v2\/media\/270"}],"wp:attachment":[{"href":"https:\/\/nachoescartin.es\/an\/wp-json\/wp\/v2\/media?parent=269"}],"wp:term":[{"taxonomy":"category","embeddable":true,"href":"https:\/\/nachoescartin.es\/an\/wp-json\/wp\/v2\/categories?post=269"},{"taxonomy":"post_tag","embeddable":true,"href":"https:\/\/nachoescartin.es\/an\/wp-json\/wp\/v2\/tags?post=269"}],"curies":[{"name":"wp","href":"https:\/\/api.w.org\/{rel}","templated":true}]}}