{"id":260,"date":"2018-07-12T09:13:08","date_gmt":"2018-07-12T09:13:08","guid":{"rendered":"https:\/\/nachoescartin.wordpress.com\/?p=260"},"modified":"2018-07-12T09:13:08","modified_gmt":"2018-07-12T09:13:08","slug":"una-pac-para-unos-pueblos-vivos-y-con-futuro","status":"publish","type":"post","link":"https:\/\/nachoescartin.es\/an\/una-pac-para-unos-pueblos-vivos-y-con-futuro\/","title":{"rendered":"Una PAC para unos pueblos vivos y con futuro"},"content":{"rendered":"<p>Nacho Escart\u00edn Lasierra, agricultor ecol\u00f3gico, diputado en las Cortes y SG de Podemos Arag\u00f3n.<\/p>\n<p>Estamos ante un a\u00f1o crucial para el futuro del sector primario y el mundo rural. La Pol\u00edtica Agraria Com\u00fan es esencial para el sostenimiento de la agricultura y la ganader\u00eda social, familiar, sostenible y ligada al territorio que defendemos. En el actual debate sobre la PAC, desde Podemos defendemos las oportunidades para nuestros pueblos.<\/p>\n<p>El Gobierno del PP, con la ministra Tejerina al frente, nos dej\u00f3 un escenario de negociaci\u00f3n ca\u00f3tico. No hay una propuesta de pa\u00eds ni acuerdos con las Comunidades Aut\u00f3nomas para forjar una posici\u00f3n com\u00fan. No hay un documento junto a las organizaciones agrarias ni con las redes de desarrollo rural ni con otros agentes relevantes. Ni siquiera compareci\u00f3 en el Congreso para mostrar su postura.<\/p>\n<p>Ante este percal, hace unos d\u00edas nos reunimos en Arag\u00f3n decenas de representantes pol\u00edticos de Podemos en las 17 Comunidades Aut\u00f3nomas, en una jornada en la que participaron j\u00f3venes agricultores y experimentados expertos en la PAC, representantes de organizaciones agrarias, ecologistas y vecinos de diversos pueblos aragoneses. All\u00ed acordamos un Manifiesto por una \u201cPol\u00edtica Agraria Com\u00fan fuerte y coherente\u201d.<\/p>\n<p>Desde Podemos nos oponemos a la reducci\u00f3n presupuestaria que plantea la Comisi\u00f3n Europea, que implicar\u00eda recortes de un 3,5% en ayudas directas y un 15% en Desarrollo Rural. Queremos una PAC fuerte y rechazamos cualquier descenso en el presupuesto.<\/p>\n<p>Una PAC coherente pasa por definir Planes estrat\u00e9gicos, un marco de referencia claro en toda la Uni\u00f3n Europea, que luego puedan desarrollarse en Planes Nacionales. La unidad de mercado interior es importante para impedir la competencia desleal entre territorios, que genera desigualdades entre agricultores de distintas regiones y pa\u00edses. Esto lo sabemos bien en Teruel, donde la PAC actual incumple los objetivos marcados y se basa en el injusto mantenimiento de los fondos generados hist\u00f3ricamente en cada territorio.<\/p>\n<p>La nueva PAC debe ser una pol\u00edtica generadora de oportunidades y no una pol\u00edtica generadora de injusticias. Con nuestra propuesta aspiramos a apoyar el oficio m\u00e1s bonito y digno del mundo, a impulsar a quienes trabajan la tierra y al modelo de agricultura familiar que genere empleos de calidad y fomente pr\u00e1cticas agrarias rentables, sostenibles y que responda a los retos del cambio clim\u00e1tico. <\/p>\n<p>Consideramos que las ayudas directas, hoy por hoy, son imprescindibles para mantener las explotaciones. Tienen que llegar a los agricultores \u201cgenuinos\u201d, a quienes se sustentan mayoritariamente de los ingresos agrarios y a los que trabajan la tierra, aunque la compatibilicen con otras actividades profesionales. No puede ser que cada a\u00f1o m\u00e1s de 250 millones en ayudas caigan en manos de 60 ricos espa\u00f1oles que no agachan el lomo en el campo. Debemos acabar con el principal lastre de la PAC, los derechos hist\u00f3ricos, que patrimonializan las ayudas y generan desigualdades. <\/p>\n<p>Las ayudas directas deben vincularse a la renta agraria y condicionarse a la actividad productiva. Deben favorecer el relevo generacional para incorporar a j\u00f3venes y a mujeres al sector. Deben establecerse l\u00edmites m\u00e1ximos a las ayudas directas a 60.000 euros al a\u00f1o y redistribuir las ayudas hacia peque\u00f1as explotaciones agropecuarias, con criterios territoriales y sectoriales.<\/p>\n<p>Respecto al Desarrollo Rural, necesitamos una pol\u00edtica europea que mejore las vidas de quienes habitamos los pueblos. Para lo cual es preciso integrar el conjunto de los Fondos Estructurales y Fondos de Cohesi\u00f3n en Programas de Desarrollo Rural dise\u00f1ados y elaborados de forma participativa, garantizando que su ejecuci\u00f3n y seguimiento est\u00e1n supervisados por las organizaciones y personas implicadas. En cuanto a la cofinanciaci\u00f3n, desde Podemos defendemos que hay que restituir el reparto y que ponga una mitad la Administraci\u00f3n del Estado y la otra mitad las Comunidades Aut\u00f3nomas.<\/p>\n<p>Desde hace a\u00f1os vemos como la enorme volatilidad de los precios y la liberalizaci\u00f3n comercial por todo el planeta amenaza la estabilidad y dificulta vivir de nuestro trabajo con precios justos y rentas dignas. Por ello hay que abordar el reto de la regulaci\u00f3n de mercados. Solo as\u00ed podremos anticiparnos a las crisis, cada vez m\u00e1s frecuentes en sectores como la leche, la fruta de hueso o las hortalizas, entre otros, e impulsar medidas permanentes de gesti\u00f3n de la oferta y la demanda. Desde Podemos defendemos a los agricultores y no vamos a renunciar, como hace el PP o Ciudadanos, a la posibilidad de controlar un mercado libre que est\u00e1 desbocado y amenaza la viabilidad de nuestras explotaciones.<\/p>\n<p>Por aqu\u00ed van las propuestas de Podemos para la PAC, la madre de las pol\u00edticas en la UE. Plasmada en documentos m\u00e1s amplios, acordados para todas las Comunidades Aut\u00f3nomas, p\u00fablicos para quien quiera, y que defendemos en todos los espacios donde intervenimos, en los campos y en los parlamentos. No decimos esto en Teruel y en Ja\u00e9n lo contrario, como hacen otros.<\/p>","protected":false},"excerpt":{"rendered":"<p>Nacho Escart\u00edn Lasierra, agricultor ecol\u00f3gico, diputado en las Cortes y SG de Podemos Arag\u00f3n. Estamos ante un a\u00f1o crucial para [&hellip;]<\/p>\n","protected":false},"author":1,"featured_media":261,"comment_status":"open","ping_status":"closed","sticky":false,"template":"","format":"image","meta":{"site-sidebar-layout":"default","site-content-layout":"","ast-site-content-layout":"default","site-content-style":"default","site-sidebar-style":"default","ast-global-header-display":"","ast-banner-title-visibility":"","ast-main-header-display":"","ast-hfb-above-header-display":"","ast-hfb-below-header-display":"","ast-hfb-mobile-header-display":"","site-post-title":"","ast-breadcrumbs-content":"","ast-featured-img":"","footer-sml-layout":"","ast-disable-related-posts":"","theme-transparent-header-meta":"","adv-header-id-meta":"","stick-header-meta":"","header-above-stick-meta":"","header-main-stick-meta":"","header-below-stick-meta":"","astra-migrate-meta-layouts":"default","ast-page-background-enabled":"default","ast-page-background-meta":{"desktop":{"background-color":"","background-image":"","background-repeat":"repeat","background-position":"center center","background-size":"auto","background-attachment":"scroll","background-type":"","background-media":"","overlay-type":"","overlay-color":"","overlay-opacity":"","overlay-gradient":""},"tablet":{"background-color":"","background-image":"","background-repeat":"repeat","background-position":"center center","background-size":"auto","background-attachment":"scroll","background-type":"","background-media":"","overlay-type":"","overlay-color":"","overlay-opacity":"","overlay-gradient":""},"mobile":{"background-color":"","background-image":"","background-repeat":"repeat","background-position":"center center","background-size":"auto","background-attachment":"scroll","background-type":"","background-media":"","overlay-type":"","overlay-color":"","overlay-opacity":"","overlay-gradient":""}},"ast-content-background-meta":{"desktop":{"background-color":"var(--ast-global-color-5)","background-image":"","background-repeat":"repeat","background-position":"center center","background-size":"auto","background-attachment":"scroll","background-type":"","background-media":"","overlay-type":"","overlay-color":"","overlay-opacity":"","overlay-gradient":""},"tablet":{"background-color":"var(--ast-global-color-5)","background-image":"","background-repeat":"repeat","background-position":"center center","background-size":"auto","background-attachment":"scroll","background-type":"","background-media":"","overlay-type":"","overlay-color":"","overlay-opacity":"","overlay-gradient":""},"mobile":{"background-color":"var(--ast-global-color-5)","background-image":"","background-repeat":"repeat","background-position":"center center","background-size":"auto","background-attachment":"scroll","background-type":"","background-media":"","overlay-type":"","overlay-color":"","overlay-opacity":"","overlay-gradient":""}},"_joinchat":[],"footnotes":""},"categories":[24,23],"tags":[],"class_list":["post-260","post","type-post","status-publish","format-image","has-post-thumbnail","hentry","category-desbrozando","category-sembrando","post_format-post-format-image"],"_links":{"self":[{"href":"https:\/\/nachoescartin.es\/an\/wp-json\/wp\/v2\/posts\/260","targetHints":{"allow":["GET"]}}],"collection":[{"href":"https:\/\/nachoescartin.es\/an\/wp-json\/wp\/v2\/posts"}],"about":[{"href":"https:\/\/nachoescartin.es\/an\/wp-json\/wp\/v2\/types\/post"}],"author":[{"embeddable":true,"href":"https:\/\/nachoescartin.es\/an\/wp-json\/wp\/v2\/users\/1"}],"replies":[{"embeddable":true,"href":"https:\/\/nachoescartin.es\/an\/wp-json\/wp\/v2\/comments?post=260"}],"version-history":[{"count":0,"href":"https:\/\/nachoescartin.es\/an\/wp-json\/wp\/v2\/posts\/260\/revisions"}],"wp:featuredmedia":[{"embeddable":true,"href":"https:\/\/nachoescartin.es\/an\/wp-json\/wp\/v2\/media\/261"}],"wp:attachment":[{"href":"https:\/\/nachoescartin.es\/an\/wp-json\/wp\/v2\/media?parent=260"}],"wp:term":[{"taxonomy":"category","embeddable":true,"href":"https:\/\/nachoescartin.es\/an\/wp-json\/wp\/v2\/categories?post=260"},{"taxonomy":"post_tag","embeddable":true,"href":"https:\/\/nachoescartin.es\/an\/wp-json\/wp\/v2\/tags?post=260"}],"curies":[{"name":"wp","href":"https:\/\/api.w.org\/{rel}","templated":true}]}}