{"id":2583,"date":"2025-03-12T11:02:43","date_gmt":"2025-03-12T10:02:43","guid":{"rendered":"https:\/\/nachoescartin.es\/?p=1867"},"modified":"2025-03-12T11:02:43","modified_gmt":"2025-03-12T10:02:43","slug":"ganaderia-a-debate-miercoles-9-de-abril-en-zaragoza","status":"publish","type":"post","link":"https:\/\/nachoescartin.es\/an\/ganaderia-a-debate-miercoles-9-de-abril-en-zaragoza\/","title":{"rendered":"Ganader\u00eda a debate: Mi\u00e9rcoles 9 de abril en Zaragoza"},"content":{"rendered":"<p>\ud83d\ude4b\ud83c\udffc\u200d\u2642\ufe0f Buen d\u00eda. Os invito a reservar en la agenda el Mi\u00e9rcoles 9 de abril de 2025 de 18 a 21 horas para asistir a la Estaci\u00f3n del Norte de Zaragoza a este evento de debate sobre Ganader\u00eda que estoy organizando dentro de mi trabajo en el proyecto para la reducci\u00f3n de la contaminaci\u00f3n por metano con Ecologistas en Acci\u00f3n. \u00a1Os esperamos! \ud83d\ude0a<\/p>\n<blockquote class=\"wp-embedded-content\" data-secret=\"pAwLSKRn9k\"><p><a href=\"https:\/\/www.ecologistasenaccion.org\/evento\/zaragoza-ganaderia-a-debate\/\" target=\"_blank\" rel=\"noopener\">Zaragoza: Ganader\u00eda a debate<\/a><\/p><\/blockquote>\n<p><iframe class=\"wp-embedded-content\" sandbox=\"allow-scripts\" security=\"restricted\" style=\"position: absolute; visibility: hidden;\" title=\"\u00abZaragoza: Ganader\u00eda a debate\u00bb \u2014 Ecologistas en Acci\u00f3n\" src=\"https:\/\/www.ecologistasenaccion.org\/evento\/zaragoza-ganaderia-a-debate\/embed\/#?secret=DbqgdowtRt#?secret=pAwLSKRn9k\" data-secret=\"pAwLSKRn9k\" width=\"500\" height=\"282\" frameborder=\"0\" marginwidth=\"0\" marginheight=\"0\" scrolling=\"no\"><\/iframe><\/p>\n<p style=\"text-align: justify;\">\ud83d\udc2e<strong>GANADER\u00cdA A DEBATE<\/strong> \ud83d\udc37<br \/>\nHacia buenas pr\u00e1cticas agroganaderas y una alimentaci\u00f3n mejor.<\/p>\n<p style=\"text-align: justify;\">La industrializaci\u00f3n de la agricultura, la ganader\u00eda y la alimentaci\u00f3n se presenta como el \u00fanico modelo posible para alimentar al mundo. Pero los graves impactos que genera en el medio ambiente, los territorios y la salud, ponen en cuesti\u00f3n la seguridad de este modelo y su sostenibilidad a largo plazo. Nos preguntamos:<\/p>\n<p style=\"text-align: justify;\">\u00bfEs posible una ganader\u00eda sostenible y respetuosa con el medio ambiente?<br \/>\n\u00bfExisten alternativas reales para una alimentaci\u00f3n sana, de cercan\u00eda y justa para el sector primario.<\/p>\n<p style=\"text-align: justify;\">Desde Ecologistas en Acci\u00f3n te invitamos a un debate necesario sobre el presente y el futuro de la ganader\u00eda. En esta jornada, abordaremos cuestiones clave como las buenas pr\u00e1cticas ganaderas, el relevo generacional en el campo, la convivencia entre ganader\u00eda y espacios naturales, y las alternativas a la agroganader\u00eda industrial.<\/p>\n<p style=\"text-align: justify;\">\ud83d\uddd3 <strong>Mi\u00e9rcoles 9 de abril de 2025<\/strong><br \/>\n<strong>\u23f0 De 18 a 21 horas<\/strong><br \/>\n<strong>\ud83d\udccd Estaci\u00f3n del Norte de Zaragoza<\/strong> (Calle Perdiguera, junto al Puente de Piedra).<\/p>\n<p style=\"text-align: justify;\">El evento contar\u00e1 con dos mesas redondas en las que participar\u00e1n personas ganaderas, expertas y representantes del sector, adem\u00e1s de un intermedio con merienda de productos locales cortes\u00eda del supermercado cooperativo A Vecinal.<\/p>\n<p style=\"text-align: justify;\">Entrada libre y gratuita hasta completar aforo.<\/p>\n<p style=\"text-align: justify;\">\u00a1No te lo pierdas! Ven a debatir, aprender y compartir ideas para construir un futuro m\u00e1s sostenible y justo para el campo y la alimentaci\u00f3n.<\/p>\n<p style=\"text-align: justify;\">\ud83d\udd3a18 hs Presenta el acto: Nacho Escart\u00edn Lasierra de Ecologistas en Acci\u00f3n.<\/p>\n<p style=\"text-align: justify;\">Mesa redonda: \u201cLa ganader\u00eda a debate\u201d con:<\/p>\n<p style=\"text-align: justify;\">Ester Rubio, ganadera de porcino en Monreal del Campo (Teruel) y del colectivo Malas Yerbas.<br \/>\nMarta Barba, coordinadora del CITA Teruel y fundadora de La Albarda, ganader\u00eda extensiva de vacuno ecol\u00f3gico y regenerativo en la Sierra de G\u00fadar (Teruel).<br \/>\nJos\u00e9 Mar\u00eda Alcubierre, Secretario General de UAGA-COAG (Uni\u00f3n de Agricultores y Ganaderos de Arag\u00f3n), ganadero de ovino y agricultor de secano y regad\u00edo en Torralba de Arag\u00f3n (Monegros, Huesca)<br \/>\nTxema Is\u00e1bal. Veterinario en vacuno de leche y pastoreo de ovejas en regenerativo y mejora de suelos.<\/p>\n<p style=\"text-align: justify;\">Mar\u00eda Jos\u00e9 Pueyo, portavoz de Loporzano sin ganader\u00eda intensiva.<\/p>\n<p style=\"text-align: justify;\">\ud83e\udd57Intermedio con merienda de productos de cercan\u00eda del supermercado cooperativo A Vecinal. \ud83e\uded6<\/p>\n<p style=\"text-align: justify;\">\ud83d\udd3a19.30 hs. Buenas pr\u00e1cticas ganaderas. Mesa moderada por Juan Laborda, coordinador de Mincha d\u2019aqu\u00ed, red de distribuci\u00f3n alimentaria sostenible en el Alto Arag\u00f3n, con:<\/p>\n<p style=\"text-align: justify;\">Luis Lascorz, ganadero de vacuno de raza aut\u00f3ctona pirenaica en ecol\u00f3gico en Ainsa (Huesca) con venta directa y km0, Presidente de la asociaci\u00f3n Aragonesa de raza pirenaica (ASAPI).<br \/>\nMar\u00eda Lombardo, pastora de ovino formada en La Estiva, escuela de Pastoreo de Arag\u00f3n.<br \/>\nSergio Alierta, Doctor en Veterinaria, ganader\u00eda ecol\u00f3gica y regenerativa de vacuno extensivo.<br \/>\nElena Burillo, joven ganadera de ovino en regenerativo en Mar\u00eda de Huerva.<\/p>","protected":false},"excerpt":{"rendered":"<p>\ud83d\ude4b\ud83c\udffc\u200d\u2642\ufe0f Buen d\u00eda. Os invito a reservar en la agenda el Mi\u00e9rcoles 9 de abril de 2025 de 18 a [&hellip;]<\/p>\n","protected":false},"author":1,"featured_media":2637,"comment_status":"closed","ping_status":"closed","sticky":false,"template":"","format":"standard","meta":{"site-sidebar-layout":"default","site-content-layout":"","ast-site-content-layout":"default","site-content-style":"default","site-sidebar-style":"default","ast-global-header-display":"","ast-banner-title-visibility":"","ast-main-header-display":"","ast-hfb-above-header-display":"","ast-hfb-below-header-display":"","ast-hfb-mobile-header-display":"","site-post-title":"","ast-breadcrumbs-content":"","ast-featured-img":"","footer-sml-layout":"","ast-disable-related-posts":"","theme-transparent-header-meta":"","adv-header-id-meta":"","stick-header-meta":"","header-above-stick-meta":"","header-main-stick-meta":"","header-below-stick-meta":"","astra-migrate-meta-layouts":"default","ast-page-background-enabled":"default","ast-page-background-meta":{"desktop":{"background-color":"","background-image":"","background-repeat":"repeat","background-position":"center center","background-size":"auto","background-attachment":"scroll","background-type":"","background-media":"","overlay-type":"","overlay-color":"","overlay-opacity":"","overlay-gradient":""},"tablet":{"background-color":"","background-image":"","background-repeat":"repeat","background-position":"center center","background-size":"auto","background-attachment":"scroll","background-type":"","background-media":"","overlay-type":"","overlay-color":"","overlay-opacity":"","overlay-gradient":""},"mobile":{"background-color":"","background-image":"","background-repeat":"repeat","background-position":"center center","background-size":"auto","background-attachment":"scroll","background-type":"","background-media":"","overlay-type":"","overlay-color":"","overlay-opacity":"","overlay-gradient":""}},"ast-content-background-meta":{"desktop":{"background-color":"var(--ast-global-color-5)","background-image":"","background-repeat":"repeat","background-position":"center center","background-size":"auto","background-attachment":"scroll","background-type":"","background-media":"","overlay-type":"","overlay-color":"","overlay-opacity":"","overlay-gradient":""},"tablet":{"background-color":"var(--ast-global-color-5)","background-image":"","background-repeat":"repeat","background-position":"center center","background-size":"auto","background-attachment":"scroll","background-type":"","background-media":"","overlay-type":"","overlay-color":"","overlay-opacity":"","overlay-gradient":""},"mobile":{"background-color":"var(--ast-global-color-5)","background-image":"","background-repeat":"repeat","background-position":"center center","background-size":"auto","background-attachment":"scroll","background-type":"","background-media":"","overlay-type":"","overlay-color":"","overlay-opacity":"","overlay-gradient":""}},"_joinchat":[],"footnotes":""},"categories":[26,24,25,23],"tags":[899,477,230,246,388,247,28,592,132,854,838,785,900,31,479,248,901,99,167,264,103,755,866,110,38],"class_list":["post-2583","post","type-post","status-publish","format-standard","has-post-thumbnail","hentry","category-cultivando","category-desbrozando","category-enredando","category-sembrando","tag-acto","tag-agricultores","tag-agricultura","tag-agroecologia","tag-alimentacion","tag-animales","tag-aragon","tag-biodiversidad","tag-ciencia","tag-debate","tag-ecologistas","tag-ecologistas-en-accion","tag-evento","tag-formacion","tag-ganaderia","tag-ganaderia-extensiva","tag-ganaderos","tag-huesca","tag-mundo-rural","tag-naturaleza","tag-pueblos-vivos","tag-sector-primario","tag-stop-ganaderia-industrial","tag-teruel","tag-zaragoza"],"_links":{"self":[{"href":"https:\/\/nachoescartin.es\/an\/wp-json\/wp\/v2\/posts\/2583","targetHints":{"allow":["GET"]}}],"collection":[{"href":"https:\/\/nachoescartin.es\/an\/wp-json\/wp\/v2\/posts"}],"about":[{"href":"https:\/\/nachoescartin.es\/an\/wp-json\/wp\/v2\/types\/post"}],"author":[{"embeddable":true,"href":"https:\/\/nachoescartin.es\/an\/wp-json\/wp\/v2\/users\/1"}],"replies":[{"embeddable":true,"href":"https:\/\/nachoescartin.es\/an\/wp-json\/wp\/v2\/comments?post=2583"}],"version-history":[{"count":0,"href":"https:\/\/nachoescartin.es\/an\/wp-json\/wp\/v2\/posts\/2583\/revisions"}],"wp:featuredmedia":[{"embeddable":true,"href":"https:\/\/nachoescartin.es\/an\/wp-json\/wp\/v2\/media\/2637"}],"wp:attachment":[{"href":"https:\/\/nachoescartin.es\/an\/wp-json\/wp\/v2\/media?parent=2583"}],"wp:term":[{"taxonomy":"category","embeddable":true,"href":"https:\/\/nachoescartin.es\/an\/wp-json\/wp\/v2\/categories?post=2583"},{"taxonomy":"post_tag","embeddable":true,"href":"https:\/\/nachoescartin.es\/an\/wp-json\/wp\/v2\/tags?post=2583"}],"curies":[{"name":"wp","href":"https:\/\/api.w.org\/{rel}","templated":true}]}}