{"id":2582,"date":"2025-02-18T13:20:32","date_gmt":"2025-02-18T12:20:32","guid":{"rendered":"https:\/\/nachoescartin.es\/?p=1850"},"modified":"2025-02-18T13:20:32","modified_gmt":"2025-02-18T12:20:32","slug":"la-soja-que-destruye-bosques-un-informe-sobre-la-cadena-de-valor-de-la-soja-en-espana","status":"publish","type":"post","link":"https:\/\/nachoescartin.es\/an\/la-soja-que-destruye-bosques-un-informe-sobre-la-cadena-de-valor-de-la-soja-en-espana\/","title":{"rendered":"\u2018La soja que destruye bosques\u2019: un informe sobre la cadena de valor de la soja en Espa\u00f1a"},"content":{"rendered":"<p>\ud83d\ude4b\ud83c\udffc\u200d\u2642\ufe0f\u00a1Buen d\u00eda!<\/p>\n<p>Te comparto un informe que hemos publicado hoy en Ecologistas en Acci\u00f3n sobre la soja en Espa\u00f1a, en el que hemos estado trabajando durante los \u00faltimos meses:<br \/>\n\ud83d\udc49 <strong><a href=\"https:\/\/www.ecologistasenaccion.org\/332895\" target=\"_blank\" rel=\"noopener\">https:\/\/www.ecologistasenaccion.org\/332895<\/a><\/strong><\/p>\n<p>\ud83c\udf31En \u00e9l, destacamos la importancia de frenar las importaciones de soja vinculadas a la deforestaci\u00f3n, la destrucci\u00f3n de ecosistemas y la p\u00e9rdida de biodiversidad. \ud83c\udf0d<\/p>\n<p>\u00a1Tu apoyo es crucial! Te invito a leerlo, compartirlo y sumarte a la lucha por proteger la vida, aqu\u00ed y en todas partes. \ud83d\udc9a<\/p>\n<p>Un abrazo, salud y feliz d\u00eda \ud83d\ude0a<\/p>\n<p><img fetchpriority=\"high\" decoding=\"async\" class=\"alignnone size-full wp-image-1852\" src=\"https:\/\/nachoescartin.es\/wp-content\/uploads\/2025\/02\/Foto-incendio-informe-soja.jpg\" alt=\"\" width=\"880\" height=\"1106\" srcset=\"https:\/\/nachoescartin.es\/wp-content\/uploads\/2025\/02\/Foto-incendio-informe-soja.jpg 880w, https:\/\/nachoescartin.es\/wp-content\/uploads\/2025\/02\/Foto-incendio-informe-soja-239x300.jpg 239w, https:\/\/nachoescartin.es\/wp-content\/uploads\/2025\/02\/Foto-incendio-informe-soja-815x1024.jpg 815w, https:\/\/nachoescartin.es\/wp-content\/uploads\/2025\/02\/Foto-incendio-informe-soja-768x965.jpg 768w\" sizes=\"(max-width: 880px) 100vw, 880px\" \/><\/p>","protected":false},"excerpt":{"rendered":"<p>\ud83d\ude4b\ud83c\udffc\u200d\u2642\ufe0f\u00a1Buen d\u00eda! Te comparto un informe que hemos publicado hoy en Ecologistas en Acci\u00f3n sobre la soja en Espa\u00f1a, en [&hellip;]<\/p>\n","protected":false},"author":1,"featured_media":1851,"comment_status":"closed","ping_status":"closed","sticky":false,"template":"","format":"standard","meta":{"site-sidebar-layout":"default","site-content-layout":"","ast-site-content-layout":"default","site-content-style":"default","site-sidebar-style":"default","ast-global-header-display":"","ast-banner-title-visibility":"","ast-main-header-display":"","ast-hfb-above-header-display":"","ast-hfb-below-header-display":"","ast-hfb-mobile-header-display":"","site-post-title":"","ast-breadcrumbs-content":"","ast-featured-img":"","footer-sml-layout":"","ast-disable-related-posts":"","theme-transparent-header-meta":"","adv-header-id-meta":"","stick-header-meta":"","header-above-stick-meta":"","header-main-stick-meta":"","header-below-stick-meta":"","astra-migrate-meta-layouts":"default","ast-page-background-enabled":"default","ast-page-background-meta":{"desktop":{"background-color":"","background-image":"","background-repeat":"repeat","background-position":"center center","background-size":"auto","background-attachment":"scroll","background-type":"","background-media":"","overlay-type":"","overlay-color":"","overlay-opacity":"","overlay-gradient":""},"tablet":{"background-color":"","background-image":"","background-repeat":"repeat","background-position":"center center","background-size":"auto","background-attachment":"scroll","background-type":"","background-media":"","overlay-type":"","overlay-color":"","overlay-opacity":"","overlay-gradient":""},"mobile":{"background-color":"","background-image":"","background-repeat":"repeat","background-position":"center center","background-size":"auto","background-attachment":"scroll","background-type":"","background-media":"","overlay-type":"","overlay-color":"","overlay-opacity":"","overlay-gradient":""}},"ast-content-background-meta":{"desktop":{"background-color":"var(--ast-global-color-5)","background-image":"","background-repeat":"repeat","background-position":"center center","background-size":"auto","background-attachment":"scroll","background-type":"","background-media":"","overlay-type":"","overlay-color":"","overlay-opacity":"","overlay-gradient":""},"tablet":{"background-color":"var(--ast-global-color-5)","background-image":"","background-repeat":"repeat","background-position":"center center","background-size":"auto","background-attachment":"scroll","background-type":"","background-media":"","overlay-type":"","overlay-color":"","overlay-opacity":"","overlay-gradient":""},"mobile":{"background-color":"var(--ast-global-color-5)","background-image":"","background-repeat":"repeat","background-position":"center center","background-size":"auto","background-attachment":"scroll","background-type":"","background-media":"","overlay-type":"","overlay-color":"","overlay-opacity":"","overlay-gradient":""}},"_joinchat":[],"footnotes":""},"categories":[26,25,23],"tags":[230,388,90,592,836,882,778,389,837,785,129,883,295,884,398,317,885,886,37],"class_list":["post-2582","post","type-post","status-publish","format-standard","has-post-thumbnail","hentry","category-cultivando","category-enredando","category-sembrando","tag-agricultura","tag-alimentacion","tag-america","tag-biodiversidad","tag-bosques","tag-brasil","tag-comercio","tag-consumo","tag-deforestacion","tag-ecologistas-en-accion","tag-espana","tag-eudr","tag-europa","tag-informe","tag-leyes","tag-planeta","tag-regulacion","tag-soja","tag-trabajo"],"_links":{"self":[{"href":"https:\/\/nachoescartin.es\/an\/wp-json\/wp\/v2\/posts\/2582","targetHints":{"allow":["GET"]}}],"collection":[{"href":"https:\/\/nachoescartin.es\/an\/wp-json\/wp\/v2\/posts"}],"about":[{"href":"https:\/\/nachoescartin.es\/an\/wp-json\/wp\/v2\/types\/post"}],"author":[{"embeddable":true,"href":"https:\/\/nachoescartin.es\/an\/wp-json\/wp\/v2\/users\/1"}],"replies":[{"embeddable":true,"href":"https:\/\/nachoescartin.es\/an\/wp-json\/wp\/v2\/comments?post=2582"}],"version-history":[{"count":0,"href":"https:\/\/nachoescartin.es\/an\/wp-json\/wp\/v2\/posts\/2582\/revisions"}],"wp:featuredmedia":[{"embeddable":true,"href":"https:\/\/nachoescartin.es\/an\/wp-json\/wp\/v2\/media\/1851"}],"wp:attachment":[{"href":"https:\/\/nachoescartin.es\/an\/wp-json\/wp\/v2\/media?parent=2582"}],"wp:term":[{"taxonomy":"category","embeddable":true,"href":"https:\/\/nachoescartin.es\/an\/wp-json\/wp\/v2\/categories?post=2582"},{"taxonomy":"post_tag","embeddable":true,"href":"https:\/\/nachoescartin.es\/an\/wp-json\/wp\/v2\/tags?post=2582"}],"curies":[{"name":"wp","href":"https:\/\/api.w.org\/{rel}","templated":true}]}}