{"id":2575,"date":"2024-10-01T12:25:37","date_gmt":"2024-10-01T10:25:37","guid":{"rendered":"https:\/\/nachoescartin.es\/?p=1742"},"modified":"2024-10-01T12:25:37","modified_gmt":"2024-10-01T10:25:37","slug":"no-hay-tiempo-que-perder-en-la-lucha-contra-la-deforestacion","status":"publish","type":"post","link":"https:\/\/nachoescartin.es\/an\/no-hay-tiempo-que-perder-en-la-lucha-contra-la-deforestacion\/","title":{"rendered":"No hay tiempo que perder en la lucha contra la deforestaci\u00f3n"},"content":{"rendered":"<div class=\"et_pb_section et_pb_section_1_tb_body et_section_regular\">\n<div class=\"et_pb_row et_pb_row_1_tb_body\">\n<div class=\"et_pb_column et_pb_column_4_4 et_pb_column_1_tb_body  et_pb_css_mix_blend_mode_passthrough et-last-child\">\n<div class=\"et_pb_with_border et_pb_module et_pb_post_content et_pb_post_content_0_tb_body\">\n<p>Buen d\u00eda. Como sab\u00e9is, trabajo en la campa\u00f1a contra la deforestaci\u00f3n importada de Ecologistas en Acci\u00f3n. Nuestro objetivo es que se dejen de destruir y quemar los bosques del mundo para traer a Europa y llevar a otros pa\u00edses materias primas que podr\u00edan extraerse y utilizarse de forma sostenible. El 26 de septiembre de 2024 las principales organizaciones ecologistas y de consumidores espa\u00f1olas publicamos esta <strong><a href=\"https:\/\/elpais.com\/clima-y-medio-ambiente\/2024-09-26\/no-hay-tiempo-que-perder-en-la-lucha-contra-la-deforestacion.html\" target=\"_blank\" rel=\"noopener\">Tribuna de opini\u00f3n en El Pa\u00eds<\/a><\/strong>, que os invito a leer tambi\u00e9n por aqu\u00ed. Hacemos un llamamiento para la aplicaci\u00f3n del reglamento europeo que debe cerrar las fronteras europeas a los productos que degradan los bosques.<\/p>\n<p class=\"a_st\">El a\u00f1o pasado el mundo <a href=\"https:\/\/research.wri.org\/gfr\/latest-analysis-deforestation-trends?ap3c=IGYOXhnnRviMrF0GAGYOXhmKNFNM4mOvMFK7t5yjQXrRd11gew\" target=\"_parent\" rel=\"noopener\">perdi\u00f3<\/a> una superficie forestal casi tan grande como Suiza; una destrucci\u00f3n que liber\u00f3 aproximadamente la mitad de di\u00f3xido de carbono que Estados Unidos emiti\u00f3 por la quema de combustibles f\u00f3siles. En estos momentos, el Pantanal brasile\u00f1o (el mayor humedal tropical del mundo y uno de los santuarios de biodiversidad m\u00e1s importantes del planeta) se enfrenta a una temporada de incendios sin precedentes, causados deliberadamente por la agroindustria para producir pastos o cultivar soja. La deforestaci\u00f3n, responsable por s\u00ed sola del <a href=\"https:\/\/www.ipcc.ch\/site\/assets\/uploads\/2019\/08\/Fullreport.pdf\" target=\"_parent\" rel=\"noopener\">11% de las emisiones de gases de efecto invernadero<\/a>, juega un papel crucial en la proliferaci\u00f3n de estos fuegos. La p\u00e9rdida de bosques tiene impactos en la regulaci\u00f3n del clima y genera un aumento de emisiones de CO\u2082. El cambio clim\u00e1tico resultante reduce las cosechas (desde caf\u00e9 hasta ma\u00edz), eleva las temperaturas, la severidad de las olas de calor y las sequ\u00edas, lo que a su vez incrementa la frecuencia y gravedad de los incendios forestales. Unos incendios que causan m\u00e1s deforestaci\u00f3n, perpetuando as\u00ed un <a href=\"https:\/\/www.wri.org\/insights\/global-trends-forest-fires\" target=\"_parent\" rel=\"noopener\">c\u00edrculo vicioso<\/a>.<\/p>\n<p class=\"a_st\">El Reglamento de la UE de productos y materias primas libres de deforestaci\u00f3n (EUDR, por sus siglas en ingl\u00e9s) fue <a href=\"https:\/\/alianzacerodeforestacion.org\/el-parlamento-europeo-y-el-consejo-de-la-ue-aprueban-una-ley-pionera-para-detener-la-deforestacion\/\" target=\"_parent\" rel=\"noopener\">aclamado<\/a> como una gran oportunidad para proteger la naturaleza y las personas. Es la primera normativa de este tipo en el mundo y, cuando entr\u00f3 en vigor en junio de 2023, contaba con un abrumador apoyo <a href=\"https:\/\/www.ecologistasenaccion.org\/203249\/encuesta-la-ciudadania-europea-apoya-de-forma-masiva-la-legislacion-para-evitar-la-deforestacion-importada\/\" target=\"_parent\" rel=\"noopener\">social<\/a>, de los Estados miembros de la UE y del Parlamento Europeo.<\/p>\n<p class=\"a_st\">El reglamento se\u00f1ala su determinaci\u00f3n de poner fin a la contribuci\u00f3n de la UE en la destrucci\u00f3n de los bosques, la p\u00e9rdida de biodiversidad y el cambio clim\u00e1tico. En teor\u00eda, permite \u00fanicamente el acceso al mercado de la UE de productos elaborados con vacuno, madera, cacao, soja, aceite de palma, caf\u00e9 y caucho que demuestren estar libres de deforestaci\u00f3n. La agricultura y ganader\u00eda industrial son el principal factor de deforestaci\u00f3n del planeta, y el impacto del comercio internacional de estas <a href=\"https:\/\/green-business.ec.europa.eu\/deforestation-regulation-implementation\/scope_en?prefLang=es\" target=\"_blank\" rel=\"noopener\">materias primas<\/a> sobre <a href=\"https:\/\/alianzacerodeforestacion.org\/denuncian-la-deforestacion-y-la-vulneracion-de-derechos-humanos-en-brasil\/\" target=\"_parent\" rel=\"noopener\">los ecosistemas y los derechos de los pueblos<\/a> es catastr\u00f3fico. Adem\u00e1s, son las empresas importadoras y comercializadoras las que tienen que demostrar que el origen de sus mercanc\u00edas no ha causado da\u00f1o ambiental ni ha violado leyes locales.<\/p>\n<h3 class=\"\">Argumentos retorcidos<\/h3>\n<p class=\"\">A medida que se acerca el d\u00eda de la aplicaci\u00f3n completa de esta normativa (30 de diciembre de 2024), el optimismo ha sido sustituido por intentos de descarrilar su aplicaci\u00f3n. Las multinacionales comercializadoras de las materias primas reguladas y sus productos derivados, las C\u00e1maras de Comercio, los representantes de algunos pa\u00edses productores, as\u00ed como el <a href=\"https:\/\/www.eppgroup.eu\/newsroom\/deforestation-law-a-bureaucratic-monster-must-be-delayed\" target=\"_parent\" rel=\"noopener\">Partido Popular Europeo<\/a> y la extrema derecha han dirigido sus cr\u00edticas al Reglamento en el marco de un rechazo general a las regulaciones ambientales de la UE.<\/p>\n<p class=\"\">En marzo, el representante austriaco se puso a la cabeza de algunos ministros de Agricultura de la UE que ped\u00edan un aplazamiento, alegando que supondr\u00eda una <a href=\"https:\/\/www.europarl.europa.eu\/doceo\/document\/E-10-2024-001689_EN.html\" target=\"_parent\" rel=\"noopener\">carga administrativa<\/a> desproporcionada para el sector agr\u00edcola europeo. Desde entonces, el debate se ha vuelto cada vez m\u00e1s enconado. El gobierno de los <a href=\"https:\/\/www.ft.com\/content\/1b1c7541-92f8-478a-9e18-8c0419af7714\" target=\"_parent\" rel=\"noopener\">EE UU<\/a> escribi\u00f3 a la Comisi\u00f3n Europea solicitando que la UE retrasara la aplicaci\u00f3n de este reglamento, para beneficiar a grandes firmas estadounidenses como Bunge y Cargill. Algunos diplom\u00e1ticos sudamericanos advirtieron que esta normativa europea agravar\u00eda el problema de la droga, argumentando de forma demag\u00f3gica que si los agricultores peruanos y colombianos no pudiesen vender su caf\u00e9 o cacao, estas se pasar\u00edan a cultivar coca. Los fabricantes de papel estadounidenses se inventaron el bulo de que habr\u00eda menos pa\u00f1ales, compresas y otros productos de higiene en los supermercados. La industria maderera europea, por su parte, afirm\u00f3 que la ley era \u201cun enorme monstruo normativo y administrativo\u201d.<\/p>\n<h3 class=\"\">Sabotaje<\/h3>\n<p class=\"\">Combatir la deforestaci\u00f3n afecta directamente a los poderosos intereses econ\u00f3micos dentro de las industrias que se benefician de la destrucci\u00f3n ambiental, tales como la c\u00e1rnica, automovil\u00edstica, petroqu\u00edmica, log\u00edstica, de muebles y neum\u00e1ticos, etc. Lo sorprendente no es que estos sectores intenten sabotear la regulaci\u00f3n. Lo grave es que algunos gobiernos de la UE colaboren con esta injusticia en vez de proteger el inter\u00e9s general y respetar las decisiones democr\u00e1ticas. Las mismas grandes corporaciones que provocan la deforestaci\u00f3n en Sudam\u00e9rica, \u00c1frica y Asia son las que con su posici\u00f3n de dominio en los mercados empobrecen a la agricultura familiar y las peque\u00f1as empresas y cooperativas, tanto en Europa como en el resto del mundo. Cuando nos hemos movilizado por una normativa para combatir la deforestaci\u00f3n, siempre hemos insistido en la necesidad de garantizar <a href=\"https:\/\/www.fern.org\/fileadmin\/uploads\/fern\/Documents\/2023\/EN_Smallholders_and_EUDR.pdf\" target=\"_parent\" rel=\"noopener\">que los peque\u00f1os agricultores<\/a> reciban el apoyo espec\u00edfico que necesitan.<\/p>\n<h3 class=\"\">La peque\u00f1a producci\u00f3n ya cumple<\/h3>\n<p class=\"\">Lejos de declaraciones sensacionalistas contra esta normativa, el trabajo de preparaci\u00f3n para su aplicaci\u00f3n avanza sin cesar. Mientras la industria europea y las grandes empresas madereras estadounidenses afirman que no pueden cumplir los requisitos de la UE, el organismo regulador del cacao en <a href=\"https:\/\/www.reuters.com\/world\/africa\/ghana-begins-pilot-program-trace-cocoa-eu-deforestation-law-looms-official-says-2024-09-05\/\" target=\"_blank\" rel=\"noopener\">Ghana<\/a> (COCOBOD) ha declarado recientemente que su sistema de trazabilidad (rastreando los granos de cacao desde la granja donde se producen hasta el puerto de embarque) estar\u00e1 operativo. En Costa de Marfil tambi\u00e9n se est\u00e1 desarrollando un sistema similar, que permitir\u00e1 acabar con los pagos fraudulentos generalizados que tanto perjudican a la subsistencia de los peque\u00f1os agricultores.<\/p>\n<p class=\"\">Hay que recordar que Costa de Marfil y Ghana, son los <a href=\"https:\/\/www.statista.com\/statistics\/263855\/cocoa-bean-production-worldwide-by-region\/\" target=\"_parent\" rel=\"noopener\">mayores productores de cacao del mundo<\/a>, y Europa su mayor mercado. Por tanto, la nueva normativa podr\u00eda tener un impacto positivo en las econom\u00edas de estos pa\u00edses. No es de extra\u00f1ar, pues, que un grupo de 120 organizaciones agrarias y de la sociedad civil de Ghana y Costa de Marfil <a href=\"https:\/\/ongidef.org\/wp-content\/uploads\/2024\/07\/Lettre-aux-decideurs-europeens-relative-au-RDUE__.pdf\" target=\"_parent\" rel=\"noopener\">escribieran<\/a> a la UE para expresar su profunda preocupaci\u00f3n por los intentos de retrasar la aplicaci\u00f3n de la ley. La UE deber\u00eda apoyar estos esfuerzos y proveer fondos para ayudar a la peque\u00f1a agricultura a adaptarse a las nuevas exigencias.<\/p>\n<h3 class=\"\">Apoyo internacional<\/h3>\n<p class=\"\">Hay numerosas organizaciones de peque\u00f1as producciones agrarias, sociales, ind\u00edgenas, <a href=\"https:\/\/alianzacerodeforestacion.org\/wp-content\/uploads\/2024\/05\/11042024_EUDR-implementation-_Letter-to-President-VDL.pdf\" target=\"_parent\" rel=\"noopener\">no gubernamentales<\/a> y empresariales en el mundo que apoyan la ley europea se\u00f1alando que ayudar\u00eda a aplicar las leyes nacionales y a salvaguardar los derechos de los pueblos ind\u00edgenas en los pa\u00edses con altos niveles de deforestaci\u00f3n. Es el caso de la mayor organizaci\u00f3n de pueblos ind\u00edgenas de Brasil (APIB), que lleva mucho tiempo al frente de los esfuerzos por proteger la Amazonia, el <a href=\"https:\/\/alianzacerodeforestacion.org\/la-proteccion-de-un-25-de-las-areas-forestales-del-mundo-esta-pendiente-de-la-decision-de-la-union-europea\/\" target=\"_parent\" rel=\"noopener\">Cerrado<\/a> y otros valiosos biomas brasile\u00f1os ante los estragos de la agroindustria y los madereros. O la <a href=\"https:\/\/www.euractiv.com\/section\/energy-environment\/opinion\/palm-oil-and-the-eus-anti-deforestation-law-why-the-backlash\/\" target=\"_blank\" rel=\"noopener\">ONG Madani Berkelanjutan<\/a>, que tiende puentes entre el gobierno indonesio, el sector privado y la sociedad civil para hacer frente a las crisis medioambientales en el pa\u00eds asi\u00e1tico. Tambi\u00e9n empresas del cacao y el chocolate defienden la ley como \u201cun importante paso adelante para impulsar la necesaria transformaci\u00f3n del sector\u201d.<\/p>\n<h3 class=\"\">Afrontar el reto<\/h3>\n<p class=\"\">Retrasar la tramitaci\u00f3n de este reglamento no es una opci\u00f3n, pero su efectividad depender\u00e1 de c\u00f3mo se aplique: la UE no debe permitir retrasos, ni rebajar su ambici\u00f3n. Los Estados miembros, por su parte, deben cumplir con sus obligaciones y aumentar su apoyo a los peque\u00f1os productores y los pa\u00edses afectados. Por ello, hacemos un llamamiento al Gobierno de Espa\u00f1a y los grupos parlamentarios democr\u00e1ticos de Las Cortes para que aprueben, cuanto antes, el <a href=\"https:\/\/alianzacerodeforestacion.org\/urge-que-el-gobierno-tramite-la-ley-de-productos-libres-de-deforestacion\/\" target=\"_parent\" rel=\"noopener\">anteproyecto de Ley<\/a> que desarrolla el reglamento europeo y que la doten presupuestariamente para que se aplique correctamente.<\/p>\n<p class=\"\">La aprobaci\u00f3n de la Ley de Presupuestos Generales es una oportunidad inmejorable para demostrar el compromiso de Espa\u00f1a con la justicia clim\u00e1tica y la biodiversidad, aumentando los recursos que permiten a las autoridades \u2013estatales y auton\u00f3micas\u2013 velar por el cumplimiento de la ley y evitar la deforestaci\u00f3n importada. La Alianza Cero Deforestaci\u00f3n se compromete a seguir trabajando para que las personas que viven en Espa\u00f1a puedan estar seguras de que a trav\u00e9s de sus compras no est\u00e1n colaborando con la deforestaci\u00f3n del planeta y la destrucci\u00f3n de h\u00e1bitats como las selvas tropicales.<\/p>\n<p>&nbsp;<\/p>\n<aside class=\"a_np\"><em><strong>Carlos Bravo<\/strong>, asesor senior de Mighty Earth<\/em><br \/>\n<em><strong>Nacho Escart\u00edn<\/strong>, portavoz de Ecologistas en Acci\u00f3n<\/em><br \/>\n<em><strong>Soledad Gallego<\/strong>, directora de ClientEarth Espa\u00f1a\u00a0<\/em><br \/>\n<em><strong>Juan Carlos del Olmo<\/strong>, secretario general de WWF Espa\u00f1a\u00a0<\/em><br \/>\n<em><strong>Asunci\u00f3n Ruiz<\/strong>, directora ejecutiva de SEO\/BirdLife\u00a0<\/em><br \/>\n<em><strong>Blanca Ruibal<\/strong>, coordinadora de Amigas de la Tierra<\/em><br \/>\n<em><strong>Eva Salda\u00f1a Buenache<\/strong>, directora ejecutiva de Greenpeace Espa\u00f1a<\/em><br \/>\n<em><strong>David S\u00e1nchez<\/strong>, director de la Federaci\u00f3n de Consumidores y Usuarios (CECU)\u00a0<\/em><\/aside>\n<\/div>\n<\/div>\n<\/div>\n<div class=\"et_pb_with_border et_pb_row et_pb_row_2_tb_body\">\n<div class=\"et_pb_column et_pb_column_4_4 et_pb_column_2_tb_body  et_pb_css_mix_blend_mode_passthrough et-last-child\">\n<div class=\"et_pb_module et_pb_text et_pb_text_0_tb_body  et_pb_text_align_left et_pb_bg_layout_light\">\n<div class=\"et_pb_text_inner\"><\/div>\n<\/div>\n<div class=\"et_pb_module et_pb_text et_pb_text_3_tb_body et_clickable  et_pb_text_align_left et_pb_bg_layout_light\">\n<div class=\"et_pb_text_inner\"><\/div>\n<\/div>\n<\/div>\n<\/div>\n<\/div>","protected":false},"excerpt":{"rendered":"<p>Buen d\u00eda. Como sab\u00e9is, trabajo en la campa\u00f1a contra la deforestaci\u00f3n importada de Ecologistas en Acci\u00f3n. Nuestro objetivo es que [&hellip;]<\/p>\n","protected":false},"author":1,"featured_media":2631,"comment_status":"closed","ping_status":"closed","sticky":false,"template":"","format":"standard","meta":{"site-sidebar-layout":"default","site-content-layout":"","ast-site-content-layout":"default","site-content-style":"default","site-sidebar-style":"default","ast-global-header-display":"","ast-banner-title-visibility":"","ast-main-header-display":"","ast-hfb-above-header-display":"","ast-hfb-below-header-display":"","ast-hfb-mobile-header-display":"","site-post-title":"","ast-breadcrumbs-content":"","ast-featured-img":"","footer-sml-layout":"","ast-disable-related-posts":"","theme-transparent-header-meta":"","adv-header-id-meta":"","stick-header-meta":"","header-above-stick-meta":"","header-main-stick-meta":"","header-below-stick-meta":"","astra-migrate-meta-layouts":"default","ast-page-background-enabled":"default","ast-page-background-meta":{"desktop":{"background-color":"","background-image":"","background-repeat":"repeat","background-position":"center center","background-size":"auto","background-attachment":"scroll","background-type":"","background-media":"","overlay-type":"","overlay-color":"","overlay-opacity":"","overlay-gradient":""},"tablet":{"background-color":"","background-image":"","background-repeat":"repeat","background-position":"center center","background-size":"auto","background-attachment":"scroll","background-type":"","background-media":"","overlay-type":"","overlay-color":"","overlay-opacity":"","overlay-gradient":""},"mobile":{"background-color":"","background-image":"","background-repeat":"repeat","background-position":"center center","background-size":"auto","background-attachment":"scroll","background-type":"","background-media":"","overlay-type":"","overlay-color":"","overlay-opacity":"","overlay-gradient":""}},"ast-content-background-meta":{"desktop":{"background-color":"var(--ast-global-color-5)","background-image":"","background-repeat":"repeat","background-position":"center center","background-size":"auto","background-attachment":"scroll","background-type":"","background-media":"","overlay-type":"","overlay-color":"","overlay-opacity":"","overlay-gradient":""},"tablet":{"background-color":"var(--ast-global-color-5)","background-image":"","background-repeat":"repeat","background-position":"center center","background-size":"auto","background-attachment":"scroll","background-type":"","background-media":"","overlay-type":"","overlay-color":"","overlay-opacity":"","overlay-gradient":""},"mobile":{"background-color":"var(--ast-global-color-5)","background-image":"","background-repeat":"repeat","background-position":"center center","background-size":"auto","background-attachment":"scroll","background-type":"","background-media":"","overlay-type":"","overlay-color":"","overlay-opacity":"","overlay-gradient":""}},"_joinchat":[],"footnotes":""},"categories":[26,24,25],"tags":[478,592,836,71,778,837,838,785,398,365,86,37,835],"class_list":["post-2575","post","type-post","status-publish","format-standard","has-post-thumbnail","hentry","category-cultivando","category-desbrozando","category-enredando","tag-articulo","tag-biodiversidad","tag-bosques","tag-cambio-climatico","tag-comercio","tag-deforestacion","tag-ecologistas","tag-ecologistas-en-accion","tag-leyes","tag-opinion","tag-politica","tag-trabajo","tag-tribuna"],"_links":{"self":[{"href":"https:\/\/nachoescartin.es\/an\/wp-json\/wp\/v2\/posts\/2575","targetHints":{"allow":["GET"]}}],"collection":[{"href":"https:\/\/nachoescartin.es\/an\/wp-json\/wp\/v2\/posts"}],"about":[{"href":"https:\/\/nachoescartin.es\/an\/wp-json\/wp\/v2\/types\/post"}],"author":[{"embeddable":true,"href":"https:\/\/nachoescartin.es\/an\/wp-json\/wp\/v2\/users\/1"}],"replies":[{"embeddable":true,"href":"https:\/\/nachoescartin.es\/an\/wp-json\/wp\/v2\/comments?post=2575"}],"version-history":[{"count":0,"href":"https:\/\/nachoescartin.es\/an\/wp-json\/wp\/v2\/posts\/2575\/revisions"}],"wp:featuredmedia":[{"embeddable":true,"href":"https:\/\/nachoescartin.es\/an\/wp-json\/wp\/v2\/media\/2631"}],"wp:attachment":[{"href":"https:\/\/nachoescartin.es\/an\/wp-json\/wp\/v2\/media?parent=2575"}],"wp:term":[{"taxonomy":"category","embeddable":true,"href":"https:\/\/nachoescartin.es\/an\/wp-json\/wp\/v2\/categories?post=2575"},{"taxonomy":"post_tag","embeddable":true,"href":"https:\/\/nachoescartin.es\/an\/wp-json\/wp\/v2\/tags?post=2575"}],"curies":[{"name":"wp","href":"https:\/\/api.w.org\/{rel}","templated":true}]}}