{"id":2574,"date":"2024-09-27T10:38:16","date_gmt":"2024-09-27T08:38:16","guid":{"rendered":"https:\/\/nachoescartin.es\/?p=1739"},"modified":"2024-09-27T10:38:16","modified_gmt":"2024-09-27T08:38:16","slug":"autoritarismo-reaccionario-o-participacion-social","status":"publish","type":"post","link":"https:\/\/nachoescartin.es\/an\/autoritarismo-reaccionario-o-participacion-social\/","title":{"rendered":"Autoritarismo reaccionario o participaci\u00f3n social"},"content":{"rendered":"<p>\ud83d\ude4b\ud83c\udffc\u200d\u2642\ufe0f El 16 de septiembre de 2024 publiqu\u00e9 este este art\u00edculo sobre retos pol\u00edticos en <strong><a href=\"https:\/\/www.elperiodicodearagon.com\/opinion\/2024\/09\/16\/autoritarismo-reaccionario-o-participacion-social-108171706.html\" target=\"_blank\" rel=\"noopener\">El Peri\u00f3dico de Arag\u00f3n<\/a><\/strong>, a ra\u00edz de mi intervenci\u00f3n en un debate de la Plataforma Progresista, <a href=\"https:\/\/youtu.be\/2FksY9rpKak?si=BSSGossG0GC50ogo\" target=\"_blank\" rel=\"noopener\"><strong>que pod\u00e9is ver aqu\u00ed<\/strong><\/a>.<\/p>\n<p>\u00a1Te animo a leer y compartir! Gracias \ud83d\ude0a<\/p>\n<p align=\"justify\">Construir utop\u00edas contagiosas y reales es nuestro principal reto. Las alternativas pr\u00e1cticas nos permiten huir del individualismo y la atomizaci\u00f3n que benefician a unos pocos y debilitan una comunidad diversa, en la que necesitamos respeto a las plurales identidades y una organizaci\u00f3n de lo com\u00fan en la que no dejemos a nadie atr\u00e1s.<\/p>\n<p align=\"justify\">Todo lo contrario de lo que hacen las derechas all\u00ed donde gobiernan. En Arag\u00f3n y en Zaragoza, dan cuerpo a las arengas de Trump. La estrategia del autoritarismo reaccionario es global y pasa por toros y antiabortistas, s\u00ed, por nacionalismos excluyentes, racistas y machistas y, sobre todo, que los m\u00e1s poderosos sigan benefici\u00e1ndose de la vida en el planeta. El populismo, las conspiranoias y las noticias falsas les sirven en su agenda negacionista, belicista y colonialista. As\u00ed, el mundo sangra en Palestina, el Congo o Yemen. Millones de personas sufren bombardeos, hambre y miseria. Mientras, se superan los peores anuncios de la comunidad cient\u00edfica, con m\u00e1s sequ\u00edas, m\u00e1s desertificaci\u00f3n y fen\u00f3menos clim\u00e1ticos cada vez m\u00e1s virulentos y da\u00f1inos.<\/p>\n<p align=\"justify\">Las derechas planifican el Estado y las instituciones para beneficiar a unos pocos. Pura lucha de clases. Su codicia est\u00e1 por encima de todo lo dem\u00e1s y a costa del trabajo de todos. Acumular capital y blindar privilegios es su vocaci\u00f3n: rebajas de impuestos a los m\u00e1s ricos, alfombra roja a sus empresas privadas y, cuando haga falta, uso de la fuerza para imponerse.<\/p>\n<p align=\"justify\">El PP amplifica discursos de odio y miedos, de manera furibunda en redes sociales y medios controlados por ellos. Tienen mantras obsesivos: inmigrantes peligrosos, progresismo culpable de todo, machismo y patriotismo caduco. Todo vale en su ambici\u00f3n despiadada por alcanzar el gobierno central. Un reto que PP y Vox saben complicado, dado que los resultados de 2023 fueron ajustados. Un pu\u00f1ado de votos define los gobiernos en muchos lugares y, con la ley electoral espa\u00f1ola en la mano, alcanzar mayor\u00edas absolutas en Espa\u00f1a no es f\u00e1cil.<\/p>\n<p align=\"justify\">Todo lo que camina hacia la justicia social, la igualdad, la salud comunitaria o la sostenibilidad, les sobra. Recortan, cierran y reprimen los espacios en los que se construyen comunidades activas y s\u00f3lidas, donde cualquier persona puede participar: perjudican la educaci\u00f3n p\u00fablica y subvencionan m\u00e1s la privada, atacan y cierran centros sociales, culturales y casas de juventud, abandonan parques y plazas sombreadas de los barrios. Les sobran las bicicletas, las redes de apoyo y el tejido asociativo. Saben que si controlan nuestro tiempo y nuestros espacios, controlan nuestras vidas.<\/p>\n<p align=\"justify\">De la Canal Roya al Maestrazgo, todo Arag\u00f3n est\u00e1 en la diana de la ocurrencia de cualquier iluminado de un consejo de administraci\u00f3n, de un fondo buitre de inversi\u00f3n o de un banco multinacional. Buscan aprovecharse de los recursos de todos y del trabajo de los dem\u00e1s. Azc\u00f3n, como si fuera un mayordomo de los patrones, les pone alfombra roja para seguir con un modelo capitalista que genera m\u00e1s y m\u00e1s desigualdades, empeora los servicios p\u00fablicos, destruye ecosistemas (el planeta mismo) y empeora nuestras vidas. Todo ello con una gesti\u00f3n penosa, que aleja de Arag\u00f3n proyectos grandiosos de Amazon, Maersk o Becton Dickinson (datos, log\u00edsitica y jeringuillas).<\/p>\n<p align=\"justify\">La democracia va de alcanzar acuerdos para mejorar la vida de la gente. No de unos pocos. Por eso, pese a la delicada aritm\u00e9tica institucional en Madrid, con la dependencia de Junts o PNV para aprobar leyes y presupuestos, S\u00e1nchez y D\u00edaz deben salir del fango pol\u00edtico en el que quieren chapotear las derechas y esmerarse para alcanzar pactos de presupuestos y leyes que ampl\u00eden derechos y oportunidades: servicios p\u00fablicos de calidad, viviendas dignas, mejores salarios y menos jornadas de trabajo, m\u00e1s financiaci\u00f3n para municipios y autonom\u00edas, sostenibilidad, descentralizaci\u00f3n, equidad.<\/p>\n<p align=\"justify\">Quienes defendemos a la gente y al territorio frente a oligarcas y caciques nos toca cuidarnos y encontrarnos, participar, apoyar y confluir las luchas existentes: mareas por la p\u00fablica, cooperativas, sindicatos, partidos, colectivos y redes feministas, ecologistas, culturales, solidarias, democr\u00e1ticas. Defendamos los espacios que ya existen, confraternicemos, debatamos y creemos nuevos artefactos de transformaci\u00f3n. En las luchas y en la construcci\u00f3n de alternativas nos encontramos y de ah\u00ed nacer\u00e1n las nuevas herramientas de este ciclo pol\u00edtico que, empieza, como cada curso, con renovadas esperanzas, energ\u00edas y proyectos.<\/p>\n<p>&nbsp;<\/p>","protected":false},"excerpt":{"rendered":"<p>\ud83d\ude4b\ud83c\udffc\u200d\u2642\ufe0f El 16 de septiembre de 2024 publiqu\u00e9 este este art\u00edculo sobre retos pol\u00edticos en El Peri\u00f3dico de Arag\u00f3n, a [&hellip;]<\/p>\n","protected":false},"author":1,"featured_media":1740,"comment_status":"closed","ping_status":"closed","sticky":false,"template":"","format":"standard","meta":{"site-sidebar-layout":"default","site-content-layout":"","ast-site-content-layout":"default","site-content-style":"default","site-sidebar-style":"default","ast-global-header-display":"","ast-banner-title-visibility":"","ast-main-header-display":"","ast-hfb-above-header-display":"","ast-hfb-below-header-display":"","ast-hfb-mobile-header-display":"","site-post-title":"","ast-breadcrumbs-content":"","ast-featured-img":"","footer-sml-layout":"","ast-disable-related-posts":"","theme-transparent-header-meta":"","adv-header-id-meta":"","stick-header-meta":"","header-above-stick-meta":"","header-main-stick-meta":"","header-below-stick-meta":"","astra-migrate-meta-layouts":"default","ast-page-background-enabled":"default","ast-page-background-meta":{"desktop":{"background-color":"","background-image":"","background-repeat":"repeat","background-position":"center center","background-size":"auto","background-attachment":"scroll","background-type":"","background-media":"","overlay-type":"","overlay-color":"","overlay-opacity":"","overlay-gradient":""},"tablet":{"background-color":"","background-image":"","background-repeat":"repeat","background-position":"center center","background-size":"auto","background-attachment":"scroll","background-type":"","background-media":"","overlay-type":"","overlay-color":"","overlay-opacity":"","overlay-gradient":""},"mobile":{"background-color":"","background-image":"","background-repeat":"repeat","background-position":"center center","background-size":"auto","background-attachment":"scroll","background-type":"","background-media":"","overlay-type":"","overlay-color":"","overlay-opacity":"","overlay-gradient":""}},"ast-content-background-meta":{"desktop":{"background-color":"var(--ast-global-color-5)","background-image":"","background-repeat":"repeat","background-position":"center center","background-size":"auto","background-attachment":"scroll","background-type":"","background-media":"","overlay-type":"","overlay-color":"","overlay-opacity":"","overlay-gradient":""},"tablet":{"background-color":"var(--ast-global-color-5)","background-image":"","background-repeat":"repeat","background-position":"center center","background-size":"auto","background-attachment":"scroll","background-type":"","background-media":"","overlay-type":"","overlay-color":"","overlay-opacity":"","overlay-gradient":""},"mobile":{"background-color":"var(--ast-global-color-5)","background-image":"","background-repeat":"repeat","background-position":"center center","background-size":"auto","background-attachment":"scroll","background-type":"","background-media":"","overlay-type":"","overlay-color":"","overlay-opacity":"","overlay-gradient":""}},"_joinchat":[],"footnotes":""},"categories":[26,24,25,23],"tags":[478,833,182,834,365,462,86,835],"class_list":["post-2574","post","type-post","status-publish","format-standard","has-post-thumbnail","hentry","category-cultivando","category-desbrozando","category-enredando","category-sembrando","tag-articulo","tag-autoritarismo","tag-democracia","tag-lucha-de-clases","tag-opinion","tag-participacion","tag-politica","tag-tribuna"],"_links":{"self":[{"href":"https:\/\/nachoescartin.es\/an\/wp-json\/wp\/v2\/posts\/2574","targetHints":{"allow":["GET"]}}],"collection":[{"href":"https:\/\/nachoescartin.es\/an\/wp-json\/wp\/v2\/posts"}],"about":[{"href":"https:\/\/nachoescartin.es\/an\/wp-json\/wp\/v2\/types\/post"}],"author":[{"embeddable":true,"href":"https:\/\/nachoescartin.es\/an\/wp-json\/wp\/v2\/users\/1"}],"replies":[{"embeddable":true,"href":"https:\/\/nachoescartin.es\/an\/wp-json\/wp\/v2\/comments?post=2574"}],"version-history":[{"count":0,"href":"https:\/\/nachoescartin.es\/an\/wp-json\/wp\/v2\/posts\/2574\/revisions"}],"wp:featuredmedia":[{"embeddable":true,"href":"https:\/\/nachoescartin.es\/an\/wp-json\/wp\/v2\/media\/1740"}],"wp:attachment":[{"href":"https:\/\/nachoescartin.es\/an\/wp-json\/wp\/v2\/media?parent=2574"}],"wp:term":[{"taxonomy":"category","embeddable":true,"href":"https:\/\/nachoescartin.es\/an\/wp-json\/wp\/v2\/categories?post=2574"},{"taxonomy":"post_tag","embeddable":true,"href":"https:\/\/nachoescartin.es\/an\/wp-json\/wp\/v2\/tags?post=2574"}],"curies":[{"name":"wp","href":"https:\/\/api.w.org\/{rel}","templated":true}]}}