{"id":2573,"date":"2024-09-16T12:56:57","date_gmt":"2024-09-16T10:56:57","guid":{"rendered":"https:\/\/nachoescartin.es\/?p=1728"},"modified":"2024-09-16T12:56:57","modified_gmt":"2024-09-16T10:56:57","slug":"que-divertido-es-este-podcast-escolar","status":"publish","type":"post","link":"https:\/\/nachoescartin.es\/an\/que-divertido-es-este-podcast-escolar\/","title":{"rendered":"\u00a1Qu\u00e9 divertido es este podcast escolar!"},"content":{"rendered":"<p>[player id=1730]<\/p>\n<p>Este podcast lo hicieron las ni\u00f1as y ni\u00f1os de 3\u00ba y 4\u00ba de Primaria del Colegio Rural Agrupado (CRA) La Sabina de Nuez de Ebro. Puedes descargarlo y escucharlo tambi\u00e9n aqu\u00ed en <a href=\"https:\/\/archive.org\/details\/23-06-las-tontadas-de-tercero-y-cuarto\" target=\"_blank\" rel=\"noopener\"><strong>archive.org<\/strong><\/a> y en <a href=\"https:\/\/www.ivoox.com\/tontadas-tercero-cuarto-audios-mp3_rf_110957541_1.html\" target=\"_blank\" rel=\"noopener\"><strong>Ivoox<\/strong><\/a>. Hace algo m\u00e1s de un a\u00f1o, su profesor tutor me sugiri\u00f3 que, en los \u00faltimos d\u00edas del curso, les ense\u00f1ara a hacer radio&#8230; \u00a1y yo encantado! Durante algunos d\u00edas, en clase, estuvimos aprendiendo las posibilidades de la sonoridad y c\u00f3mo hacer un podcast. \u00a1Y vaya si aprendieron! El resultado fue sobrebueno, sobre todo por el proceso colectivo y participativo que se gener\u00f3, el inter\u00e9s y sus aportaciones. \u00a1Y lo grabamos con mi m\u00f3vil! Por entonces no ten\u00eda equipo de sonido propio y a\u00fan as\u00ed ya veis lo bien que suena.<\/p>\n<p>Lo recupero hoy porque esta actividad fue el origen inesperado de plantearme como posibilidad profesional ofrecer talleres de radio y podcast a centros educativos, entidades e instituciones. \u00a1Y en eso estamos! Estoy muy contento con las actividades que hemos hecho en colegios, institutos, bibliotecas y asociaciones. \u00a1Y me encantar\u00eda seguir dinamizando este tipo de talleres! As\u00ed que si te apetece, cont\u00e1ctame en <a href=\"mailto:laenredadera@nodo50.org\"><strong>laenredadera@nodo50.org<\/strong><\/a> y hablamos. Pronto se vienen algunas propuestas que ya estamos detallando \ud83d\ude09<\/p>\n","protected":false},"excerpt":{"rendered":"<p>[player id=1730] Este podcast lo hicieron las ni\u00f1as y ni\u00f1os de 3\u00ba y 4\u00ba de Primaria del Colegio Rural Agrupado [&hellip;]<\/p>\n","protected":false},"author":1,"featured_media":2630,"comment_status":"closed","ping_status":"closed","sticky":false,"template":"","format":"standard","meta":{"site-sidebar-layout":"default","site-content-layout":"","ast-site-content-layout":"default","site-content-style":"default","site-sidebar-style":"default","ast-global-header-display":"","ast-banner-title-visibility":"","ast-main-header-display":"","ast-hfb-above-header-display":"","ast-hfb-below-header-display":"","ast-hfb-mobile-header-display":"","site-post-title":"","ast-breadcrumbs-content":"","ast-featured-img":"","footer-sml-layout":"","ast-disable-related-posts":"","theme-transparent-header-meta":"","adv-header-id-meta":"","stick-header-meta":"","header-above-stick-meta":"","header-main-stick-meta":"","header-below-stick-meta":"","astra-migrate-meta-layouts":"default","ast-page-background-enabled":"default","ast-page-background-meta":{"desktop":{"background-color":"","background-image":"","background-repeat":"repeat","background-position":"center center","background-size":"auto","background-attachment":"scroll","background-type":"","background-media":"","overlay-type":"","overlay-color":"","overlay-opacity":"","overlay-gradient":""},"tablet":{"background-color":"","background-image":"","background-repeat":"repeat","background-position":"center center","background-size":"auto","background-attachment":"scroll","background-type":"","background-media":"","overlay-type":"","overlay-color":"","overlay-opacity":"","overlay-gradient":""},"mobile":{"background-color":"","background-image":"","background-repeat":"repeat","background-position":"center center","background-size":"auto","background-attachment":"scroll","background-type":"","background-media":"","overlay-type":"","overlay-color":"","overlay-opacity":"","overlay-gradient":""}},"ast-content-background-meta":{"desktop":{"background-color":"var(--ast-global-color-5)","background-image":"","background-repeat":"repeat","background-position":"center center","background-size":"auto","background-attachment":"scroll","background-type":"","background-media":"","overlay-type":"","overlay-color":"","overlay-opacity":"","overlay-gradient":""},"tablet":{"background-color":"var(--ast-global-color-5)","background-image":"","background-repeat":"repeat","background-position":"center center","background-size":"auto","background-attachment":"scroll","background-type":"","background-media":"","overlay-type":"","overlay-color":"","overlay-opacity":"","overlay-gradient":""},"mobile":{"background-color":"var(--ast-global-color-5)","background-image":"","background-repeat":"repeat","background-position":"center center","background-size":"auto","background-attachment":"scroll","background-type":"","background-media":"","overlay-type":"","overlay-color":"","overlay-opacity":"","overlay-gradient":""}},"_joinchat":[],"footnotes":""},"categories":[26,25,808,23,27],"tags":[],"class_list":["post-2573","post","type-post","status-publish","format-standard","has-post-thumbnail","hentry","category-cultivando","category-enredando","category-formando","category-sembrando","category-sin-categoria"],"_links":{"self":[{"href":"https:\/\/nachoescartin.es\/an\/wp-json\/wp\/v2\/posts\/2573","targetHints":{"allow":["GET"]}}],"collection":[{"href":"https:\/\/nachoescartin.es\/an\/wp-json\/wp\/v2\/posts"}],"about":[{"href":"https:\/\/nachoescartin.es\/an\/wp-json\/wp\/v2\/types\/post"}],"author":[{"embeddable":true,"href":"https:\/\/nachoescartin.es\/an\/wp-json\/wp\/v2\/users\/1"}],"replies":[{"embeddable":true,"href":"https:\/\/nachoescartin.es\/an\/wp-json\/wp\/v2\/comments?post=2573"}],"version-history":[{"count":0,"href":"https:\/\/nachoescartin.es\/an\/wp-json\/wp\/v2\/posts\/2573\/revisions"}],"wp:featuredmedia":[{"embeddable":true,"href":"https:\/\/nachoescartin.es\/an\/wp-json\/wp\/v2\/media\/2630"}],"wp:attachment":[{"href":"https:\/\/nachoescartin.es\/an\/wp-json\/wp\/v2\/media?parent=2573"}],"wp:term":[{"taxonomy":"category","embeddable":true,"href":"https:\/\/nachoescartin.es\/an\/wp-json\/wp\/v2\/categories?post=2573"},{"taxonomy":"post_tag","embeddable":true,"href":"https:\/\/nachoescartin.es\/an\/wp-json\/wp\/v2\/tags?post=2573"}],"curies":[{"name":"wp","href":"https:\/\/api.w.org\/{rel}","templated":true}]}}