{"id":2570,"date":"2024-07-11T16:38:50","date_gmt":"2024-07-11T14:38:50","guid":{"rendered":"https:\/\/nachoescartin.es\/?p=1670"},"modified":"2024-07-11T16:38:50","modified_gmt":"2024-07-11T14:38:50","slug":"que-guay-el-taller-de-radio-y-podcast-en-villafranca-de-ebro","status":"publish","type":"post","link":"https:\/\/nachoescartin.es\/an\/que-guay-el-taller-de-radio-y-podcast-en-villafranca-de-ebro\/","title":{"rendered":"\u00a1Qu\u00e9 guay el taller de radio y podcast en Villafranca de Ebro!"},"content":{"rendered":"<p>El mi\u00e9rcoles 3 de julio de 2024 disfrutamos de un taller de radio y podcast en la Biblioteca El Olmo de Villlafranca de Ebro. La actividad se llen\u00f3 con 15 ni\u00f1as y ni\u00f1os de entre 8 y 12 a\u00f1os, a quienes tuve la emoci\u00f3n y el placer de acompa\u00f1ar en su primera creaci\u00f3n radiof\u00f3nica. Aunque algunos hac\u00edan radio por primera vez, todos fueron capaces de aportar en la realizaci\u00f3n del guion, las locuciones y la selecci\u00f3n de los contenidos en la escaleta y el nombre com\u00fan del podcast, \u00abVoces del Pueblo\u00bb. \u00a1Lo hicieron fenomenal y demostraron el enorme potencial de la oralidad y las ganas que ten\u00edan de continuar!<\/p>\n<p>Para organizar una actividad de este estilo, adaptada a diferentes formatos, edades y niveles, puedes contactarme y escribirme a laenredadera@nodo50.org.<\/p>\n<p><img fetchpriority=\"high\" decoding=\"async\" class=\"alignnone size-medium wp-image-1673\" src=\"https:\/\/nachoescartin.es\/wp-content\/uploads\/2024\/07\/photo_2024-07-11_16-28-12-300x225.jpg\" alt=\"\" width=\"300\" height=\"225\" \/> <img decoding=\"async\" class=\"alignnone size-medium wp-image-1674\" src=\"https:\/\/nachoescartin.es\/wp-content\/uploads\/2024\/07\/photo_2024-07-11_16-28-26-300x225.jpg\" alt=\"\" width=\"300\" height=\"225\" \/> <img decoding=\"async\" class=\"alignnone size-medium wp-image-1675\" src=\"https:\/\/nachoescartin.es\/wp-content\/uploads\/2024\/07\/photo_2024-07-11_16-28-31-300x225.jpg\" alt=\"\" width=\"300\" height=\"225\" \/> <img loading=\"lazy\" decoding=\"async\" class=\"alignnone size-medium wp-image-1676\" src=\"https:\/\/nachoescartin.es\/wp-content\/uploads\/2024\/07\/photo_2024-07-11_16-28-36-300x225.jpg\" alt=\"\" width=\"300\" height=\"225\" \/> <img loading=\"lazy\" decoding=\"async\" class=\"alignnone size-medium wp-image-1677\" src=\"https:\/\/nachoescartin.es\/wp-content\/uploads\/2024\/07\/photo_2024-07-11_16-28-44-300x300.jpg\" alt=\"\" width=\"300\" height=\"300\" \/> <img loading=\"lazy\" decoding=\"async\" class=\"alignnone size-medium wp-image-1678\" src=\"https:\/\/nachoescartin.es\/wp-content\/uploads\/2024\/07\/photo_2024-07-11_16-28-51-300x225.jpg\" alt=\"\" width=\"300\" height=\"225\" \/> <img loading=\"lazy\" decoding=\"async\" class=\"alignnone size-medium wp-image-1679\" src=\"https:\/\/nachoescartin.es\/wp-content\/uploads\/2024\/07\/photo_2024-07-11_16-28-56-232x300.jpg\" alt=\"\" width=\"232\" height=\"300\" \/> <img loading=\"lazy\" decoding=\"async\" class=\"alignnone size-medium wp-image-1680\" src=\"https:\/\/nachoescartin.es\/wp-content\/uploads\/2024\/07\/photo_2024-07-11_16-29-00-300x225.jpg\" alt=\"\" width=\"300\" height=\"225\" \/><img loading=\"lazy\" decoding=\"async\" class=\"alignnone size-medium wp-image-1681\" src=\"https:\/\/nachoescartin.es\/wp-content\/uploads\/2024\/07\/photo_2024-07-11_16-37-13-300x300.jpg\" alt=\"\" width=\"300\" height=\"300\" \/><\/p>","protected":false},"excerpt":{"rendered":"<p>El mi\u00e9rcoles 3 de julio de 2024 disfrutamos de un taller de radio y podcast en la Biblioteca El Olmo [&hellip;]<\/p>\n","protected":false},"author":1,"featured_media":2612,"comment_status":"closed","ping_status":"closed","sticky":false,"template":"","format":"standard","meta":{"site-sidebar-layout":"default","site-content-layout":"","ast-site-content-layout":"default","site-content-style":"default","site-sidebar-style":"default","ast-global-header-display":"","ast-banner-title-visibility":"","ast-main-header-display":"","ast-hfb-above-header-display":"","ast-hfb-below-header-display":"","ast-hfb-mobile-header-display":"","site-post-title":"","ast-breadcrumbs-content":"","ast-featured-img":"","footer-sml-layout":"","ast-disable-related-posts":"","theme-transparent-header-meta":"","adv-header-id-meta":"","stick-header-meta":"","header-above-stick-meta":"","header-main-stick-meta":"","header-below-stick-meta":"","astra-migrate-meta-layouts":"default","ast-page-background-enabled":"default","ast-page-background-meta":{"desktop":{"background-color":"","background-image":"","background-repeat":"repeat","background-position":"center center","background-size":"auto","background-attachment":"scroll","background-type":"","background-media":"","overlay-type":"","overlay-color":"","overlay-opacity":"","overlay-gradient":""},"tablet":{"background-color":"","background-image":"","background-repeat":"repeat","background-position":"center center","background-size":"auto","background-attachment":"scroll","background-type":"","background-media":"","overlay-type":"","overlay-color":"","overlay-opacity":"","overlay-gradient":""},"mobile":{"background-color":"","background-image":"","background-repeat":"repeat","background-position":"center center","background-size":"auto","background-attachment":"scroll","background-type":"","background-media":"","overlay-type":"","overlay-color":"","overlay-opacity":"","overlay-gradient":""}},"ast-content-background-meta":{"desktop":{"background-color":"var(--ast-global-color-5)","background-image":"","background-repeat":"repeat","background-position":"center center","background-size":"auto","background-attachment":"scroll","background-type":"","background-media":"","overlay-type":"","overlay-color":"","overlay-opacity":"","overlay-gradient":""},"tablet":{"background-color":"var(--ast-global-color-5)","background-image":"","background-repeat":"repeat","background-position":"center center","background-size":"auto","background-attachment":"scroll","background-type":"","background-media":"","overlay-type":"","overlay-color":"","overlay-opacity":"","overlay-gradient":""},"mobile":{"background-color":"var(--ast-global-color-5)","background-image":"","background-repeat":"repeat","background-position":"center center","background-size":"auto","background-attachment":"scroll","background-type":"","background-media":"","overlay-type":"","overlay-color":"","overlay-opacity":"","overlay-gradient":""}},"_joinchat":[],"footnotes":""},"categories":[26,808],"tags":[699,812,29,39,31,394,432,381,33,366,35,216],"class_list":["post-2570","post","type-post","status-publish","format-standard","has-post-thumbnail","hentry","category-cultivando","category-formando","tag-adolescencia","tag-biblioteca","tag-comunicacion","tag-cultura","tag-formacion","tag-infancia","tag-jovenes","tag-ninos","tag-podcast","tag-pueblo","tag-radio","tag-rural"],"_links":{"self":[{"href":"https:\/\/nachoescartin.es\/an\/wp-json\/wp\/v2\/posts\/2570","targetHints":{"allow":["GET"]}}],"collection":[{"href":"https:\/\/nachoescartin.es\/an\/wp-json\/wp\/v2\/posts"}],"about":[{"href":"https:\/\/nachoescartin.es\/an\/wp-json\/wp\/v2\/types\/post"}],"author":[{"embeddable":true,"href":"https:\/\/nachoescartin.es\/an\/wp-json\/wp\/v2\/users\/1"}],"replies":[{"embeddable":true,"href":"https:\/\/nachoescartin.es\/an\/wp-json\/wp\/v2\/comments?post=2570"}],"version-history":[{"count":0,"href":"https:\/\/nachoescartin.es\/an\/wp-json\/wp\/v2\/posts\/2570\/revisions"}],"wp:featuredmedia":[{"embeddable":true,"href":"https:\/\/nachoescartin.es\/an\/wp-json\/wp\/v2\/media\/2612"}],"wp:attachment":[{"href":"https:\/\/nachoescartin.es\/an\/wp-json\/wp\/v2\/media?parent=2570"}],"wp:term":[{"taxonomy":"category","embeddable":true,"href":"https:\/\/nachoescartin.es\/an\/wp-json\/wp\/v2\/categories?post=2570"},{"taxonomy":"post_tag","embeddable":true,"href":"https:\/\/nachoescartin.es\/an\/wp-json\/wp\/v2\/tags?post=2570"}],"curies":[{"name":"wp","href":"https:\/\/api.w.org\/{rel}","templated":true}]}}