{"id":2567,"date":"2024-06-25T09:49:27","date_gmt":"2024-06-25T07:49:27","guid":{"rendered":"https:\/\/nachoescartin.es\/?p=1651"},"modified":"2024-06-25T09:49:27","modified_gmt":"2024-06-25T07:49:27","slug":"te-apetece-aprender-radio-y-podcast-contactame","status":"publish","type":"post","link":"https:\/\/nachoescartin.es\/an\/te-apetece-aprender-radio-y-podcast-contactame\/","title":{"rendered":"\u00bfTe apetece aprender radio y podcast? \u00a1Cont\u00e1ctame!"},"content":{"rendered":"<p style=\"text-align: justify;\" align=\"justify\">\u00bfTe interesa la <strong>radio<\/strong> y el <strong>podcast<\/strong>? \u00a1Esta es tu oportunidad! Te invitamos a participar en nuestros talleres dise\u00f1ados para todos los niveles y edades, desde Infantil hasta personas adultas. Ofrecemos una experiencia pr\u00e1ctica y muy enriquecedora que te permitir\u00e1 explorar el fascinante mundo del sonido.<\/p>\n<p style=\"text-align: justify;\" align=\"justify\"><b>Propuestas <\/b><b>de Talleres<\/b><b>:<\/b><\/p>\n<p style=\"text-align: justify;\" align=\"justify\">1. <b>Taller <\/b><b>de iniciaci\u00f3n<\/b>: Aprende a realizar tu podcast o programa de radio.<\/p>\n<p style=\"text-align: justify;\" align=\"justify\">2- <b>Taller \u201c<\/b><b>Hacemos nuestro propio podcast\u201d<\/b>: Crea y mant\u00e9n un programa de radio o podcast con periodicidad.<\/p>\n<p style=\"text-align: justify;\" align=\"justify\">3- <b>Taller<\/b><b>es tem\u00e1ticos<\/b>: Abordamos temas como igualdad, nuevas masculinidades, medio ambiente, ecolog\u00eda, alimentaci\u00f3n sana, agroecolog\u00eda y m\u00e1s.<\/p>\n<p align=\"justify\">Cont\u00e1ctame en <strong>laenredadera@nodo50.org <\/strong>y te contar\u00e9 muchos m\u00e1s detalles. Son actividades muy accesibles y asequibles, divertidas y adecuadas para desarrollar habilidades clave como la <strong>expresi\u00f3n oral<\/strong>, la <strong>lecto-escritura<\/strong>, la <strong>locuci\u00f3n<\/strong>, el <strong>trabajo en equipo<\/strong>, la <strong>autoestima<\/strong> y la <strong>creatividad<\/strong>, la <strong>investigaci\u00f3n<\/strong>, el <strong>pensamiento cr\u00edtico<\/strong> y las <strong>habilidades digitales<\/strong>. <strong><br \/>\n<\/strong><\/p>\n<p align=\"justify\">Son talleres eminentemente <strong>pr\u00e1cticos<\/strong>, adaptados a las necesidades y niveles de las personas participantes. De 2, 3 horas&#8230; o todo un curso completo. Proporcionamos todo el material necesario, formativo y t\u00e9cnico.\u00a0<b><\/b><\/p>\n<p align=\"justify\">\u00a1Te animo a contactarme en <strong>laenredadera@nodo50.org<\/strong>!<\/p>","protected":false},"excerpt":{"rendered":"<p>\u00bfTe interesa la radio y el podcast? \u00a1Esta es tu oportunidad! Te invitamos a participar en nuestros talleres dise\u00f1ados para [&hellip;]<\/p>\n","protected":false},"author":1,"featured_media":2605,"comment_status":"closed","ping_status":"closed","sticky":true,"template":"","format":"standard","meta":{"site-sidebar-layout":"default","site-content-layout":"","ast-site-content-layout":"default","site-content-style":"default","site-sidebar-style":"default","ast-global-header-display":"","ast-banner-title-visibility":"","ast-main-header-display":"","ast-hfb-above-header-display":"","ast-hfb-below-header-display":"","ast-hfb-mobile-header-display":"","site-post-title":"","ast-breadcrumbs-content":"","ast-featured-img":"","footer-sml-layout":"","ast-disable-related-posts":"","theme-transparent-header-meta":"","adv-header-id-meta":"","stick-header-meta":"","header-above-stick-meta":"","header-main-stick-meta":"","header-below-stick-meta":"","astra-migrate-meta-layouts":"default","ast-page-background-enabled":"default","ast-page-background-meta":{"desktop":{"background-color":"","background-image":"","background-repeat":"repeat","background-position":"center center","background-size":"auto","background-attachment":"scroll","background-type":"","background-media":"","overlay-type":"","overlay-color":"","overlay-opacity":"","overlay-gradient":""},"tablet":{"background-color":"","background-image":"","background-repeat":"repeat","background-position":"center center","background-size":"auto","background-attachment":"scroll","background-type":"","background-media":"","overlay-type":"","overlay-color":"","overlay-opacity":"","overlay-gradient":""},"mobile":{"background-color":"","background-image":"","background-repeat":"repeat","background-position":"center center","background-size":"auto","background-attachment":"scroll","background-type":"","background-media":"","overlay-type":"","overlay-color":"","overlay-opacity":"","overlay-gradient":""}},"ast-content-background-meta":{"desktop":{"background-color":"var(--ast-global-color-5)","background-image":"","background-repeat":"repeat","background-position":"center center","background-size":"auto","background-attachment":"scroll","background-type":"","background-media":"","overlay-type":"","overlay-color":"","overlay-opacity":"","overlay-gradient":""},"tablet":{"background-color":"var(--ast-global-color-5)","background-image":"","background-repeat":"repeat","background-position":"center center","background-size":"auto","background-attachment":"scroll","background-type":"","background-media":"","overlay-type":"","overlay-color":"","overlay-opacity":"","overlay-gradient":""},"mobile":{"background-color":"var(--ast-global-color-5)","background-image":"","background-repeat":"repeat","background-position":"center center","background-size":"auto","background-attachment":"scroll","background-type":"","background-media":"","overlay-type":"","overlay-color":"","overlay-opacity":"","overlay-gradient":""}},"_joinchat":[],"footnotes":""},"categories":[26,25,808,23],"tags":[802,698,29,795,39,803,804,30,805,806,807,31,385,809,810,811,443,33,35,36],"class_list":["post-2567","post","type-post","status-publish","format-standard","has-post-thumbnail","hentry","category-cultivando","category-enredando","category-formando","category-sembrando","tag-asociaciones","tag-autoestima","tag-comunicacion","tag-creatividad","tag-cultura","tag-cursos","tag-digitalizacion","tag-educacion","tag-entidades","tag-expresion-oral","tag-extraescolares","tag-formacion","tag-instituciones","tag-locucion","tag-oralidad","tag-pensamiento-critico","tag-periodismo","tag-podcast","tag-radio","tag-talleres"],"_links":{"self":[{"href":"https:\/\/nachoescartin.es\/an\/wp-json\/wp\/v2\/posts\/2567","targetHints":{"allow":["GET"]}}],"collection":[{"href":"https:\/\/nachoescartin.es\/an\/wp-json\/wp\/v2\/posts"}],"about":[{"href":"https:\/\/nachoescartin.es\/an\/wp-json\/wp\/v2\/types\/post"}],"author":[{"embeddable":true,"href":"https:\/\/nachoescartin.es\/an\/wp-json\/wp\/v2\/users\/1"}],"replies":[{"embeddable":true,"href":"https:\/\/nachoescartin.es\/an\/wp-json\/wp\/v2\/comments?post=2567"}],"version-history":[{"count":0,"href":"https:\/\/nachoescartin.es\/an\/wp-json\/wp\/v2\/posts\/2567\/revisions"}],"wp:featuredmedia":[{"embeddable":true,"href":"https:\/\/nachoescartin.es\/an\/wp-json\/wp\/v2\/media\/2605"}],"wp:attachment":[{"href":"https:\/\/nachoescartin.es\/an\/wp-json\/wp\/v2\/media?parent=2567"}],"wp:term":[{"taxonomy":"category","embeddable":true,"href":"https:\/\/nachoescartin.es\/an\/wp-json\/wp\/v2\/categories?post=2567"},{"taxonomy":"post_tag","embeddable":true,"href":"https:\/\/nachoescartin.es\/an\/wp-json\/wp\/v2\/tags?post=2567"}],"curies":[{"name":"wp","href":"https:\/\/api.w.org\/{rel}","templated":true}]}}