{"id":2566,"date":"2024-06-02T20:38:33","date_gmt":"2024-06-02T18:38:33","guid":{"rendered":"https:\/\/nachoescartin.es\/?p=1632"},"modified":"2024-06-02T20:38:33","modified_gmt":"2024-06-02T18:38:33","slug":"impar-de-andar-de-nones","status":"publish","type":"post","link":"https:\/\/nachoescartin.es\/an\/impar-de-andar-de-nones\/","title":{"rendered":"\u00abImpar\u00bb de Andar de Nones"},"content":{"rendered":"<p style=\"text-align: justify;\"><span style=\"font-weight: 400;\">Mi amigo Gejo es el coordinador art\u00edstico de Andar de Nones y este libro es una muestra de lo que han creado en el taller situado en La Harinera de Zaragoza en los \u00faltimos 8 a\u00f1os. Andar de Nones es una iniciativa de TEAdir-Arag\u00f3n, asociaci\u00f3n de familias y amigos de personas con autismo, que ha logrado conformar un colectivo de artistas con diversidad ps\u00edquica, que demuestran una enorme capacidad creativa y merecen un mayor apoyo institucional, profesional y art\u00edstico.\u00a0<\/span><\/p>\n<p style=\"text-align: justify;\"><span style=\"font-weight: 400;\">Gejo me propuso hace unos meses aportar en la financiaci\u00f3n colectiva del libro y ya lo tengo entre mis manos. Para empezar, una hoja suelta nada m\u00e1s abrirlo me lleva al Manifiesto Impar, a modo de presentaci\u00f3n, una cuartilla en la que este grupo zaragozano se presenta al mundo y reivindica \u201cnuestro derecho a crear cultura\u201d. \u00a1Y vaya si lo consiguen!\u00a0<\/span><\/p>\n<p style=\"text-align: justify;\"><span style=\"font-weight: 400;\">Con el dise\u00f1o gr\u00e1fico de Isidro Ferrer, los textos de Graciela Garc\u00eda Mu\u00f1oz, la direcci\u00f3n editorial de Grassa Toro y la colaboraci\u00f3n de decenas de micromecenas, este libro es una maravilla, porque las obras en \u00e9l mostradas lo son. En la parte escrita, Graciela nos acerca al concepto \u201cimpar\u201d, al \u201cart brut\u201d y a la experiencia creativa en el taller de Andar de Nones. Tambi\u00e9n hace interesantes aportaciones en su interpretaci\u00f3n de las obras de las diversas artistas, que en sus creaciones plasman sus s\u00edmbolos, agujeros, iconos, ojos, corazones, rostros, laberintos y abstracciones.\u00a0<\/span><\/p>\n<p style=\"text-align: justify;\"><span style=\"font-weight: 400;\">Con vocaci\u00f3n universal, los textos aparecen traducidos al franc\u00e9s y al ingl\u00e9s. Porque Ana Moros de la Fuente, Beatriz L\u00f3pez Matute, Borja Bolea Delgado, Carlos Guti\u00e9rrez Iba\u00f1es, David Delgado Cabrejas, Enol Blanco Puga, Fernando del Vale, Javier Garc\u00eda Roco, M\u00aa Dolores Tijero Escobar, Luis Arceiz Gonzalo, M\u00aa Pila Rey Mart\u00edn, Manuel Cereza Turmo, Mart\u00edn Gim\u00e9nez Laborda, Nuria Asenjo Larrosa, Samanta Carolina G\u00f3mez Morales, Sandra Buis\u00e1n Garc\u00eda, Silvia Roche Pastora y Yahdih Brahim Abdala, (qu\u00e9dense con estos nombres) est\u00e1n llamados a tener el reconocimiento art\u00edstico y social que merecen por sus obras.\u00a0<\/span><\/p>\n<p style=\"text-align: justify;\"><span style=\"font-weight: 400;\">Ahora que el Ayuntamiento de Zaragoza del PP ha acabado con el espacio de cultura comunitaria Harinera, me sumo a la reivindicaci\u00f3n de \u201cintegrar colecciones de arte institucionales y encontrar v\u00edas profesionales que reconozcan nuestra capacidad profesional\u201d. Sea como sea y pese a tanto, los y las \u201cNones\u201d seguir\u00e1n pintando.\u00a0<\/span><\/p>","protected":false},"excerpt":{"rendered":"<p>Mi amigo Gejo es el coordinador art\u00edstico de Andar de Nones y este libro es una muestra de lo que [&hellip;]<\/p>\n","protected":false},"author":1,"featured_media":2599,"comment_status":"closed","ping_status":"closed","sticky":false,"template":"","format":"standard","meta":{"site-sidebar-layout":"default","site-content-layout":"","ast-site-content-layout":"default","site-content-style":"default","site-sidebar-style":"default","ast-global-header-display":"","ast-banner-title-visibility":"","ast-main-header-display":"","ast-hfb-above-header-display":"","ast-hfb-below-header-display":"","ast-hfb-mobile-header-display":"","site-post-title":"","ast-breadcrumbs-content":"","ast-featured-img":"","footer-sml-layout":"","ast-disable-related-posts":"","theme-transparent-header-meta":"","adv-header-id-meta":"","stick-header-meta":"","header-above-stick-meta":"","header-main-stick-meta":"","header-below-stick-meta":"","astra-migrate-meta-layouts":"default","ast-page-background-enabled":"default","ast-page-background-meta":{"desktop":{"background-color":"","background-image":"","background-repeat":"repeat","background-position":"center center","background-size":"auto","background-attachment":"scroll","background-type":"","background-media":"","overlay-type":"","overlay-color":"","overlay-opacity":"","overlay-gradient":""},"tablet":{"background-color":"","background-image":"","background-repeat":"repeat","background-position":"center center","background-size":"auto","background-attachment":"scroll","background-type":"","background-media":"","overlay-type":"","overlay-color":"","overlay-opacity":"","overlay-gradient":""},"mobile":{"background-color":"","background-image":"","background-repeat":"repeat","background-position":"center center","background-size":"auto","background-attachment":"scroll","background-type":"","background-media":"","overlay-type":"","overlay-color":"","overlay-opacity":"","overlay-gradient":""}},"ast-content-background-meta":{"desktop":{"background-color":"var(--ast-global-color-5)","background-image":"","background-repeat":"repeat","background-position":"center center","background-size":"auto","background-attachment":"scroll","background-type":"","background-media":"","overlay-type":"","overlay-color":"","overlay-opacity":"","overlay-gradient":""},"tablet":{"background-color":"var(--ast-global-color-5)","background-image":"","background-repeat":"repeat","background-position":"center center","background-size":"auto","background-attachment":"scroll","background-type":"","background-media":"","overlay-type":"","overlay-color":"","overlay-opacity":"","overlay-gradient":""},"mobile":{"background-color":"var(--ast-global-color-5)","background-image":"","background-repeat":"repeat","background-position":"center center","background-size":"auto","background-attachment":"scroll","background-type":"","background-media":"","overlay-type":"","overlay-color":"","overlay-opacity":"","overlay-gradient":""}},"_joinchat":[],"footnotes":""},"categories":[27],"tags":[793,360,794,795,39,796,491,797,133,38],"class_list":["post-2566","post","type-post","status-publish","format-standard","has-post-thumbnail","hentry","category-sin-categoria","tag-art-brut","tag-arte","tag-arte-bruto","tag-creatividad","tag-cultura","tag-cultura-comunitaria","tag-diversidad","tag-diversidad-psiquica","tag-libro","tag-zaragoza"],"_links":{"self":[{"href":"https:\/\/nachoescartin.es\/an\/wp-json\/wp\/v2\/posts\/2566","targetHints":{"allow":["GET"]}}],"collection":[{"href":"https:\/\/nachoescartin.es\/an\/wp-json\/wp\/v2\/posts"}],"about":[{"href":"https:\/\/nachoescartin.es\/an\/wp-json\/wp\/v2\/types\/post"}],"author":[{"embeddable":true,"href":"https:\/\/nachoescartin.es\/an\/wp-json\/wp\/v2\/users\/1"}],"replies":[{"embeddable":true,"href":"https:\/\/nachoescartin.es\/an\/wp-json\/wp\/v2\/comments?post=2566"}],"version-history":[{"count":0,"href":"https:\/\/nachoescartin.es\/an\/wp-json\/wp\/v2\/posts\/2566\/revisions"}],"wp:featuredmedia":[{"embeddable":true,"href":"https:\/\/nachoescartin.es\/an\/wp-json\/wp\/v2\/media\/2599"}],"wp:attachment":[{"href":"https:\/\/nachoescartin.es\/an\/wp-json\/wp\/v2\/media?parent=2566"}],"wp:term":[{"taxonomy":"category","embeddable":true,"href":"https:\/\/nachoescartin.es\/an\/wp-json\/wp\/v2\/categories?post=2566"},{"taxonomy":"post_tag","embeddable":true,"href":"https:\/\/nachoescartin.es\/an\/wp-json\/wp\/v2\/tags?post=2566"}],"curies":[{"name":"wp","href":"https:\/\/api.w.org\/{rel}","templated":true}]}}