{"id":2565,"date":"2024-05-25T18:39:15","date_gmt":"2024-05-25T16:39:15","guid":{"rendered":"https:\/\/nachoescartin.es\/?p=1627"},"modified":"2024-05-25T18:39:15","modified_gmt":"2024-05-25T16:39:15","slug":"arte-de-prudencia-y-otros-ingenios-de-baltasar-gracian","status":"publish","type":"post","link":"https:\/\/nachoescartin.es\/an\/arte-de-prudencia-y-otros-ingenios-de-baltasar-gracian\/","title":{"rendered":"\u201cArte de prudencia y otros ingenios\u201d de Baltasar Graci\u00e1n"},"content":{"rendered":"<p style=\"text-align: justify;\"><span style=\"font-weight: 400;\">Hace muchos, muchos a\u00f1os, el aragon\u00e9s Baltasar Graci\u00e1n escribi\u00f3 el \u201cOr\u00e1culo manual\u00a0 y arte de prudencia\u201d, libro en el que este jesuita plasm\u00f3 las\u00a0 que consideraba normas de conducta apropiadas para una vida cotidiana con moral, control de s\u00ed mismo y buena relaci\u00f3n con las dem\u00e1s.\u00a0<\/span><\/p>\n<p style=\"text-align: justify;\">\n<p style=\"text-align: justify;\"><span style=\"font-weight: 400;\">En nuestra actual\u00a0 sociedad, de poca \u00e9tica, mucha bronca pol\u00edtica ruidosa e inf\u00e9rtil, y v\u00eddeos y libros motivacionales y de autoayuda por doquier, volver a los cl\u00e1sicos es un respiro sensato que os recomiendo.\u00a0<\/span><\/p>\n<p style=\"text-align: justify;\">\n<p style=\"text-align: justify;\"><span style=\"font-weight: 400;\">\u201cLo bueno, si breve, dos veces bueno\u201d, es quiz\u00e1s el aforismo m\u00e1s conocido de Graci\u00e1n. O \u201cantes cuerdo con los m\u00e1s que loco a solas\u201d. Pero hay muchos m\u00e1s que os sonar\u00e1n y otros que incorporar\u00e9is. \u201cHacer de los amigos maestros\u201d; \u201clleva una ventaja lo sabio, que es eterno; y si \u00e9ste no es su siglo, muchos otros lo ser\u00e1n\u201d; \u201cplaga de hombres universales, por querer estar en todo, estar en nada\u201d; \u201ccontinuada felicidad fue siempre sospechosa\u201d; \u201ces pasi\u00f3n de necios la prisa\u201d; \u201cel No y el S\u00ed son breves de decir y piden mucho pensar\u201d; \u201cNo hay mayor desaire que el continuo donaire\u201d; \u201ces m\u00e1s f\u00e1cil el prevenir que el remediar\u201d; \u201cLas cosas no pasan por lo que son, sino por lo que parecen\u201d; \u201cQue se\u00a0 note que el cargo le hubo menester a \u00e9l, y no \u00e9l al cargo\u201d; \u201cLa queja siempre trae decr\u00e9dito\u201d; \u201cMuchas veces empeoran los males con los remedios\u201d; \u201cNinguno hay tan perfecto que alguna vez no necesite de advertencia\u201d; \u201cNunca se arrime a quien le eclipse, sino a quien le realce\u201d; \u201clo m\u00e1s dificultoso del correr est\u00e1 en el parar\u201d; \u201cCada uno ha de obrar como lo que es,\u00a0 no como le obligan\u201d;\u00a0 \u201cEl saber repartirlas cosas es saberlas gozar\u201d; \u201cPara vivir, deja vivir\u201d; \u201cnunca se ha de agotar la fuente del ense\u00f1a, as\u00ed como ni la del dar\u201d o \u201cIngenio fecundo, juicio profundo y gusto relativamente jocundo\u201d con algunos de los que me han gustado. O, dicho de otro modo y en palabras de Graci\u00e1n, algunos de los que m\u00e1s me sirven si quiero ser \u201csujeto prudente, atento, sagaz, cuerdo, sabio, valeroso, reportado, entero, feliz, plausible, verdadero y universal. H\u00e9roe\u201d. Ah\u00ed es nada.\u00a0<\/span><\/p>\n<p style=\"text-align: justify;\">\n<p style=\"text-align: justify;\"><span style=\"font-weight: 400;\">En esta cuidada edici\u00f3n de Antonio Bernat Vistarini, publicada por Los Peque\u00f1os Libros de la Sabidur\u00eda, se recoge una muestra del librito que public\u00f3 en 1647 el jesuita Baltasar Graci\u00e1n en Huesca. Sus recomendaciones son perfectamente \u00fatiles para la vida en sociedad de hoy, son sentencias directas que inciden en conocerse a s\u00ed mismo para situarse en una distancia justa con el pr\u00f3jimo. Su expresi\u00f3n, propia de la Edad Barroca, es refinada y culta, pero lo que hay de fondo, son los dichos y refranes populares que se han transmitido de forma oral de generaci\u00f3n a generaci\u00f3n. De hecho, esta edici\u00f3n se ampl\u00eda con una recopilaci\u00f3n de iconos y refranes relacionados con el arte de la prudencia.\u00a0<\/span><\/p>\n<p style=\"text-align: justify;\">\n<p style=\"text-align: justify;\"><span style=\"font-weight: 400;\">Al inicio, Bernat explica que ya desde la \u00e9poca medieval se representaban 4 virtudes cardinales: prudencia, justicia, fortaleza y templanza. Y de ellas la m\u00e1s humana y ambigua, es la prudencia. \u201cEl arte de la prudencia es la artima\u00f1a del superviviente en un mundo cansado, escarmentado y viejo\u201d, escribe.\u00a0<\/span><\/p>","protected":false},"excerpt":{"rendered":"<p>Hace muchos, muchos a\u00f1os, el aragon\u00e9s Baltasar Graci\u00e1n escribi\u00f3 el \u201cOr\u00e1culo manual\u00a0 y arte de prudencia\u201d, libro en el que [&hellip;]<\/p>\n","protected":false},"author":1,"featured_media":2598,"comment_status":"closed","ping_status":"closed","sticky":false,"template":"","format":"standard","meta":{"site-sidebar-layout":"default","site-content-layout":"","ast-site-content-layout":"default","site-content-style":"default","site-sidebar-style":"default","ast-global-header-display":"","ast-banner-title-visibility":"","ast-main-header-display":"","ast-hfb-above-header-display":"","ast-hfb-below-header-display":"","ast-hfb-mobile-header-display":"","site-post-title":"","ast-breadcrumbs-content":"","ast-featured-img":"","footer-sml-layout":"","ast-disable-related-posts":"","theme-transparent-header-meta":"","adv-header-id-meta":"","stick-header-meta":"","header-above-stick-meta":"","header-main-stick-meta":"","header-below-stick-meta":"","astra-migrate-meta-layouts":"default","ast-page-background-enabled":"default","ast-page-background-meta":{"desktop":{"background-color":"","background-image":"","background-repeat":"repeat","background-position":"center center","background-size":"auto","background-attachment":"scroll","background-type":"","background-media":"","overlay-type":"","overlay-color":"","overlay-opacity":"","overlay-gradient":""},"tablet":{"background-color":"","background-image":"","background-repeat":"repeat","background-position":"center center","background-size":"auto","background-attachment":"scroll","background-type":"","background-media":"","overlay-type":"","overlay-color":"","overlay-opacity":"","overlay-gradient":""},"mobile":{"background-color":"","background-image":"","background-repeat":"repeat","background-position":"center center","background-size":"auto","background-attachment":"scroll","background-type":"","background-media":"","overlay-type":"","overlay-color":"","overlay-opacity":"","overlay-gradient":""}},"ast-content-background-meta":{"desktop":{"background-color":"var(--ast-global-color-5)","background-image":"","background-repeat":"repeat","background-position":"center center","background-size":"auto","background-attachment":"scroll","background-type":"","background-media":"","overlay-type":"","overlay-color":"","overlay-opacity":"","overlay-gradient":""},"tablet":{"background-color":"var(--ast-global-color-5)","background-image":"","background-repeat":"repeat","background-position":"center center","background-size":"auto","background-attachment":"scroll","background-type":"","background-media":"","overlay-type":"","overlay-color":"","overlay-opacity":"","overlay-gradient":""},"mobile":{"background-color":"var(--ast-global-color-5)","background-image":"","background-repeat":"repeat","background-position":"center center","background-size":"auto","background-attachment":"scroll","background-type":"","background-media":"","overlay-type":"","overlay-color":"","overlay-opacity":"","overlay-gradient":""}},"_joinchat":[],"footnotes":""},"categories":[26],"tags":[617,789,790,791,133,792,126],"class_list":["post-2565","post","type-post","status-publish","format-standard","has-post-thumbnail","hentry","category-cultivando","tag-clasico","tag-conducta","tag-equilibrio","tag-humanismo","tag-libro","tag-prudencia","tag-sociedad"],"_links":{"self":[{"href":"https:\/\/nachoescartin.es\/an\/wp-json\/wp\/v2\/posts\/2565","targetHints":{"allow":["GET"]}}],"collection":[{"href":"https:\/\/nachoescartin.es\/an\/wp-json\/wp\/v2\/posts"}],"about":[{"href":"https:\/\/nachoescartin.es\/an\/wp-json\/wp\/v2\/types\/post"}],"author":[{"embeddable":true,"href":"https:\/\/nachoescartin.es\/an\/wp-json\/wp\/v2\/users\/1"}],"replies":[{"embeddable":true,"href":"https:\/\/nachoescartin.es\/an\/wp-json\/wp\/v2\/comments?post=2565"}],"version-history":[{"count":0,"href":"https:\/\/nachoescartin.es\/an\/wp-json\/wp\/v2\/posts\/2565\/revisions"}],"wp:featuredmedia":[{"embeddable":true,"href":"https:\/\/nachoescartin.es\/an\/wp-json\/wp\/v2\/media\/2598"}],"wp:attachment":[{"href":"https:\/\/nachoescartin.es\/an\/wp-json\/wp\/v2\/media?parent=2565"}],"wp:term":[{"taxonomy":"category","embeddable":true,"href":"https:\/\/nachoescartin.es\/an\/wp-json\/wp\/v2\/categories?post=2565"},{"taxonomy":"post_tag","embeddable":true,"href":"https:\/\/nachoescartin.es\/an\/wp-json\/wp\/v2\/tags?post=2565"}],"curies":[{"name":"wp","href":"https:\/\/api.w.org\/{rel}","templated":true}]}}