{"id":2562,"date":"2020-12-28T08:29:12","date_gmt":"2020-12-28T08:29:12","guid":{"rendered":"http:\/\/nachoescartin.es\/?p=952"},"modified":"2020-12-28T08:29:12","modified_gmt":"2020-12-28T08:29:12","slug":"estoy-entre-los-nuevos-cabezudos","status":"publish","type":"post","link":"https:\/\/nachoescartin.es\/an\/estoy-entre-los-nuevos-cabezudos\/","title":{"rendered":"\u00a1Estoy entre los nuevos cabezudos!"},"content":{"rendered":"<p><img fetchpriority=\"high\" decoding=\"async\" class=\"aligncenter size-medium wp-image-953\" src=\"https:\/\/nachoescartin.es\/wp-content\/uploads\/2020\/12\/IMG_20201227_085351_788-300x225.jpg\" alt=\"\" width=\"300\" height=\"225\" \/><img decoding=\"async\" class=\"aligncenter size-medium wp-image-954\" src=\"https:\/\/nachoescartin.es\/wp-content\/uploads\/2020\/12\/IMG_20201228_092333_602-185x300.jpg\" alt=\"\" width=\"185\" height=\"300\" \/><\/p>\n<p>\u00a1Menuda sorpresa me dio ayer por la ma\u00f1ana Javier Lamb\u00e1n, presidente de Arag\u00f3n, cuando me anunci\u00f3 que estoy entre los nuevos cabezudos! Resulta que han hecho un <strong>proceso participativo<\/strong> para que vecinos de todos los pueblos y ciudades de Arag\u00f3n elijan a sus <strong>nuevos cabezudos<\/strong>, para encorrer a la chavalada en las fiestas populares de este 2021 (si el coronavirus lo permite, aunque sea con mascarilla)\u2026 \u00a1y estoy entre ellos!<\/p>\n<p>Al rato me llam\u00f3 Jorge Azc\u00f3n y me cont\u00f3 que en Zaragoza tambi\u00e9n han elegido a <strong>Amaral<\/strong>, <strong>Fernando Sim\u00f3n<\/strong>, <strong>Irene Vallejo<\/strong>, <strong>Corita Viamonte<\/strong>, <strong>Kase0<\/strong> y <strong>V\u00edctor Fern\u00e1ndez<\/strong> (que yo recuerde)\u2026 \u00a1<strong>hasta un gigante de Marianico el Corto<\/strong> van a hacer!<\/p>\n<p>Ha sido una iniciativa popular que han aceptado todos los partidos, excepto Vox, que llevan dos semanas sin ir a trabajar y no se han enterado.<\/p>\n<p>Ayer mismo visit\u00e9 el almac\u00e9n donde guardan los cabezudos y ah\u00ed me ten\u00e9is en la foto que hizo mi amigo <strong>Xcar Malavida<\/strong>. La guasa fue cuando me quise poner el cabezudo y no hubo manera\u2026 \u00a1<strong>no me entraba la cabeza<\/strong>! \u00a1Menuda verg\u00fcenza pas\u00e9 y qu\u00e9 risas nos echamos! \u00a1A\u00fan dec\u00eda el cabron\u00edas que era la primera vez que hac\u00edan un cabezudo a <strong>escala 1:1<\/strong>!<\/p>\n<p><a href=\"https:\/\/zaragozabuenasnoticias.com\/wp-content\/uploads\/2015\/12\/mu%C3%B1eco-inocente-2-e1451165397637.jpg\" target=\"_blank\" rel=\"noopener\">Puedes ampliar la noticia <strong>aqu\u00ed<\/strong><\/a>:<\/p>","protected":false},"excerpt":{"rendered":"<p>\u00a1Menuda sorpresa me dio ayer por la ma\u00f1ana Javier Lamb\u00e1n, presidente de Arag\u00f3n, cuando me anunci\u00f3 que estoy entre los [&hellip;]<\/p>\n","protected":false},"author":1,"featured_media":2593,"comment_status":"open","ping_status":"closed","sticky":false,"template":"","format":"standard","meta":{"site-sidebar-layout":"default","site-content-layout":"","ast-site-content-layout":"default","site-content-style":"default","site-sidebar-style":"default","ast-global-header-display":"","ast-banner-title-visibility":"","ast-main-header-display":"","ast-hfb-above-header-display":"","ast-hfb-below-header-display":"","ast-hfb-mobile-header-display":"","site-post-title":"","ast-breadcrumbs-content":"","ast-featured-img":"","footer-sml-layout":"","ast-disable-related-posts":"","theme-transparent-header-meta":"","adv-header-id-meta":"","stick-header-meta":"","header-above-stick-meta":"","header-main-stick-meta":"","header-below-stick-meta":"","astra-migrate-meta-layouts":"default","ast-page-background-enabled":"default","ast-page-background-meta":{"desktop":{"background-color":"","background-image":"","background-repeat":"repeat","background-position":"center center","background-size":"auto","background-attachment":"scroll","background-type":"","background-media":"","overlay-type":"","overlay-color":"","overlay-opacity":"","overlay-gradient":""},"tablet":{"background-color":"","background-image":"","background-repeat":"repeat","background-position":"center center","background-size":"auto","background-attachment":"scroll","background-type":"","background-media":"","overlay-type":"","overlay-color":"","overlay-opacity":"","overlay-gradient":""},"mobile":{"background-color":"","background-image":"","background-repeat":"repeat","background-position":"center center","background-size":"auto","background-attachment":"scroll","background-type":"","background-media":"","overlay-type":"","overlay-color":"","overlay-opacity":"","overlay-gradient":""}},"ast-content-background-meta":{"desktop":{"background-color":"var(--ast-global-color-5)","background-image":"","background-repeat":"repeat","background-position":"center center","background-size":"auto","background-attachment":"scroll","background-type":"","background-media":"","overlay-type":"","overlay-color":"","overlay-opacity":"","overlay-gradient":""},"tablet":{"background-color":"var(--ast-global-color-5)","background-image":"","background-repeat":"repeat","background-position":"center center","background-size":"auto","background-attachment":"scroll","background-type":"","background-media":"","overlay-type":"","overlay-color":"","overlay-opacity":"","overlay-gradient":""},"mobile":{"background-color":"var(--ast-global-color-5)","background-image":"","background-repeat":"repeat","background-position":"center center","background-size":"auto","background-attachment":"scroll","background-type":"","background-media":"","overlay-type":"","overlay-color":"","overlay-opacity":"","overlay-gradient":""}},"_joinchat":[],"footnotes":""},"categories":[25],"tags":[28,346,57,80,89,38],"class_list":["post-2562","post","type-post","status-publish","format-standard","has-post-thumbnail","hentry","category-enredando","tag-aragon","tag-cabezudo","tag-fiestas","tag-nacho-escartin","tag-risas","tag-zaragoza"],"_links":{"self":[{"href":"https:\/\/nachoescartin.es\/an\/wp-json\/wp\/v2\/posts\/2562","targetHints":{"allow":["GET"]}}],"collection":[{"href":"https:\/\/nachoescartin.es\/an\/wp-json\/wp\/v2\/posts"}],"about":[{"href":"https:\/\/nachoescartin.es\/an\/wp-json\/wp\/v2\/types\/post"}],"author":[{"embeddable":true,"href":"https:\/\/nachoescartin.es\/an\/wp-json\/wp\/v2\/users\/1"}],"replies":[{"embeddable":true,"href":"https:\/\/nachoescartin.es\/an\/wp-json\/wp\/v2\/comments?post=2562"}],"version-history":[{"count":0,"href":"https:\/\/nachoescartin.es\/an\/wp-json\/wp\/v2\/posts\/2562\/revisions"}],"wp:featuredmedia":[{"embeddable":true,"href":"https:\/\/nachoescartin.es\/an\/wp-json\/wp\/v2\/media\/2593"}],"wp:attachment":[{"href":"https:\/\/nachoescartin.es\/an\/wp-json\/wp\/v2\/media?parent=2562"}],"wp:term":[{"taxonomy":"category","embeddable":true,"href":"https:\/\/nachoescartin.es\/an\/wp-json\/wp\/v2\/categories?post=2562"},{"taxonomy":"post_tag","embeddable":true,"href":"https:\/\/nachoescartin.es\/an\/wp-json\/wp\/v2\/tags?post=2562"}],"curies":[{"name":"wp","href":"https:\/\/api.w.org\/{rel}","templated":true}]}}