{"id":2560,"date":"2020-12-09T17:38:03","date_gmt":"2020-12-09T17:38:03","guid":{"rendered":"http:\/\/nachoescartin.es\/?p=935"},"modified":"2020-12-09T17:38:03","modified_gmt":"2020-12-09T17:38:03","slug":"fue-apasionante-pero-no-un-placer-de-pedro-arrojo","status":"publish","type":"post","link":"https:\/\/nachoescartin.es\/an\/fue-apasionante-pero-no-un-placer-de-pedro-arrojo\/","title":{"rendered":"\u201cFue apasionante, pero no un placer\u201d de Pedro Arrojo"},"content":{"rendered":"<p>Este libro es interesante por 3 razones: la primera es porque cuenta de primera mano c\u00f3mo funciona el Congreso de los Diputados, a partir de las vivencias desde el Hemiciclo del que fue diputado en dos legislaturas muy intensas de la historia pol\u00edtica reciente; la segunda es porque no solamente es una rendici\u00f3n de cuentas del trabajo parlamentario, sino que tambi\u00e9n es una cr\u00edtica al funcionamiento de PODEMOS desde su Grupo Parlamentario en el Congreso y tambi\u00e9n su relaci\u00f3n con la direcci\u00f3n del partido; y la tercera es que en el libro hay reflexiones y propuestas pol\u00edticas \u201cpara proyectar ese futuro que debemos reconstruir\u201d y que pivota sobre cuestiones tan importantes como la defensa del medio ambiente y la vida en nuestros pueblos, dos de los ejes que Pedro Arrojo defiende con pasi\u00f3n y que yo comparto: ecologismo y ruralidad.<\/p>\n<p>El pr\u00f3logo de Carlos Ad\u00e1n y Sandra Blasco tiene tambi\u00e9n su inter\u00e9s, porque son personas de otra generaci\u00f3n, que desde su afinidad al proyecto pol\u00edtico y al autor,\u00a0 analizan el libro y lanzan el anhelo: \u201c\u00a1No dejemos escapar esta oportunidad!\u201d.<\/p>\n<p>Como el propio t\u00edtulo anticipa, la experiencia de Pedro Arrojo como diputado ha tenido su utilidad y tambi\u00e9n sus frustraciones.<\/p>\n<p>Con respecto al momento pol\u00edtico desde sus vivencias institucionales, Pedro reconoce el soplo de aire fresco que meti\u00f3 PODEMOS en los parlamentos, con mucha gente corriente haciendo pol\u00edtica, con l\u00edmites de sueldos y sin pedir cr\u00e9ditos a los bancos. Tambi\u00e9n los enormes pasos dados hasta la conformaci\u00f3n de un Gobierno de coalici\u00f3n en Espa\u00f1a y todo el esfuerzo colectivo frente a los continuos vetos parlamentarios del PP y Ciudadanos, las repeticiones electorales, el voto del PSOE para que siguiera el PP, la moci\u00f3n de censura a Rajoy y los acuerdos entre muchos partidos diferentes, en un contexto pol\u00edtico polarizado, insult\u00f3n y emponzo\u00f1ado por la corrupci\u00f3n.<\/p>\n<p>Tambi\u00e9n nos rinde cuentas de su trabajo, en los primeros meses compartida en las plazas y centros vecinales de Zaragoza y de su barrio, Torrero, y ahora en este libro: sus aportaciones hacia la Ley de Transici\u00f3n Energ\u00e9tica frente al Cambio Clim\u00e1tico, la celebraci\u00f3n del Foro por la Nueva Cultura del Agua o el Acuerdo Social del Agua, como hitos m\u00e1s relevantes de un intenso trabajo parlamentario que se detalla en el libro.<\/p>\n<p>Pedro cuenta sin pa\u00f1os calientes muchas de las circunstancias que le han desilusionado en estos a\u00f1os de las XI y XII Legislaturas en el Congreso (entre 2016 y 2019), recordando reuniones, conversaciones y acontecimientos. Pedro apunta varios nudos importantes por los que PODEMOS, como herramienta del cambio, no ha sabido explorar todo el potencial de los movimientos sociales y el 15M en cuanto a formas de participaci\u00f3n pol\u00edtica: el centralismo, el deficiente modelo organizativo, actitudes autoritarias, la p\u00e9sima gesti\u00f3n de los conflictos internos, las listas plancha, la invisibilidad parlamentaria de temas de fondo, la mala comunicaci\u00f3n con la direcci\u00f3n del partido, las luchas de poder hacia ese \u201cJuego de Tronos\u201d, la arrogancia, el mesianismo, el culto a la personalidad y la marginaci\u00f3n territorial son, quiz\u00e1s, los nudos m\u00e1s relevantes y desarrollados en el libro y que han llevado a que muchas personas dejen el proyecto o vean en PODEMOS un partido m\u00e1s.<\/p>\n<p>Quiz\u00e1s a alguna persona le sorprenda algunas de las cosas que cuenta Pedro, algunas de cuales hemos compartido. Agradezco que las veces que aparezco en el libro forman parte de la realidad que hemos vivido y de la descripci\u00f3n de Pedro, poli\u00e9drica e incompleta, de unos apasionados a\u00f1os pol\u00edticos que nos ha tocado vivir en primera l\u00ednea y como protagonistas. Alg\u00fan d\u00eda supongo que yo tambi\u00e9n compartir\u00e9 mis vivencias.<\/p>\n<p>Es importante y quiero destacar las propuestas que hace Pedro hacia el futuro. Empezando por una feminizaci\u00f3n de la pol\u00edtica, entendida como una escucha activa y di\u00e1logo continuo con la sociedad civil, una pol\u00edtica que predique con el ejemplo, empezando por la resoluci\u00f3n no violenta, dialogante y mediadora de los conflictos que surgen en los procesos colectivos, as\u00ed como el cultivo de \u201cla humildad y la perseverancia, m\u00e1s all\u00e1 de la ventana de oportunidad\u201d. Tambi\u00e9n propone Pedro la celebraci\u00f3n de debates reconstituyente en una \u201cestrategia para tejer mayor\u00edas sociales del cambio\u201d, que nos permita ampliar el foco hacia el largo plazo y con m\u00e1s profundidad y \u201csuperando el inmediatismo tacticista\u201d, hacia un horizonte de construcci\u00f3n federal del estado, o incluso confederal junto a nuestros hermanos portugueses, desde propuestas concretas, que cuestionen, por ejemplo, el crecimiento econ\u00f3mico. Propuesta que en Arag\u00f3n a\u00fan detalla m\u00e1s, hacia una \u201cconfluencia aragonesa, bajo esa perspectiva confederal\u201d. Y, sobre todo, Pedro insiste en aprender de los errores cometidos para \u201cconstruir y tejer ilusi\u00f3n\u201d para \u201cfortalecer la vitalidad democr\u00e1tica de la sociedad\u201d frente a la abstenci\u00f3n, la desafecci\u00f3n pol\u00edtica y el auge de la extrema derecha.<\/p>\n<p>Creo que este libro ayuda en esta direcci\u00f3n y por eso recomiendo su lectura.<\/p>","protected":false},"excerpt":{"rendered":"<p>Este libro es interesante por 3 razones: la primera es porque cuenta de primera mano c\u00f3mo funciona el Congreso de [&hellip;]<\/p>\n","protected":false},"author":1,"featured_media":936,"comment_status":"open","ping_status":"closed","sticky":false,"template":"","format":"standard","meta":{"site-sidebar-layout":"default","site-content-layout":"","ast-site-content-layout":"default","site-content-style":"default","site-sidebar-style":"default","ast-global-header-display":"","ast-banner-title-visibility":"","ast-main-header-display":"","ast-hfb-above-header-display":"","ast-hfb-below-header-display":"","ast-hfb-mobile-header-display":"","site-post-title":"","ast-breadcrumbs-content":"","ast-featured-img":"","footer-sml-layout":"","ast-disable-related-posts":"","theme-transparent-header-meta":"","adv-header-id-meta":"","stick-header-meta":"","header-above-stick-meta":"","header-main-stick-meta":"","header-below-stick-meta":"","astra-migrate-meta-layouts":"default","ast-page-background-enabled":"default","ast-page-background-meta":{"desktop":{"background-color":"","background-image":"","background-repeat":"repeat","background-position":"center center","background-size":"auto","background-attachment":"scroll","background-type":"","background-media":"","overlay-type":"","overlay-color":"","overlay-opacity":"","overlay-gradient":""},"tablet":{"background-color":"","background-image":"","background-repeat":"repeat","background-position":"center center","background-size":"auto","background-attachment":"scroll","background-type":"","background-media":"","overlay-type":"","overlay-color":"","overlay-opacity":"","overlay-gradient":""},"mobile":{"background-color":"","background-image":"","background-repeat":"repeat","background-position":"center center","background-size":"auto","background-attachment":"scroll","background-type":"","background-media":"","overlay-type":"","overlay-color":"","overlay-opacity":"","overlay-gradient":""}},"ast-content-background-meta":{"desktop":{"background-color":"var(--ast-global-color-5)","background-image":"","background-repeat":"repeat","background-position":"center center","background-size":"auto","background-attachment":"scroll","background-type":"","background-media":"","overlay-type":"","overlay-color":"","overlay-opacity":"","overlay-gradient":""},"tablet":{"background-color":"var(--ast-global-color-5)","background-image":"","background-repeat":"repeat","background-position":"center center","background-size":"auto","background-attachment":"scroll","background-type":"","background-media":"","overlay-type":"","overlay-color":"","overlay-opacity":"","overlay-gradient":""},"mobile":{"background-color":"var(--ast-global-color-5)","background-image":"","background-repeat":"repeat","background-position":"center center","background-size":"auto","background-attachment":"scroll","background-type":"","background-media":"","overlay-type":"","overlay-color":"","overlay-opacity":"","overlay-gradient":""}},"_joinchat":[],"footnotes":""},"categories":[26],"tags":[137,28,170,215,333,129,133,334,167,335,220,49,86,38],"class_list":["post-2560","post","type-post","status-publish","format-standard","has-post-thumbnail","hentry","category-cultivando","tag-agua","tag-aragon","tag-congreso","tag-desarrollo-rural","tag-ecologismo","tag-espana","tag-libro","tag-medio-ambiente","tag-mundo-rural","tag-nueva-cultura-del-agua","tag-partidos","tag-podemos","tag-politica","tag-zaragoza"],"_links":{"self":[{"href":"https:\/\/nachoescartin.es\/an\/wp-json\/wp\/v2\/posts\/2560","targetHints":{"allow":["GET"]}}],"collection":[{"href":"https:\/\/nachoescartin.es\/an\/wp-json\/wp\/v2\/posts"}],"about":[{"href":"https:\/\/nachoescartin.es\/an\/wp-json\/wp\/v2\/types\/post"}],"author":[{"embeddable":true,"href":"https:\/\/nachoescartin.es\/an\/wp-json\/wp\/v2\/users\/1"}],"replies":[{"embeddable":true,"href":"https:\/\/nachoescartin.es\/an\/wp-json\/wp\/v2\/comments?post=2560"}],"version-history":[{"count":0,"href":"https:\/\/nachoescartin.es\/an\/wp-json\/wp\/v2\/posts\/2560\/revisions"}],"wp:featuredmedia":[{"embeddable":true,"href":"https:\/\/nachoescartin.es\/an\/wp-json\/wp\/v2\/media\/936"}],"wp:attachment":[{"href":"https:\/\/nachoescartin.es\/an\/wp-json\/wp\/v2\/media?parent=2560"}],"wp:term":[{"taxonomy":"category","embeddable":true,"href":"https:\/\/nachoescartin.es\/an\/wp-json\/wp\/v2\/categories?post=2560"},{"taxonomy":"post_tag","embeddable":true,"href":"https:\/\/nachoescartin.es\/an\/wp-json\/wp\/v2\/tags?post=2560"}],"curies":[{"name":"wp","href":"https:\/\/api.w.org\/{rel}","templated":true}]}}