{"id":229,"date":"2018-06-26T09:55:42","date_gmt":"2018-06-26T09:55:42","guid":{"rendered":"https:\/\/nachoescartin.wordpress.com\/?p=229"},"modified":"2018-06-26T09:55:42","modified_gmt":"2018-06-26T09:55:42","slug":"cronica-del-viaje-a-loos-en-gohelle-la-transicion-energetica-justa-es-posible","status":"publish","type":"post","link":"https:\/\/nachoescartin.es\/an\/cronica-del-viaje-a-loos-en-gohelle-la-transicion-energetica-justa-es-posible\/","title":{"rendered":"Cr\u00f3nica del viaje a Loos-en-Gohelle: la transici\u00f3n energ\u00e9tica justa es posible"},"content":{"rendered":"<p>Invitados por los europarlamentarios Xabier Benito y Florent Marcellesi, de Podemos y Equo, diputados auton\u00f3micos y en el Congreso, vecinos de Asturies y Arag\u00f3n, visitamos Loos-en-Goelle para demostrar que una transici\u00f3n energ\u00e9tica justa es posible.<br \/>\nJorge Luis, diputado altoaragon\u00e9s en el Congreso, Blanca Grimal, responsable de movimientos sociales en Podemos Arag\u00f3n y vecina de Alca\u00f1iz (Teruel) y yo visitamos este antiguo pueblo minero, para conocer de primera mano su transformaci\u00f3n.<\/p>\n<div id='gallery-1' class='gallery galleryid-229 gallery-columns-3 gallery-size-thumbnail'><figure class='gallery-item'>\n\t\t\t<div class='gallery-icon landscape'>\n\t\t\t\t<a href='https:\/\/nachoescartin.es\/an\/cronica-del-viaje-a-loos-en-gohelle-la-transicion-energetica-justa-es-posible\/img_20180626_094850\/'><img decoding=\"async\" width=\"150\" height=\"150\" src=\"https:\/\/nachoescartin.es\/wp-content\/uploads\/2018\/06\/img_20180626_094850-150x150.jpg\" class=\"attachment-thumbnail size-thumbnail\" alt=\"\" \/><\/a>\n\t\t\t<\/div><\/figure><figure class='gallery-item'>\n\t\t\t<div class='gallery-icon landscape'>\n\t\t\t\t<a href='https:\/\/nachoescartin.es\/an\/cronica-del-viaje-a-loos-en-gohelle-la-transicion-energetica-justa-es-posible\/img_20180626_094847\/'><img decoding=\"async\" width=\"150\" height=\"150\" src=\"https:\/\/nachoescartin.es\/wp-content\/uploads\/2018\/06\/img_20180626_094847-150x150.jpg\" class=\"attachment-thumbnail size-thumbnail\" alt=\"\" \/><\/a>\n\t\t\t<\/div><\/figure><figure class='gallery-item'>\n\t\t\t<div class='gallery-icon landscape'>\n\t\t\t\t<a href='https:\/\/nachoescartin.es\/an\/cronica-del-viaje-a-loos-en-gohelle-la-transicion-energetica-justa-es-posible\/img_20180626_094845\/'><img decoding=\"async\" width=\"150\" height=\"150\" src=\"https:\/\/nachoescartin.es\/wp-content\/uploads\/2018\/06\/img_20180626_094845-150x150.jpg\" class=\"attachment-thumbnail size-thumbnail\" alt=\"\" \/><\/a>\n\t\t\t<\/div><\/figure><figure class='gallery-item'>\n\t\t\t<div class='gallery-icon portrait'>\n\t\t\t\t<a href='https:\/\/nachoescartin.es\/an\/cronica-del-viaje-a-loos-en-gohelle-la-transicion-energetica-justa-es-posible\/img_20180626_094844\/'><img loading=\"lazy\" decoding=\"async\" width=\"150\" height=\"150\" src=\"https:\/\/nachoescartin.es\/wp-content\/uploads\/2018\/06\/img_20180626_094844-150x150.jpg\" class=\"attachment-thumbnail size-thumbnail\" alt=\"\" \/><\/a>\n\t\t\t<\/div><\/figure><figure class='gallery-item'>\n\t\t\t<div class='gallery-icon landscape'>\n\t\t\t\t<a href='https:\/\/nachoescartin.es\/an\/cronica-del-viaje-a-loos-en-gohelle-la-transicion-energetica-justa-es-posible\/img_20180626_094842\/'><img loading=\"lazy\" decoding=\"async\" width=\"150\" height=\"150\" src=\"https:\/\/nachoescartin.es\/wp-content\/uploads\/2018\/06\/img_20180626_094842-150x150.jpg\" class=\"attachment-thumbnail size-thumbnail\" alt=\"\" \/><\/a>\n\t\t\t<\/div><\/figure><figure class='gallery-item'>\n\t\t\t<div class='gallery-icon landscape'>\n\t\t\t\t<a href='https:\/\/nachoescartin.es\/an\/cronica-del-viaje-a-loos-en-gohelle-la-transicion-energetica-justa-es-posible\/img_20180626_094840\/'><img loading=\"lazy\" decoding=\"async\" width=\"150\" height=\"150\" src=\"https:\/\/nachoescartin.es\/wp-content\/uploads\/2018\/06\/img_20180626_094840-150x150.jpg\" class=\"attachment-thumbnail size-thumbnail\" alt=\"\" \/><\/a>\n\t\t\t<\/div><\/figure><figure class='gallery-item'>\n\t\t\t<div class='gallery-icon landscape'>\n\t\t\t\t<a href='https:\/\/nachoescartin.es\/an\/cronica-del-viaje-a-loos-en-gohelle-la-transicion-energetica-justa-es-posible\/img_20180626_094839\/'><img loading=\"lazy\" decoding=\"async\" width=\"150\" height=\"150\" src=\"https:\/\/nachoescartin.es\/wp-content\/uploads\/2018\/06\/img_20180626_094839-150x150.jpg\" class=\"attachment-thumbnail size-thumbnail\" alt=\"\" \/><\/a>\n\t\t\t<\/div><\/figure><figure class='gallery-item'>\n\t\t\t<div class='gallery-icon landscape'>\n\t\t\t\t<a href='https:\/\/nachoescartin.es\/an\/cronica-del-viaje-a-loos-en-gohelle-la-transicion-energetica-justa-es-posible\/img_20180626_094832\/'><img loading=\"lazy\" decoding=\"async\" width=\"150\" height=\"150\" src=\"https:\/\/nachoescartin.es\/wp-content\/uploads\/2018\/06\/img_20180626_094832-150x150.jpg\" class=\"attachment-thumbnail size-thumbnail\" alt=\"\" \/><\/a>\n\t\t\t<\/div><\/figure><figure class='gallery-item'>\n\t\t\t<div class='gallery-icon landscape'>\n\t\t\t\t<a href='https:\/\/nachoescartin.es\/an\/cronica-del-viaje-a-loos-en-gohelle-la-transicion-energetica-justa-es-posible\/img_20180626_094830\/'><img loading=\"lazy\" decoding=\"async\" width=\"150\" height=\"150\" src=\"https:\/\/nachoescartin.es\/wp-content\/uploads\/2018\/06\/img_20180626_094830-150x150.jpg\" class=\"attachment-thumbnail size-thumbnail\" alt=\"\" \/><\/a>\n\t\t\t<\/div><\/figure><figure class='gallery-item'>\n\t\t\t<div class='gallery-icon landscape'>\n\t\t\t\t<a href='https:\/\/nachoescartin.es\/an\/cronica-del-viaje-a-loos-en-gohelle-la-transicion-energetica-justa-es-posible\/img_20180626_094829\/'><img loading=\"lazy\" decoding=\"async\" width=\"150\" height=\"150\" src=\"https:\/\/nachoescartin.es\/wp-content\/uploads\/2018\/06\/img_20180626_094829-150x150.jpg\" class=\"attachment-thumbnail size-thumbnail\" alt=\"\" \/><\/a>\n\t\t\t<\/div><\/figure><figure class='gallery-item'>\n\t\t\t<div class='gallery-icon landscape'>\n\t\t\t\t<a href='https:\/\/nachoescartin.es\/an\/cronica-del-viaje-a-loos-en-gohelle-la-transicion-energetica-justa-es-posible\/img_20180626_094825\/'><img loading=\"lazy\" decoding=\"async\" width=\"150\" height=\"150\" src=\"https:\/\/nachoescartin.es\/wp-content\/uploads\/2018\/06\/img_20180626_094825-150x150.jpg\" class=\"attachment-thumbnail size-thumbnail\" alt=\"\" \/><\/a>\n\t\t\t<\/div><\/figure><figure class='gallery-item'>\n\t\t\t<div class='gallery-icon landscape'>\n\t\t\t\t<a href='https:\/\/nachoescartin.es\/an\/cronica-del-viaje-a-loos-en-gohelle-la-transicion-energetica-justa-es-posible\/img_20180626_093358\/'><img loading=\"lazy\" decoding=\"async\" width=\"150\" height=\"150\" src=\"https:\/\/nachoescartin.es\/wp-content\/uploads\/2018\/06\/img_20180626_093358-150x150.jpg\" class=\"attachment-thumbnail size-thumbnail\" alt=\"\" \/><\/a>\n\t\t\t<\/div><\/figure><figure class='gallery-item'>\n\t\t\t<div class='gallery-icon portrait'>\n\t\t\t\t<a href='https:\/\/nachoescartin.es\/an\/cronica-del-viaje-a-loos-en-gohelle-la-transicion-energetica-justa-es-posible\/img_20180626_093350\/'><img loading=\"lazy\" decoding=\"async\" width=\"150\" height=\"150\" src=\"https:\/\/nachoescartin.es\/wp-content\/uploads\/2018\/06\/img_20180626_093350-150x150.jpg\" class=\"attachment-thumbnail size-thumbnail\" alt=\"\" \/><\/a>\n\t\t\t<\/div><\/figure><figure class='gallery-item'>\n\t\t\t<div class='gallery-icon landscape'>\n\t\t\t\t<a href='https:\/\/nachoescartin.es\/an\/cronica-del-viaje-a-loos-en-gohelle-la-transicion-energetica-justa-es-posible\/img_20180626_093321\/'><img loading=\"lazy\" decoding=\"async\" width=\"150\" height=\"150\" src=\"https:\/\/nachoescartin.es\/wp-content\/uploads\/2018\/06\/img_20180626_093321-150x150.jpg\" class=\"attachment-thumbnail size-thumbnail\" alt=\"\" \/><\/a>\n\t\t\t<\/div><\/figure><figure class='gallery-item'>\n\t\t\t<div class='gallery-icon landscape'>\n\t\t\t\t<a href='https:\/\/nachoescartin.es\/an\/cronica-del-viaje-a-loos-en-gohelle-la-transicion-energetica-justa-es-posible\/img_20180626_093310\/'><img loading=\"lazy\" decoding=\"async\" width=\"150\" height=\"150\" src=\"https:\/\/nachoescartin.es\/wp-content\/uploads\/2018\/06\/img_20180626_093310-150x150.jpg\" class=\"attachment-thumbnail size-thumbnail\" alt=\"\" \/><\/a>\n\t\t\t<\/div><\/figure><figure class='gallery-item'>\n\t\t\t<div class='gallery-icon landscape'>\n\t\t\t\t<a href='https:\/\/nachoescartin.es\/an\/cronica-del-viaje-a-loos-en-gohelle-la-transicion-energetica-justa-es-posible\/img_20180626_093306\/'><img loading=\"lazy\" decoding=\"async\" width=\"150\" height=\"150\" src=\"https:\/\/nachoescartin.es\/wp-content\/uploads\/2018\/06\/img_20180626_093306-150x150.jpg\" class=\"attachment-thumbnail size-thumbnail\" alt=\"\" \/><\/a>\n\t\t\t<\/div><\/figure><figure class='gallery-item'>\n\t\t\t<div class='gallery-icon landscape'>\n\t\t\t\t<a href='https:\/\/nachoescartin.es\/an\/cronica-del-viaje-a-loos-en-gohelle-la-transicion-energetica-justa-es-posible\/img_20180626_093301\/'><img loading=\"lazy\" decoding=\"async\" width=\"150\" height=\"150\" src=\"https:\/\/nachoescartin.es\/wp-content\/uploads\/2018\/06\/img_20180626_093301-150x150.jpg\" class=\"attachment-thumbnail size-thumbnail\" alt=\"\" \/><\/a>\n\t\t\t<\/div><\/figure>\n\t\t<\/div>\n\n<p>Sin renunciar a su identidad de paisaje minero, Loos-en-Gohelle dej\u00f3 atr\u00e1s el carb\u00f3n para convertirse en un municipio de energ\u00eda 100% renovable y en un referente en bioconstrucci\u00f3n.<\/p>\n<p>En el norte de Francia, a unos 50 kil\u00f3metros de la frontera belga, se ubica Loos-en-Gohelle, un pueblo con un pasado minero de gran producci\u00f3n entre 1850 y 1986, cuando la industria del carb\u00f3n se fue a la quiebra. Su legado son unas escombreras de casi 150 metros de altura y m\u00e1s de media docena de pozo subterr\u00e1neos. 20 a\u00f1os despu\u00e9s, ha dejado atr\u00e1s el carb\u00f3n para convertirse en una poblaci\u00f3n que produce energ\u00eda 100% renovable, tanto para su propio consumo como para exportaci\u00f3n, y en un referente de la bioconstrucci\u00f3n. <\/p>\n<p>Esta regi\u00f3n, declarada Patrimonio de la Humanidad por la Unesco, tiene 3 puntos menos de paro que la media de la zona es, en la actualidad, el municipio con menor desempleo de una regi\u00f3n tradicionalmente minera.<\/p>\n<p>A lo largo de una intensa jornada, celebrada el lunes 25 de junio de 2018, nos hemos reunido en primer lugar con Jean-Fran\u00e7ois Caron, alcalde de la localidad, quien nos ha explicado el proceso, centrado no solo en apostar por un desarrollo sostenible, sino en impulsar y consolidar la participaci\u00f3n ciudadana. Hasta 50 reuniones al a\u00f1o se llevaron a cabo para decidir cuestiones que van desde la ejecuci\u00f3n de una carretera hasta elegir las flores del pueblo. \u201cLa miner\u00eda ha acompa\u00f1ado a este pueblo durante mucho tiempo y sin renunciar a su identidad y al paisaje minero se ha convertido ahora en referencia nacional de bioconstrucci\u00f3n y un municipio de energ\u00eda 100% renovable, \u00a1incluso para exportarla a otras zonas!\u201d, ha destacado el primer edil de Loos-en-Gohelle.<\/p>\n<p>Posteriormente hemos   visitado el centro de investigaci\u00f3n de desarrollo sostenible, ubicado en el antiguo acceso a una de las 8 minas, un recinto que a\u00fan conserva la torre que descend\u00eda las jaulas a 1000 metros de profundidad. Por \u00faltimo, hemos recorrido las instalaciones t\u00e9cnicas CD2E donde se encuentra la estaci\u00f3n experimental de energ\u00eda solar.<\/p>\n<p>Esta visita nos ha aportado f\u00e9rtiles ideas para afrontar un futuro de esperanzas en nuestras cuencas mineras, dentro del enorme reto colectivo que tenemos para poner en marcha una transici\u00f3n energ\u00e9tica que no deje a nadie atr\u00e1s. Sin renegar de nuestro pasado minero, es posible integrar nuestra identidad en un nuevo modelo econ\u00f3mico, basado en la innovaci\u00f3n, las energ\u00edas renovables, la rehabilitaci\u00f3n de vivienda y un sinf\u00edn de proyectos emanados de la participaci\u00f3n directa y entusiasta del vecindario. <\/p>\n<p>Nuestro objetivo es poder seguir viviendo bien, y mejor, en nuestros pueblos. <\/p>\n<p>Ha sido un viaje muy motivador y divertido, que hemos decidido hacer en tren desde Zaragoza y que nos ha permitido tambi\u00e9n pasar una tarde-noche en Par\u00eds, maravillosa capital francesa de la que os comparto tambi\u00e9n alguna foto.<br \/>\n<img loading=\"lazy\" decoding=\"async\" src=\"https:\/\/nachoescartin.es\/wp-content\/uploads\/2018\/06\/img_20180626_094848.jpg?w=300\" alt=\"\" width=\"300\" height=\"225\" class=\"alignnone size-medium wp-image-249\" srcset=\"https:\/\/nachoescartin.es\/wp-content\/uploads\/2018\/06\/img_20180626_094848.jpg 1280w, https:\/\/nachoescartin.es\/wp-content\/uploads\/2018\/06\/img_20180626_094848-300x225.jpg 300w, https:\/\/nachoescartin.es\/wp-content\/uploads\/2018\/06\/img_20180626_094848-1024x768.jpg 1024w, https:\/\/nachoescartin.es\/wp-content\/uploads\/2018\/06\/img_20180626_094848-768x576.jpg 768w\" sizes=\"(max-width: 300px) 100vw, 300px\" \/><\/p>\n<p><img loading=\"lazy\" decoding=\"async\" src=\"https:\/\/nachoescartin.es\/wp-content\/uploads\/2018\/06\/img_20180626_0948401.jpg?w=300\" alt=\"\" width=\"300\" height=\"225\" class=\"alignnone size-medium wp-image-250\" srcset=\"https:\/\/nachoescartin.es\/wp-content\/uploads\/2018\/06\/img_20180626_0948401.jpg 1280w, https:\/\/nachoescartin.es\/wp-content\/uploads\/2018\/06\/img_20180626_0948401-300x225.jpg 300w, https:\/\/nachoescartin.es\/wp-content\/uploads\/2018\/06\/img_20180626_0948401-1024x768.jpg 1024w, https:\/\/nachoescartin.es\/wp-content\/uploads\/2018\/06\/img_20180626_0948401-768x576.jpg 768w\" sizes=\"(max-width: 300px) 100vw, 300px\" \/><\/p>\n<p><img loading=\"lazy\" decoding=\"async\" src=\"https:\/\/nachoescartin.es\/wp-content\/uploads\/2018\/06\/img_20180626_094836.jpg?w=300\" alt=\"\" width=\"300\" height=\"225\" class=\"alignnone size-medium wp-image-251\" srcset=\"https:\/\/nachoescartin.es\/wp-content\/uploads\/2018\/06\/img_20180626_094836.jpg 1280w, https:\/\/nachoescartin.es\/wp-content\/uploads\/2018\/06\/img_20180626_094836-300x225.jpg 300w, https:\/\/nachoescartin.es\/wp-content\/uploads\/2018\/06\/img_20180626_094836-1024x768.jpg 1024w, https:\/\/nachoescartin.es\/wp-content\/uploads\/2018\/06\/img_20180626_094836-768x576.jpg 768w\" sizes=\"(max-width: 300px) 100vw, 300px\" \/><\/p>\n<p><img loading=\"lazy\" decoding=\"async\" src=\"https:\/\/nachoescartin.es\/wp-content\/uploads\/2018\/06\/img_20180626_094834.jpg?w=300\" alt=\"\" width=\"300\" height=\"225\" class=\"alignnone size-medium wp-image-252\" srcset=\"https:\/\/nachoescartin.es\/wp-content\/uploads\/2018\/06\/img_20180626_094834.jpg 1280w, https:\/\/nachoescartin.es\/wp-content\/uploads\/2018\/06\/img_20180626_094834-300x225.jpg 300w, https:\/\/nachoescartin.es\/wp-content\/uploads\/2018\/06\/img_20180626_094834-1024x768.jpg 1024w, https:\/\/nachoescartin.es\/wp-content\/uploads\/2018\/06\/img_20180626_094834-768x576.jpg 768w\" sizes=\"(max-width: 300px) 100vw, 300px\" \/><\/p>\n<p><img loading=\"lazy\" decoding=\"async\" src=\"https:\/\/nachoescartin.es\/wp-content\/uploads\/2018\/06\/img_20180626_0948291.jpg?w=300\" alt=\"\" width=\"300\" height=\"225\" class=\"alignnone size-medium wp-image-253\" srcset=\"https:\/\/nachoescartin.es\/wp-content\/uploads\/2018\/06\/img_20180626_0948291.jpg 1280w, https:\/\/nachoescartin.es\/wp-content\/uploads\/2018\/06\/img_20180626_0948291-300x225.jpg 300w, https:\/\/nachoescartin.es\/wp-content\/uploads\/2018\/06\/img_20180626_0948291-1024x768.jpg 1024w, https:\/\/nachoescartin.es\/wp-content\/uploads\/2018\/06\/img_20180626_0948291-768x576.jpg 768w\" sizes=\"(max-width: 300px) 100vw, 300px\" \/><\/p>\n<p><img loading=\"lazy\" decoding=\"async\" src=\"https:\/\/nachoescartin.es\/wp-content\/uploads\/2018\/06\/img_20180626_094827.jpg?w=300\" alt=\"\" width=\"300\" height=\"225\" class=\"alignnone size-medium wp-image-254\" srcset=\"https:\/\/nachoescartin.es\/wp-content\/uploads\/2018\/06\/img_20180626_094827.jpg 1280w, https:\/\/nachoescartin.es\/wp-content\/uploads\/2018\/06\/img_20180626_094827-300x225.jpg 300w, https:\/\/nachoescartin.es\/wp-content\/uploads\/2018\/06\/img_20180626_094827-1024x768.jpg 1024w, https:\/\/nachoescartin.es\/wp-content\/uploads\/2018\/06\/img_20180626_094827-768x576.jpg 768w\" sizes=\"(max-width: 300px) 100vw, 300px\" \/><\/p>\n<p><img loading=\"lazy\" decoding=\"async\" src=\"https:\/\/nachoescartin.es\/wp-content\/uploads\/2018\/06\/img_20180624_200148.jpg?w=300\" alt=\"\" width=\"300\" height=\"225\" class=\"alignnone size-medium wp-image-255\" srcset=\"https:\/\/nachoescartin.es\/wp-content\/uploads\/2018\/06\/img_20180624_200148.jpg 1280w, https:\/\/nachoescartin.es\/wp-content\/uploads\/2018\/06\/img_20180624_200148-300x225.jpg 300w, https:\/\/nachoescartin.es\/wp-content\/uploads\/2018\/06\/img_20180624_200148-1024x768.jpg 1024w, https:\/\/nachoescartin.es\/wp-content\/uploads\/2018\/06\/img_20180624_200148-768x576.jpg 768w\" sizes=\"(max-width: 300px) 100vw, 300px\" \/><\/p>","protected":false},"excerpt":{"rendered":"<p>Invitados por los europarlamentarios Xabier Benito y Florent Marcellesi, de Podemos y Equo, diputados auton\u00f3micos y en el Congreso, vecinos [&hellip;]<\/p>\n","protected":false},"author":1,"featured_media":231,"comment_status":"open","ping_status":"closed","sticky":false,"template":"","format":"standard","meta":{"site-sidebar-layout":"default","site-content-layout":"","ast-site-content-layout":"default","site-content-style":"default","site-sidebar-style":"default","ast-global-header-display":"","ast-banner-title-visibility":"","ast-main-header-display":"","ast-hfb-above-header-display":"","ast-hfb-below-header-display":"","ast-hfb-mobile-header-display":"","site-post-title":"","ast-breadcrumbs-content":"","ast-featured-img":"","footer-sml-layout":"","ast-disable-related-posts":"","theme-transparent-header-meta":"","adv-header-id-meta":"","stick-header-meta":"","header-above-stick-meta":"","header-main-stick-meta":"","header-below-stick-meta":"","astra-migrate-meta-layouts":"default","ast-page-background-enabled":"default","ast-page-background-meta":{"desktop":{"background-color":"","background-image":"","background-repeat":"repeat","background-position":"center center","background-size":"auto","background-attachment":"scroll","background-type":"","background-media":"","overlay-type":"","overlay-color":"","overlay-opacity":"","overlay-gradient":""},"tablet":{"background-color":"","background-image":"","background-repeat":"repeat","background-position":"center center","background-size":"auto","background-attachment":"scroll","background-type":"","background-media":"","overlay-type":"","overlay-color":"","overlay-opacity":"","overlay-gradient":""},"mobile":{"background-color":"","background-image":"","background-repeat":"repeat","background-position":"center center","background-size":"auto","background-attachment":"scroll","background-type":"","background-media":"","overlay-type":"","overlay-color":"","overlay-opacity":"","overlay-gradient":""}},"ast-content-background-meta":{"desktop":{"background-color":"var(--ast-global-color-5)","background-image":"","background-repeat":"repeat","background-position":"center center","background-size":"auto","background-attachment":"scroll","background-type":"","background-media":"","overlay-type":"","overlay-color":"","overlay-opacity":"","overlay-gradient":""},"tablet":{"background-color":"var(--ast-global-color-5)","background-image":"","background-repeat":"repeat","background-position":"center center","background-size":"auto","background-attachment":"scroll","background-type":"","background-media":"","overlay-type":"","overlay-color":"","overlay-opacity":"","overlay-gradient":""},"mobile":{"background-color":"var(--ast-global-color-5)","background-image":"","background-repeat":"repeat","background-position":"center center","background-size":"auto","background-attachment":"scroll","background-type":"","background-media":"","overlay-type":"","overlay-color":"","overlay-opacity":"","overlay-gradient":""}},"_joinchat":[],"footnotes":""},"categories":[23],"tags":[],"class_list":["post-229","post","type-post","status-publish","format-standard","has-post-thumbnail","hentry","category-sembrando"],"_links":{"self":[{"href":"https:\/\/nachoescartin.es\/an\/wp-json\/wp\/v2\/posts\/229","targetHints":{"allow":["GET"]}}],"collection":[{"href":"https:\/\/nachoescartin.es\/an\/wp-json\/wp\/v2\/posts"}],"about":[{"href":"https:\/\/nachoescartin.es\/an\/wp-json\/wp\/v2\/types\/post"}],"author":[{"embeddable":true,"href":"https:\/\/nachoescartin.es\/an\/wp-json\/wp\/v2\/users\/1"}],"replies":[{"embeddable":true,"href":"https:\/\/nachoescartin.es\/an\/wp-json\/wp\/v2\/comments?post=229"}],"version-history":[{"count":0,"href":"https:\/\/nachoescartin.es\/an\/wp-json\/wp\/v2\/posts\/229\/revisions"}],"wp:featuredmedia":[{"embeddable":true,"href":"https:\/\/nachoescartin.es\/an\/wp-json\/wp\/v2\/media\/231"}],"wp:attachment":[{"href":"https:\/\/nachoescartin.es\/an\/wp-json\/wp\/v2\/media?parent=229"}],"wp:term":[{"taxonomy":"category","embeddable":true,"href":"https:\/\/nachoescartin.es\/an\/wp-json\/wp\/v2\/categories?post=229"},{"taxonomy":"post_tag","embeddable":true,"href":"https:\/\/nachoescartin.es\/an\/wp-json\/wp\/v2\/tags?post=229"}],"curies":[{"name":"wp","href":"https:\/\/api.w.org\/{rel}","templated":true}]}}