{"id":218,"date":"2018-06-19T11:24:18","date_gmt":"2018-06-19T11:24:18","guid":{"rendered":"https:\/\/nachoescartin.wordpress.com\/?p=218"},"modified":"2018-06-19T11:24:18","modified_gmt":"2018-06-19T11:24:18","slug":"el-psoe-da-un-giro-en-aragon-y-pacta-con-pp-y-ciudadanosda-un-giro-en-aragon-y-pacta-con-pp-y-ciudadanos-quitar-impuestos-a-los-que-mas-tienen","status":"publish","type":"post","link":"https:\/\/nachoescartin.es\/an\/el-psoe-da-un-giro-en-aragon-y-pacta-con-pp-y-ciudadanosda-un-giro-en-aragon-y-pacta-con-pp-y-ciudadanos-quitar-impuestos-a-los-que-mas-tienen\/","title":{"rendered":"El PSOE da un giro en Arag\u00f3n y pacta con PP y Ciudadanos quitar impuestos a los que m\u00e1s tienen"},"content":{"rendered":"<p>Lamb\u00e1n dijo que pactaba con Ciudadanos, PP y PAR porque \u00abla izquierda no quer\u00eda cambiar el impuesto\u00bb. Lamb\u00e1n ment\u00eda. Hoy Podemos y CHA le hemos presentado una propuesta para modificar el Impuesto de Sucesiones, como en su d\u00eda Podemos le presentamos otras para cambiar el ICA. Encima de la mesa de Lamb\u00e1n hay dos propuestas: la de su pacto con la derecha y la que hoy le hemos dado Podemos y CHA (tambi\u00e9n con IU en la reuni\u00f3n).<\/p>\n<p>El PSOE de Arag\u00f3n tiene dos opciones y, a diferencia de Pedro S\u00e1nchez, ha elegido pactar con la derecha para beneficiar a menos del 6% de los aragoneses y perjudicar al 100%, porque nos recortan unos 40 millones de euros para financiar escuelas, hospitales, dependencia y carreteras (entre otras cuestiones que salen de los presupuestos de Arag\u00f3n). El pacto del PSOE con la derecha rompe la progresividad (que pague m\u00e1s quien m\u00e1s tiene) y permite que quien ya tiene muchisimo dinero no pague nada por recibir otra herencia.<\/p>\n<p>Dicho de otra forma, es un cheque regalo a los \u00abM\u00e0xim Huerta aragoneses\u00bb, familias con nombres y apellidos, propietarios de grandes negocios, que son quienes cobran esas herencias millonarias. Es un disparate que una propuesta as\u00ed venga de un partido que se dice \u00abde izquierdas\u00bb o \u00abprogresista\u00bb. Cuando es la hora de hacer pol\u00edtica con may\u00fasculas, Lamb\u00e1n est\u00e1 a otras cosas&#8230;.<\/p>\n<p>En Arag\u00f3n no deber\u00edamos pagar m\u00e1s por heredar que en Madrid o en Andaluc\u00eda, donde Esperanza Aguirre y Susana D\u00edaz, PP y PSOE, bonificaron al m\u00e1ximo este impuesto. Para lograr la armonizaci\u00f3n fiscal y que no existan para\u00edsos fiscales en Espa\u00f1a, el Gobierno de Pedro S\u00e1nchez deber\u00eda abordar esto cuanto antes, as\u00ed como el Sistema de Financiaci\u00f3n Auton\u00f3mico, para asegurar los ingresos a todas las Comunidaes Aut\u00f3nomas, con equidad y justicia, para pagar los servicios p\u00fablicos, asegurar derecho y oportunidades. Si se atreve a trabajar por la armonizaci\u00f3n fiscal, contar\u00e1 con nuestras propuestas, que ya tenemos acordadas en Podemos para toda Espa\u00f1a.<\/p>\n<p>Si en el Pleno de las Cortes de Arag\u00f3n del 28 de junio Lamb\u00e1n y el PSOE de Arag\u00f3n deciden pactar con la derecha y decir NO a las propuestas de CHA y Podemos, estar\u00e1n dando un giro inexplicable, tras 3 a\u00f1os de acuerdos con Podemos, CHA e IU, para aprobar las leyes y propuestas m\u00e1s importantes que han beneficiado a todos los aragoneses. En esa l\u00ednea, seguiremos trabajando para tratar de alcanzar el mayor n\u00famero de acuerdos que beneficien a los aragoneses junto a IU y CHA. Pero el PSOE de Arag\u00f3n va a tener que dar explicaciones a su electorado, porque acabar con la progresividad, pactar con PP y Cs, romper unilaterlamente los pactos fiscales con la izquierda y recortar presupuestos no estaba en su programa.<\/p>\n<p><img fetchpriority=\"high\" decoding=\"async\" src=\"https:\/\/nachoescartin.es\/wp-content\/uploads\/2018\/06\/el-psoe-da-un-giro-en-aragc3b3n-y-pacta-con-pp-y-ciudadanos-quitar-impuestos-a-los-que-mc3a1s-tienen.jpg?w=300\" alt=\"El PSOE da un giro en Arag\u00f3n y pacta con PP y Ciudadanos quitar impuestos a los que m\u00e1s tienen\" width=\"300\" height=\"177\" class=\"alignnone size-medium wp-image-219\" srcset=\"https:\/\/nachoescartin.es\/wp-content\/uploads\/2018\/06\/el-psoe-da-un-giro-en-aragc3b3n-y-pacta-con-pp-y-ciudadanos-quitar-impuestos-a-los-que-mc3a1s-tienen.jpg 960w, https:\/\/nachoescartin.es\/wp-content\/uploads\/2018\/06\/el-psoe-da-un-giro-en-aragc3b3n-y-pacta-con-pp-y-ciudadanos-quitar-impuestos-a-los-que-mc3a1s-tienen-300x177.jpg 300w, https:\/\/nachoescartin.es\/wp-content\/uploads\/2018\/06\/el-psoe-da-un-giro-en-aragc3b3n-y-pacta-con-pp-y-ciudadanos-quitar-impuestos-a-los-que-mc3a1s-tienen-768x453.jpg 768w\" sizes=\"(max-width: 300px) 100vw, 300px\" \/><\/p>\n<p><img decoding=\"async\" src=\"https:\/\/nachoescartin.es\/wp-content\/uploads\/2018\/06\/el-psoe-da-un-giro-en-aragc3b3n-y-pacta-con-pp-y-ciudadanos-quitar-impuestos-a-los-que-mc3a1s-tienen-2.jpg?w=300\" alt=\"\" width=\"300\" height=\"176\" class=\"alignnone size-medium wp-image-220\" srcset=\"https:\/\/nachoescartin.es\/wp-content\/uploads\/2018\/06\/el-psoe-da-un-giro-en-aragc3b3n-y-pacta-con-pp-y-ciudadanos-quitar-impuestos-a-los-que-mc3a1s-tienen-2.jpg 400w, https:\/\/nachoescartin.es\/wp-content\/uploads\/2018\/06\/el-psoe-da-un-giro-en-aragc3b3n-y-pacta-con-pp-y-ciudadanos-quitar-impuestos-a-los-que-mc3a1s-tienen-2-300x176.jpg 300w\" sizes=\"(max-width: 300px) 100vw, 300px\" \/><\/p>\n<p><img decoding=\"async\" src=\"https:\/\/nachoescartin.es\/wp-content\/uploads\/2018\/06\/el-psoe-da-un-giro-en-aragc3b3n-y-pacta-con-pp-y-ciudadanos-quitar-impuestos-a-los-que-mc3a1s-tienen-3.jpg?w=300\" alt=\"El PSOE da un giro en Arag\u00f3n y pacta con PP y Ciudadanos quitar impuestos a los que m\u00e1s tienen\" width=\"300\" height=\"200\" class=\"alignnone size-medium wp-image-221\" srcset=\"https:\/\/nachoescartin.es\/wp-content\/uploads\/2018\/06\/el-psoe-da-un-giro-en-aragc3b3n-y-pacta-con-pp-y-ciudadanos-quitar-impuestos-a-los-que-mc3a1s-tienen-3.jpg 640w, https:\/\/nachoescartin.es\/wp-content\/uploads\/2018\/06\/el-psoe-da-un-giro-en-aragc3b3n-y-pacta-con-pp-y-ciudadanos-quitar-impuestos-a-los-que-mc3a1s-tienen-3-300x200.jpg 300w\" sizes=\"(max-width: 300px) 100vw, 300px\" \/><\/p>\n<p>Las fotos son:<br \/>\n1) la reuni\u00f3n de hoy, con IU, CHA, Podemos y PSOE<br \/>\n2) Lamb\u00e1n con el l\u00edder del PP de Arag\u00f3n<br \/>\n3) Lamb\u00e1n y Gimeno con Ciudadanos<\/p>","protected":false},"excerpt":{"rendered":"<p>Lamb\u00e1n dijo que pactaba con Ciudadanos, PP y PAR porque \u00abla izquierda no quer\u00eda cambiar el impuesto\u00bb. Lamb\u00e1n ment\u00eda. Hoy [&hellip;]<\/p>\n","protected":false},"author":1,"featured_media":219,"comment_status":"open","ping_status":"closed","sticky":false,"template":"","format":"standard","meta":{"site-sidebar-layout":"default","site-content-layout":"","ast-site-content-layout":"default","site-content-style":"default","site-sidebar-style":"default","ast-global-header-display":"","ast-banner-title-visibility":"","ast-main-header-display":"","ast-hfb-above-header-display":"","ast-hfb-below-header-display":"","ast-hfb-mobile-header-display":"","site-post-title":"","ast-breadcrumbs-content":"","ast-featured-img":"","footer-sml-layout":"","ast-disable-related-posts":"","theme-transparent-header-meta":"","adv-header-id-meta":"","stick-header-meta":"","header-above-stick-meta":"","header-main-stick-meta":"","header-below-stick-meta":"","astra-migrate-meta-layouts":"default","ast-page-background-enabled":"default","ast-page-background-meta":{"desktop":{"background-color":"","background-image":"","background-repeat":"repeat","background-position":"center center","background-size":"auto","background-attachment":"scroll","background-type":"","background-media":"","overlay-type":"","overlay-color":"","overlay-opacity":"","overlay-gradient":""},"tablet":{"background-color":"","background-image":"","background-repeat":"repeat","background-position":"center center","background-size":"auto","background-attachment":"scroll","background-type":"","background-media":"","overlay-type":"","overlay-color":"","overlay-opacity":"","overlay-gradient":""},"mobile":{"background-color":"","background-image":"","background-repeat":"repeat","background-position":"center center","background-size":"auto","background-attachment":"scroll","background-type":"","background-media":"","overlay-type":"","overlay-color":"","overlay-opacity":"","overlay-gradient":""}},"ast-content-background-meta":{"desktop":{"background-color":"var(--ast-global-color-5)","background-image":"","background-repeat":"repeat","background-position":"center center","background-size":"auto","background-attachment":"scroll","background-type":"","background-media":"","overlay-type":"","overlay-color":"","overlay-opacity":"","overlay-gradient":""},"tablet":{"background-color":"var(--ast-global-color-5)","background-image":"","background-repeat":"repeat","background-position":"center center","background-size":"auto","background-attachment":"scroll","background-type":"","background-media":"","overlay-type":"","overlay-color":"","overlay-opacity":"","overlay-gradient":""},"mobile":{"background-color":"var(--ast-global-color-5)","background-image":"","background-repeat":"repeat","background-position":"center center","background-size":"auto","background-attachment":"scroll","background-type":"","background-media":"","overlay-type":"","overlay-color":"","overlay-opacity":"","overlay-gradient":""}},"_joinchat":[],"footnotes":""},"categories":[24,23],"tags":[],"class_list":["post-218","post","type-post","status-publish","format-standard","has-post-thumbnail","hentry","category-desbrozando","category-sembrando"],"_links":{"self":[{"href":"https:\/\/nachoescartin.es\/an\/wp-json\/wp\/v2\/posts\/218","targetHints":{"allow":["GET"]}}],"collection":[{"href":"https:\/\/nachoescartin.es\/an\/wp-json\/wp\/v2\/posts"}],"about":[{"href":"https:\/\/nachoescartin.es\/an\/wp-json\/wp\/v2\/types\/post"}],"author":[{"embeddable":true,"href":"https:\/\/nachoescartin.es\/an\/wp-json\/wp\/v2\/users\/1"}],"replies":[{"embeddable":true,"href":"https:\/\/nachoescartin.es\/an\/wp-json\/wp\/v2\/comments?post=218"}],"version-history":[{"count":0,"href":"https:\/\/nachoescartin.es\/an\/wp-json\/wp\/v2\/posts\/218\/revisions"}],"wp:featuredmedia":[{"embeddable":true,"href":"https:\/\/nachoescartin.es\/an\/wp-json\/wp\/v2\/media\/219"}],"wp:attachment":[{"href":"https:\/\/nachoescartin.es\/an\/wp-json\/wp\/v2\/media?parent=218"}],"wp:term":[{"taxonomy":"category","embeddable":true,"href":"https:\/\/nachoescartin.es\/an\/wp-json\/wp\/v2\/categories?post=218"},{"taxonomy":"post_tag","embeddable":true,"href":"https:\/\/nachoescartin.es\/an\/wp-json\/wp\/v2\/tags?post=218"}],"curies":[{"name":"wp","href":"https:\/\/api.w.org\/{rel}","templated":true}]}}