{"id":206,"date":"2018-06-14T16:40:59","date_gmt":"2018-06-14T16:40:59","guid":{"rendered":"https:\/\/nachoescartin.wordpress.com\/?p=206"},"modified":"2018-06-14T16:40:59","modified_gmt":"2018-06-14T16:40:59","slug":"el-derecho-a-una-vivienda-digna-es-nuestra-prioridad-politica","status":"publish","type":"post","link":"https:\/\/nachoescartin.es\/an\/el-derecho-a-una-vivienda-digna-es-nuestra-prioridad-politica\/","title":{"rendered":"El derecho a una vivienda digna es nuestra prioridad pol\u00edtica"},"content":{"rendered":"<p>Comparecencia sobre vivienda en Pleno de las Cortes de Arag\u00f3n. Para que Lamb\u00e1n fuera Presidente, se comprometi\u00f3 con Podemos a impedir todos los desahucios sin alternativa habitacional. 1789 desahucios en 2017 y solo 90 familias realojadas. Pero Lamb\u00e1n hace un \u00abmarianazo\u00bb y ni aparece \u00bfTiene otras prioridades?<\/p>\n<p>M\u00e1s all\u00e1 del desplante, es el momento de superar los vetos del PP y Ciudadanos para asegurar el derecho a una vivienda digna y empezar a tramitar la Ley de Vivienda de la PAH, que incluye las 5 medidas necesarias: Daci\u00f3n en pago retroactiva, alquiler asequible y estable, stop desahucios, incrementar el parque p\u00fablico de vivienda y garantizar suministros de agua, luz y gas. Esta deber\u00eda ser la prioridad de cualquier gobierno, de Espa\u00f1a y de Arag\u00f3n, que ponga a la gente en el centro de sus pol\u00edticas p\u00fablicas, como est\u00e1 haciendo el Ayuntamiento de Zaragoza en Com\u00fan, dentro de sus capacidades y competencias (a menudo en colaboraci\u00f3n con el ejecutivo aragon\u00e9s): Oficina Municipal de Vivienda para mediar y atender a 3.674 personas, 353 pisos m\u00e1s de particulares para alquiler social, Plan de Inversiones 2018-2023 reci\u00e9n aprobado y dotado con 72 millones de euros&#8230;. y una valoraci\u00f3n de 9 sobre 10 de los propietarios que alquilan viviendas a trav\u00e9s del programa \u00abAlegra tu vivienda\u00bb.<\/p>","protected":false},"excerpt":{"rendered":"<p>Comparecencia sobre vivienda en Pleno de las Cortes de Arag\u00f3n. Para que Lamb\u00e1n fuera Presidente, se comprometi\u00f3 con Podemos a [&hellip;]<\/p>\n","protected":false},"author":1,"featured_media":207,"comment_status":"open","ping_status":"closed","sticky":false,"template":"","format":"standard","meta":{"site-sidebar-layout":"default","site-content-layout":"","ast-site-content-layout":"default","site-content-style":"default","site-sidebar-style":"default","ast-global-header-display":"","ast-banner-title-visibility":"","ast-main-header-display":"","ast-hfb-above-header-display":"","ast-hfb-below-header-display":"","ast-hfb-mobile-header-display":"","site-post-title":"","ast-breadcrumbs-content":"","ast-featured-img":"","footer-sml-layout":"","ast-disable-related-posts":"","theme-transparent-header-meta":"","adv-header-id-meta":"","stick-header-meta":"","header-above-stick-meta":"","header-main-stick-meta":"","header-below-stick-meta":"","astra-migrate-meta-layouts":"default","ast-page-background-enabled":"default","ast-page-background-meta":{"desktop":{"background-color":"","background-image":"","background-repeat":"repeat","background-position":"center center","background-size":"auto","background-attachment":"scroll","background-type":"","background-media":"","overlay-type":"","overlay-color":"","overlay-opacity":"","overlay-gradient":""},"tablet":{"background-color":"","background-image":"","background-repeat":"repeat","background-position":"center center","background-size":"auto","background-attachment":"scroll","background-type":"","background-media":"","overlay-type":"","overlay-color":"","overlay-opacity":"","overlay-gradient":""},"mobile":{"background-color":"","background-image":"","background-repeat":"repeat","background-position":"center center","background-size":"auto","background-attachment":"scroll","background-type":"","background-media":"","overlay-type":"","overlay-color":"","overlay-opacity":"","overlay-gradient":""}},"ast-content-background-meta":{"desktop":{"background-color":"var(--ast-global-color-5)","background-image":"","background-repeat":"repeat","background-position":"center center","background-size":"auto","background-attachment":"scroll","background-type":"","background-media":"","overlay-type":"","overlay-color":"","overlay-opacity":"","overlay-gradient":""},"tablet":{"background-color":"var(--ast-global-color-5)","background-image":"","background-repeat":"repeat","background-position":"center center","background-size":"auto","background-attachment":"scroll","background-type":"","background-media":"","overlay-type":"","overlay-color":"","overlay-opacity":"","overlay-gradient":""},"mobile":{"background-color":"var(--ast-global-color-5)","background-image":"","background-repeat":"repeat","background-position":"center center","background-size":"auto","background-attachment":"scroll","background-type":"","background-media":"","overlay-type":"","overlay-color":"","overlay-opacity":"","overlay-gradient":""}},"_joinchat":[],"footnotes":""},"categories":[24,25,23],"tags":[],"class_list":["post-206","post","type-post","status-publish","format-standard","has-post-thumbnail","hentry","category-desbrozando","category-enredando","category-sembrando"],"_links":{"self":[{"href":"https:\/\/nachoescartin.es\/an\/wp-json\/wp\/v2\/posts\/206","targetHints":{"allow":["GET"]}}],"collection":[{"href":"https:\/\/nachoescartin.es\/an\/wp-json\/wp\/v2\/posts"}],"about":[{"href":"https:\/\/nachoescartin.es\/an\/wp-json\/wp\/v2\/types\/post"}],"author":[{"embeddable":true,"href":"https:\/\/nachoescartin.es\/an\/wp-json\/wp\/v2\/users\/1"}],"replies":[{"embeddable":true,"href":"https:\/\/nachoescartin.es\/an\/wp-json\/wp\/v2\/comments?post=206"}],"version-history":[{"count":0,"href":"https:\/\/nachoescartin.es\/an\/wp-json\/wp\/v2\/posts\/206\/revisions"}],"wp:featuredmedia":[{"embeddable":true,"href":"https:\/\/nachoescartin.es\/an\/wp-json\/wp\/v2\/media\/207"}],"wp:attachment":[{"href":"https:\/\/nachoescartin.es\/an\/wp-json\/wp\/v2\/media?parent=206"}],"wp:term":[{"taxonomy":"category","embeddable":true,"href":"https:\/\/nachoescartin.es\/an\/wp-json\/wp\/v2\/categories?post=206"},{"taxonomy":"post_tag","embeddable":true,"href":"https:\/\/nachoescartin.es\/an\/wp-json\/wp\/v2\/tags?post=206"}],"curies":[{"name":"wp","href":"https:\/\/api.w.org\/{rel}","templated":true}]}}