{"id":198,"date":"2018-06-03T09:29:41","date_gmt":"2018-06-03T09:29:41","guid":{"rendered":"https:\/\/nachoescartin.wordpress.com\/?p=198"},"modified":"2018-06-03T09:29:41","modified_gmt":"2018-06-03T09:29:41","slug":"a-lamban","status":"publish","type":"post","link":"https:\/\/nachoescartin.es\/an\/a-lamban\/","title":{"rendered":"A Lamb\u00e1n"},"content":{"rendered":"<p>No suelo expresarme en respuesta a declaraciones de otras personas. Hoy har\u00e9 una excepci\u00f3n, por la importancia pol\u00edtica de los acontencimientos que se suceden en estos d\u00edas.<\/p>\n<p>Amanezco y leo que Javier Lamb\u00e1n no expresa su alegr\u00eda por la configuraci\u00f3n de un nuevo gobierno que puede ser progresista y poner en marcha un programa de acciones concretas que mejore la vida de todos los espa\u00f1oles y, en especial, de los aragoneses maltratados por el PP,  sino que Lamb\u00e1n centra su mensaje en avisar a Pedro S\u00e1nchez de que \u00abno se f\u00ede\u00bb de Podemos. <\/p>\n<p>Nada nuevo bajo el sol, de boca de Lamb\u00e1n, presidente de Arag\u00f3n, que nos tiene acostumbrados a muchas contradicciones. Hace d\u00edas que no habla desde la izquierda que \u00e9l entiende, mientras pacta con Ciudadanos (con 5 diputados en las Cortes de Arag\u00f3n) la eliminaci\u00f3n de la progresividad en el impuesto a las herencias y la bonificaci\u00f3n para que no paguen quienes m\u00e1s tienen. Lo contrario de lo que har\u00eda la izquierda, como ya ha hecho su admirada Susana D\u00edaz, con quien (por cierto) comparti\u00f3 un mensaje en Twitter muy similar, parco y nada efusivo, para felicitar a Pedro S\u00e1nchez por el \u00e9xito en la Moci\u00f3n de Censura. Que Rajoy y Rivera (al menos dos veces) citaran a Lamb\u00e1n en sus discursos&#8230;. ains. <\/p>\n<p>Por supuesto que es momento de cabeza fr\u00eda y decisiones meditadas y dialogadas, pero sin sectarismos, sin tacticismos partidistas, sin pugnas internas, sin c\u00e1lculos electorales. Es la hora de estar a la altura de los tiempos que vivimos y anteponer los intereses de todos los aragoneses y de todos los espa\u00f1oles, para que sea posible conformar un nuevo gobierno que articule los mecanismos para impedir una corrupci\u00f3n sist\u00e9mica (no son casos aislados), poner en marcha un programa social, igualitario, de derechos, libertades y oportunidades para todas las personas, y que frene la terrible espiral de \u00able\u00f1a al fuego\u00bb para empezar a resolver el conflicto territorial. Y eso solo ser\u00e1 posible si Pedro S\u00e1nchez tiende la mano a Unidas Podemos. <\/p>\n<p>La agitada crispaci\u00f3n que vemos cada d\u00eda en el Ayuntamiento de Zaragoza no es el camino, se\u00f1or Lamb\u00e1n. Y sabe perfectamente de lo que le hablo, porque hace d\u00edas que le pido un gesto, un m\u00ednimo gesto, que muestre que el PSOE quiere entenderse con otras fuerzas para impedir que PP y Ciudadanos puedan alcanzar mayor\u00edas de recentralizaci\u00f3n, recortes, privatizaciones, neoliberalismo, m\u00e1s precariedad y m\u00e1s desigualdades.<\/p>\n<p>Por nuestra parte no es, Presidente Lamb\u00e1n. Mire Huesca, mire Bin\u00e9far&#8230;. y vea que en Unidas Podemos estamos para arremangarnos y trabajar por una sociedad m\u00e1s justa, igualitaria, solidaria y cooperativa. <\/p>\n<p>Vienen tiempos de sensatez, de di\u00e1logo y comprensi\u00f3n&#8230;. y espero que usted est\u00e9 a la altura de los tiempos que nos toca vivir. <\/p>\n<p>Os dejo con 2 noticias que sintetizan lo que he expresado en estos d\u00edas de alegr\u00eda moderada: https:\/\/www.heraldo.es\/noticias\/aragon\/2018\/06\/01\/escartin-dice-que-buen-dia-para-democracia-aboga-por-gobierno-diverso-1247110-300.html y http:\/\/www.elperiodicodearagon.com\/noticias\/aragon\/escartin-cree-sanchez-tendra-mas-facil-si-integra-podemos-gobierno_1288199.html<\/p>","protected":false},"excerpt":{"rendered":"<p>No suelo expresarme en respuesta a declaraciones de otras personas. Hoy har\u00e9 una excepci\u00f3n, por la importancia pol\u00edtica de los [&hellip;]<\/p>\n","protected":false},"author":1,"featured_media":199,"comment_status":"open","ping_status":"closed","sticky":false,"template":"","format":"standard","meta":{"site-sidebar-layout":"default","site-content-layout":"","ast-site-content-layout":"default","site-content-style":"default","site-sidebar-style":"default","ast-global-header-display":"","ast-banner-title-visibility":"","ast-main-header-display":"","ast-hfb-above-header-display":"","ast-hfb-below-header-display":"","ast-hfb-mobile-header-display":"","site-post-title":"","ast-breadcrumbs-content":"","ast-featured-img":"","footer-sml-layout":"","ast-disable-related-posts":"","theme-transparent-header-meta":"","adv-header-id-meta":"","stick-header-meta":"","header-above-stick-meta":"","header-main-stick-meta":"","header-below-stick-meta":"","astra-migrate-meta-layouts":"default","ast-page-background-enabled":"default","ast-page-background-meta":{"desktop":{"background-color":"","background-image":"","background-repeat":"repeat","background-position":"center center","background-size":"auto","background-attachment":"scroll","background-type":"","background-media":"","overlay-type":"","overlay-color":"","overlay-opacity":"","overlay-gradient":""},"tablet":{"background-color":"","background-image":"","background-repeat":"repeat","background-position":"center center","background-size":"auto","background-attachment":"scroll","background-type":"","background-media":"","overlay-type":"","overlay-color":"","overlay-opacity":"","overlay-gradient":""},"mobile":{"background-color":"","background-image":"","background-repeat":"repeat","background-position":"center center","background-size":"auto","background-attachment":"scroll","background-type":"","background-media":"","overlay-type":"","overlay-color":"","overlay-opacity":"","overlay-gradient":""}},"ast-content-background-meta":{"desktop":{"background-color":"var(--ast-global-color-5)","background-image":"","background-repeat":"repeat","background-position":"center center","background-size":"auto","background-attachment":"scroll","background-type":"","background-media":"","overlay-type":"","overlay-color":"","overlay-opacity":"","overlay-gradient":""},"tablet":{"background-color":"var(--ast-global-color-5)","background-image":"","background-repeat":"repeat","background-position":"center center","background-size":"auto","background-attachment":"scroll","background-type":"","background-media":"","overlay-type":"","overlay-color":"","overlay-opacity":"","overlay-gradient":""},"mobile":{"background-color":"var(--ast-global-color-5)","background-image":"","background-repeat":"repeat","background-position":"center center","background-size":"auto","background-attachment":"scroll","background-type":"","background-media":"","overlay-type":"","overlay-color":"","overlay-opacity":"","overlay-gradient":""}},"_joinchat":[],"footnotes":""},"categories":[24,23],"tags":[50,51,52,53,54,55],"class_list":["post-198","post","type-post","status-publish","format-standard","has-post-thumbnail","hentry","category-desbrozando","category-sembrando","tag-gobierno","tag-lamban","tag-pedro-sanchez","tag-politica-aragonesa","tag-psoe","tag-unidas-podemos"],"_links":{"self":[{"href":"https:\/\/nachoescartin.es\/an\/wp-json\/wp\/v2\/posts\/198","targetHints":{"allow":["GET"]}}],"collection":[{"href":"https:\/\/nachoescartin.es\/an\/wp-json\/wp\/v2\/posts"}],"about":[{"href":"https:\/\/nachoescartin.es\/an\/wp-json\/wp\/v2\/types\/post"}],"author":[{"embeddable":true,"href":"https:\/\/nachoescartin.es\/an\/wp-json\/wp\/v2\/users\/1"}],"replies":[{"embeddable":true,"href":"https:\/\/nachoescartin.es\/an\/wp-json\/wp\/v2\/comments?post=198"}],"version-history":[{"count":0,"href":"https:\/\/nachoescartin.es\/an\/wp-json\/wp\/v2\/posts\/198\/revisions"}],"wp:featuredmedia":[{"embeddable":true,"href":"https:\/\/nachoescartin.es\/an\/wp-json\/wp\/v2\/media\/199"}],"wp:attachment":[{"href":"https:\/\/nachoescartin.es\/an\/wp-json\/wp\/v2\/media?parent=198"}],"wp:term":[{"taxonomy":"category","embeddable":true,"href":"https:\/\/nachoescartin.es\/an\/wp-json\/wp\/v2\/categories?post=198"},{"taxonomy":"post_tag","embeddable":true,"href":"https:\/\/nachoescartin.es\/an\/wp-json\/wp\/v2\/tags?post=198"}],"curies":[{"name":"wp","href":"https:\/\/api.w.org\/{rel}","templated":true}]}}