{"id":1891,"date":"2025-04-11T13:40:30","date_gmt":"2025-04-11T11:40:30","guid":{"rendered":"https:\/\/nachoescartin.es\/?p=1891"},"modified":"2025-04-11T13:40:30","modified_gmt":"2025-04-11T11:40:30","slug":"trajin-de-trabajo-y-novedades-en-esta-web","status":"publish","type":"post","link":"https:\/\/nachoescartin.es\/an\/trajin-de-trabajo-y-novedades-en-esta-web\/","title":{"rendered":"\u00a1Traj\u00edn de trabajo y novedades en esta web!"},"content":{"rendered":"<p>\u00a1Buen d\u00eda!<\/p>\n<p>Os anuncio que estamos trabajando para que esta ventana abierta a mis actividades, pronto cambiar\u00e1 a una p\u00e1gina web mucho m\u00e1s \u00fatil y participativa. \u00a1Habr\u00e1 novedades!<\/p>\n<p>Son muchas las acciones que hemos desarrollado en las \u00faltimas semanas y es el momento de contaros algunas.<\/p>\n<p>El mi\u00e9rcoles 9 de abril celebramos el <a href=\"https:\/\/www.ecologistasenaccion.org\/evento\/zaragoza-ganaderia-a-debate\/\" target=\"_blank\" rel=\"noopener\">debate sobre ganader\u00eda<\/a>, hacia buenas pr\u00e1cticas agroganaderas y una alimentaci\u00f3n mejor, en una jornada necesaria y muy gratificante, organizada por Ecologistas en Acci\u00f3n, con intervenciones muy valiosas que podr\u00e9is ver y escuchar, porque estamos preparando los v\u00eddeos con todo el contenido.<\/p>\n<p>Adem\u00e1s, ya estamos trabajando en una gu\u00eda de buenas pr\u00e1cticas agroganaderas, as\u00ed como en materiales relacionados con el consumo de carne, de qu\u00e9 carne (no es lo mismo la procedente de sistemas intensivos e industriales que la que tiene base agroecol\u00f3gica y trashumante). \u00a1A lo largo de este a\u00f1o estar\u00e9 con este tema tan interesante!<\/p>\n<p>El s\u00e1bado 5 de abril dinamizamos un podcast en directo para celebrar los <a href=\"https:\/\/coop57.coop\/es\/aragon\/%C2%A1queremos-celebrarlo-contigo-20-a%C3%B1os-de-coop57-en-arag%C3%B3n\" target=\"_blank\" rel=\"noopener\">20 a\u00f1os de Coop57 Arag\u00f3n<\/a>, junto a Pati, las canciones de Pato Badi\u00e1n y la asistencia de un grupo hermoso de personas que llenaron la sala del Centro C\u00edvico T\u00edo Jorge de Zaragoza. Pronto tambi\u00e9n podr\u00e9is escuchar el podcast y habr\u00e1 v\u00eddeos del evento.<\/p>\n<p>Siguiendo con la radio, cada semana grabamos \u00ab<a href=\"https:\/\/www.youtube.com\/@AMPAGasconyMarin\" target=\"_blank\" rel=\"noopener\">Podcasters Rebeldes<\/a>\u00bb con las ni\u00f1as y ni\u00f1os del colegio p\u00fablico Gasc\u00f3n y Mar\u00edn. Pronto vendr\u00e1n m\u00e1s actividades y propuestas en este y en otros colegios, bibliotecas y entidades. \u00a1Ya os ir\u00e9 contando!<\/p>\n<p>Esta semana particip\u00e9 en una formaci\u00f3n sobre la contaminaci\u00f3n del agua, organizada por Ecologistas en Acci\u00f3n, junto a una investigadora del CSIC y un compa\u00f1ero de Castilla La Mancha, con quien aportamos sobre el abuso de fertilizantes que provocan <a href=\"https:\/\/www.ecologistasenaccion.org\/311484\/informe-la-contaminacion-por-nitratos-y-su-impacto-en-el-medio-ambiente-y-el-agua-de-consumo-humano\/\" target=\"_blank\" rel=\"noopener\">contaminaci\u00f3n del agua por exceso de nitratos<\/a>. Despu\u00e9s de Semana Santa os compartir\u00e9 la grabaci\u00f3n para que pod\u00e1is seguir un tema tan importante.<\/p>\n<p>Tambi\u00e9n os cuento que seguimos a tope con la <a href=\"https:\/\/www.ecologistasenaccion.org\/335428\/ecologistas-en-accion-se-reune-con-el-gobierno-vasco-para-impulsar-la-aplicacion-del-reglamento-europeo-contra-la-deforestacion-eudr\/\" target=\"_blank\" rel=\"noopener\">campa\u00f1a contra la deforestaci\u00f3n<\/a>, que en los \u00faltimos meses nos ha llevado a reuniones con representantes de diversos gobiernos auton\u00f3micos (Castilla La Mancha, Canarias, Euskadi&#8230;) y con asociaciones de empresas de madera, cacao, caf\u00e9, papel, piensos, aceite de palma&#8230; y otras que seguimos convocando en pr\u00f3ximas semanas. Adem\u00e1s, seguimos construyendo redes, a nivel estatal e internacional, y ya os anuncio que el lunes 14 de mayo celebraremos una jornada sobre deforestaci\u00f3n en el Congreso de los Diputados para trasladar a parlamentarios y sociedad en general la importancia de acabar con la degradaci\u00f3n de los ecosistemas y tomarnos en serio la protecci\u00f3n de la biodiversidad.<\/p>\n<p>Acabo ya, aunque podr\u00eda contaros que estamos conformando una coordinadora aragonesa de colectivos por la agroecolog\u00eda, que en la <a href=\"https:\/\/www.cralasabina.es\/index.php\/nuestro-cra\/ampasnuez-de-ebro\/nuez-de-ebro\/\" target=\"_blank\" rel=\"noopener\">Asociaci\u00f3n de Madres y Padres del colegio p\u00fablico de Nuez<\/a> seguimos organizando actividades educativas y culturales (charlas y talleres sobre Vacaciones en Paz saharuis, psicolog\u00eda, vista, yoga, anillamiento de aves, drogas, sexualidad&#8230;) y precisamente remato con algo que me llena de \u00aborgullo de padre\u00bb: algunas de las muchas creaciones de nuestra hija Lola que se han publicado en la <a href=\"https:\/\/www.ecologistasenaccion.org\/gallipata\/\" target=\"_blank\" rel=\"noopener\">revista \u00abGallipata\u00bb<\/a> y que ilustran el cartel del <a href=\"https:\/\/www.ecologistasenaccion.org\/evento\/mas-de-noguera-colonies-destiu-2025\/\" target=\"_blank\" rel=\"noopener\">campamento del pr\u00f3ximo verano<\/a>.<\/p>\n<p>Os dejo con unas fotos y con enlaces para ampliar la informaci\u00f3n de las cosicas que os cuento.<\/p>\n<p>Mi idea es ofreceros un bolet\u00edn de este estilo con cierta periodicidad (semanal o la que la vida me permita) para manteros al tanto de mis actividades, que como veis son todas colectivas y abiertas a vuestra participaci\u00f3n. Sin m\u00e1s, abrazos, salud y feliz todo.<\/p>\n<p><img fetchpriority=\"high\" decoding=\"async\" class=\"alignnone size-medium wp-image-1894\" src=\"https:\/\/nachoescartin.es\/wp-content\/uploads\/2025\/04\/24-10-dibujo-Lola-para-Gallipata-300x212.jpg\" alt=\"\" width=\"300\" height=\"212\" srcset=\"https:\/\/nachoescartin.es\/wp-content\/uploads\/2025\/04\/24-10-dibujo-Lola-para-Gallipata-300x212.jpg 300w, https:\/\/nachoescartin.es\/wp-content\/uploads\/2025\/04\/24-10-dibujo-Lola-para-Gallipata-1024x723.jpg 1024w, https:\/\/nachoescartin.es\/wp-content\/uploads\/2025\/04\/24-10-dibujo-Lola-para-Gallipata-768x542.jpg 768w, https:\/\/nachoescartin.es\/wp-content\/uploads\/2025\/04\/24-10-dibujo-Lola-para-Gallipata.jpg 1280w\" sizes=\"(max-width: 300px) 100vw, 300px\" \/><img decoding=\"async\" class=\"alignnone size-medium wp-image-1895\" src=\"https:\/\/nachoescartin.es\/wp-content\/uploads\/2025\/04\/campamento-mas-de-noguera-2025-208x300.jpg\" alt=\"\" width=\"208\" height=\"300\" \/><img decoding=\"async\" class=\"alignnone size-medium wp-image-1801\" src=\"https:\/\/nachoescartin.es\/wp-content\/uploads\/2024\/12\/podcasters-rebeldes-300x225.jpg\" alt=\"\" width=\"300\" height=\"225\" srcset=\"https:\/\/nachoescartin.es\/wp-content\/uploads\/2024\/12\/podcasters-rebeldes-300x225.jpg 300w, https:\/\/nachoescartin.es\/wp-content\/uploads\/2024\/12\/podcasters-rebeldes-1024x768.jpg 1024w, https:\/\/nachoescartin.es\/wp-content\/uploads\/2024\/12\/podcasters-rebeldes-768x576.jpg 768w, https:\/\/nachoescartin.es\/wp-content\/uploads\/2024\/12\/podcasters-rebeldes.jpg 1280w\" sizes=\"(max-width: 300px) 100vw, 300px\" \/><\/p>\n<p><img loading=\"lazy\" decoding=\"async\" class=\"alignnone size-medium wp-image-1892\" src=\"https:\/\/nachoescartin.es\/wp-content\/uploads\/2025\/04\/25-04-Foto-Ganaderia-a-debate-300x225.jpg\" alt=\"\" width=\"300\" height=\"225\" srcset=\"https:\/\/nachoescartin.es\/wp-content\/uploads\/2025\/04\/25-04-Foto-Ganaderia-a-debate-300x225.jpg 300w, https:\/\/nachoescartin.es\/wp-content\/uploads\/2025\/04\/25-04-Foto-Ganaderia-a-debate-1024x768.jpg 1024w, https:\/\/nachoescartin.es\/wp-content\/uploads\/2025\/04\/25-04-Foto-Ganaderia-a-debate-768x576.jpg 768w, https:\/\/nachoescartin.es\/wp-content\/uploads\/2025\/04\/25-04-Foto-Ganaderia-a-debate.jpg 1280w\" sizes=\"(max-width: 300px) 100vw, 300px\" \/><img loading=\"lazy\" decoding=\"async\" class=\"alignnone size-medium wp-image-1893\" src=\"https:\/\/nachoescartin.es\/wp-content\/uploads\/2025\/04\/25-04-Foto-Ganaderia-a-debate2-300x225.jpg\" alt=\"\" width=\"300\" height=\"225\" srcset=\"https:\/\/nachoescartin.es\/wp-content\/uploads\/2025\/04\/25-04-Foto-Ganaderia-a-debate2-300x225.jpg 300w, https:\/\/nachoescartin.es\/wp-content\/uploads\/2025\/04\/25-04-Foto-Ganaderia-a-debate2-1024x768.jpg 1024w, https:\/\/nachoescartin.es\/wp-content\/uploads\/2025\/04\/25-04-Foto-Ganaderia-a-debate2-768x576.jpg 768w, https:\/\/nachoescartin.es\/wp-content\/uploads\/2025\/04\/25-04-Foto-Ganaderia-a-debate2.jpg 1280w\" sizes=\"(max-width: 300px) 100vw, 300px\" \/><img loading=\"lazy\" decoding=\"async\" class=\"alignnone size-medium wp-image-1896\" src=\"https:\/\/nachoescartin.es\/wp-content\/uploads\/2025\/04\/25-03-Foto-podcast-20-anos-Coop57-300x225.jpg\" alt=\"\" width=\"300\" height=\"225\" \/> <img loading=\"lazy\" decoding=\"async\" class=\"alignnone size-medium wp-image-1897\" src=\"https:\/\/nachoescartin.es\/wp-content\/uploads\/2025\/04\/25-03-Foto-podcast-20-anos-Coop57-2-300x225.jpg\" alt=\"\" width=\"300\" height=\"225\" \/> <img loading=\"lazy\" decoding=\"async\" class=\"alignnone size-medium wp-image-1898\" src=\"https:\/\/nachoescartin.es\/wp-content\/uploads\/2025\/04\/25-03-Foto-podcast-20-anos-Coop57-3-300x225.jpg\" alt=\"\" width=\"300\" height=\"225\" \/> <img loading=\"lazy\" decoding=\"async\" class=\"alignnone size-medium wp-image-1899\" src=\"https:\/\/nachoescartin.es\/wp-content\/uploads\/2025\/04\/25-03-Foto-podcast-20-anos-Coop57-4-300x225.jpg\" alt=\"\" width=\"300\" height=\"225\" srcset=\"https:\/\/nachoescartin.es\/wp-content\/uploads\/2025\/04\/25-03-Foto-podcast-20-anos-Coop57-4-300x225.jpg 300w, https:\/\/nachoescartin.es\/wp-content\/uploads\/2025\/04\/25-03-Foto-podcast-20-anos-Coop57-4-1024x768.jpg 1024w, https:\/\/nachoescartin.es\/wp-content\/uploads\/2025\/04\/25-03-Foto-podcast-20-anos-Coop57-4-768x576.jpg 768w, https:\/\/nachoescartin.es\/wp-content\/uploads\/2025\/04\/25-03-Foto-podcast-20-anos-Coop57-4.jpg 1280w\" sizes=\"(max-width: 300px) 100vw, 300px\" \/> <img loading=\"lazy\" decoding=\"async\" class=\"alignnone size-medium wp-image-1900\" src=\"https:\/\/nachoescartin.es\/wp-content\/uploads\/2025\/04\/25-03-Foto-podcast-20-anos-Coop57-5-225x300.jpg\" alt=\"\" width=\"225\" height=\"300\" \/><img loading=\"lazy\" decoding=\"async\" class=\"alignnone size-medium wp-image-1851\" src=\"https:\/\/nachoescartin.es\/wp-content\/uploads\/2025\/02\/Portada-informe-soja-212x300.jpg\" alt=\"\" width=\"212\" height=\"300\" srcset=\"https:\/\/nachoescartin.es\/wp-content\/uploads\/2025\/02\/Portada-informe-soja-212x300.jpg 212w, https:\/\/nachoescartin.es\/wp-content\/uploads\/2025\/02\/Portada-informe-soja-723x1024.jpg 723w, https:\/\/nachoescartin.es\/wp-content\/uploads\/2025\/02\/Portada-informe-soja-768x1087.jpg 768w, https:\/\/nachoescartin.es\/wp-content\/uploads\/2025\/02\/Portada-informe-soja-1085x1536.jpg 1085w, https:\/\/nachoescartin.es\/wp-content\/uploads\/2025\/02\/Portada-informe-soja.jpg 1413w\" sizes=\"(max-width: 212px) 100vw, 212px\" \/><\/p>","protected":false},"excerpt":{"rendered":"<p>\u00a1Buen d\u00eda! Os anuncio que estamos trabajando para que esta ventana abierta a mis actividades, pronto cambiar\u00e1 a una p\u00e1gina [&hellip;]<\/p>\n","protected":false},"author":1,"featured_media":1892,"comment_status":"closed","ping_status":"closed","sticky":false,"template":"","format":"standard","meta":{"site-sidebar-layout":"default","site-content-layout":"","ast-site-content-layout":"default","site-content-style":"default","site-sidebar-style":"default","ast-global-header-display":"","ast-banner-title-visibility":"","ast-main-header-display":"","ast-hfb-above-header-display":"","ast-hfb-below-header-display":"","ast-hfb-mobile-header-display":"","site-post-title":"","ast-breadcrumbs-content":"","ast-featured-img":"","footer-sml-layout":"","ast-disable-related-posts":"","theme-transparent-header-meta":"","adv-header-id-meta":"","stick-header-meta":"","header-above-stick-meta":"","header-main-stick-meta":"","header-below-stick-meta":"","astra-migrate-meta-layouts":"default","ast-page-background-enabled":"default","ast-page-background-meta":{"desktop":{"background-color":"","background-image":"","background-repeat":"repeat","background-position":"center center","background-size":"auto","background-attachment":"scroll","background-type":"","background-media":"","overlay-type":"","overlay-color":"","overlay-opacity":"","overlay-gradient":""},"tablet":{"background-color":"","background-image":"","background-repeat":"repeat","background-position":"center center","background-size":"auto","background-attachment":"scroll","background-type":"","background-media":"","overlay-type":"","overlay-color":"","overlay-opacity":"","overlay-gradient":""},"mobile":{"background-color":"","background-image":"","background-repeat":"repeat","background-position":"center center","background-size":"auto","background-attachment":"scroll","background-type":"","background-media":"","overlay-type":"","overlay-color":"","overlay-opacity":"","overlay-gradient":""}},"ast-content-background-meta":{"desktop":{"background-color":"var(--ast-global-color-5)","background-image":"","background-repeat":"repeat","background-position":"center center","background-size":"auto","background-attachment":"scroll","background-type":"","background-media":"","overlay-type":"","overlay-color":"","overlay-opacity":"","overlay-gradient":""},"tablet":{"background-color":"var(--ast-global-color-5)","background-image":"","background-repeat":"repeat","background-position":"center center","background-size":"auto","background-attachment":"scroll","background-type":"","background-media":"","overlay-type":"","overlay-color":"","overlay-opacity":"","overlay-gradient":""},"mobile":{"background-color":"var(--ast-global-color-5)","background-image":"","background-repeat":"repeat","background-position":"center center","background-size":"auto","background-attachment":"scroll","background-type":"","background-media":"","overlay-type":"","overlay-color":"","overlay-opacity":"","overlay-gradient":""}},"_joinchat":[],"footnotes":""},"categories":[26,25,808,23],"tags":[911,230,137,912,360,913,837,914,785,30,31,479,915,33,37],"class_list":["post-1891","post","type-post","status-publish","format-standard","has-post-thumbnail","hentry","category-cultivando","category-enredando","category-formando","category-sembrando","tag-actividades","tag-agricultura","tag-agua","tag-ampa","tag-arte","tag-colegio","tag-deforestacion","tag-dibujo","tag-ecologistas-en-accion","tag-educacion","tag-formacion","tag-ganaderia","tag-lola","tag-podcast","tag-trabajo"],"_links":{"self":[{"href":"https:\/\/nachoescartin.es\/an\/wp-json\/wp\/v2\/posts\/1891","targetHints":{"allow":["GET"]}}],"collection":[{"href":"https:\/\/nachoescartin.es\/an\/wp-json\/wp\/v2\/posts"}],"about":[{"href":"https:\/\/nachoescartin.es\/an\/wp-json\/wp\/v2\/types\/post"}],"author":[{"embeddable":true,"href":"https:\/\/nachoescartin.es\/an\/wp-json\/wp\/v2\/users\/1"}],"replies":[{"embeddable":true,"href":"https:\/\/nachoescartin.es\/an\/wp-json\/wp\/v2\/comments?post=1891"}],"version-history":[{"count":0,"href":"https:\/\/nachoescartin.es\/an\/wp-json\/wp\/v2\/posts\/1891\/revisions"}],"wp:featuredmedia":[{"embeddable":true,"href":"https:\/\/nachoescartin.es\/an\/wp-json\/wp\/v2\/media\/1892"}],"wp:attachment":[{"href":"https:\/\/nachoescartin.es\/an\/wp-json\/wp\/v2\/media?parent=1891"}],"wp:term":[{"taxonomy":"category","embeddable":true,"href":"https:\/\/nachoescartin.es\/an\/wp-json\/wp\/v2\/categories?post=1891"},{"taxonomy":"post_tag","embeddable":true,"href":"https:\/\/nachoescartin.es\/an\/wp-json\/wp\/v2\/tags?post=1891"}],"curies":[{"name":"wp","href":"https:\/\/api.w.org\/{rel}","templated":true}]}}