{"id":1835,"date":"2025-01-27T21:13:56","date_gmt":"2025-01-27T20:13:56","guid":{"rendered":"https:\/\/nachoescartin.es\/?p=1835"},"modified":"2025-01-27T21:13:56","modified_gmt":"2025-01-27T20:13:56","slug":"podcast-de-justicia-alimentaria-en-la-universidad-de-teruel","status":"publish","type":"post","link":"https:\/\/nachoescartin.es\/an\/podcast-de-justicia-alimentaria-en-la-universidad-de-teruel\/","title":{"rendered":"Escucha el Podcast de Justicia Alimentaria en la universidad de Teruel"},"content":{"rendered":"<p>\ud83c\udf99 \u00a1Ya puedes escuchar este podcast \u00abmade in Teruel\u00bb! \ud83c\udfa7<\/p>\n<p>Con Jorge, Saber y Amine, estudiantes de Educaci\u00f3n y ADE en la Universidad de Zaragoza, que han grabado este programa con el apoyo de Nacho. Hablan -con mucho humor y aut\u00e9ntica somarder\u00eda turolense- sobre soberan\u00eda alimentaria, Justicia Alimentaria y el proyecto \u00abUniversidad cr\u00edtica y transformadora\u00bb.<\/p>\n<p>\ud83d\udd17 Esc\u00fachalo aqu\u00ed: <strong><a href=\"https:\/\/go.ivoox.com\/rf\/138928326\" target=\"_blank\" rel=\"noopener\">https:\/\/go.ivoox.com\/rf\/138928326<\/a><\/strong><\/p>\n<p>\ud83c\udf31 \u00a1No te lo pierdas! Dale al play y \u00e9chate unas risas \ud83d\ude1c<\/p>\n<p>&nbsp;<\/p>\n<p style=\"text-align: justify; padding-left: 40px;\">Hoy hemos grabado un podcast de Justicia Alimentaria en la sede de Teruel de la Universidad de Zaragoza. Jorge, Saber y Amine, estudiantes de ADE y Magisterio, han dinamizado un programa de radio, en el que han hecho sus propios guiones sobre Soberan\u00eda alimentaria, elegido sus m\u00fasicas y locutado las voces. \u00a1Ha estado fet\u00e9n y muy pronto lo podr\u00e9is escuchar! Luz\u00eda y Sara han colaborado tambi\u00e9n, pero no han podido estar en la grabaci\u00f3n. Yo he ayudado en la formaci\u00f3n, producci\u00f3n y realizaci\u00f3n.<\/p>\n<p style=\"text-align: justify; padding-left: 40px;\">Un placer para m\u00ed y estoy muy agradecido a Luz\u00eda y Justicia Alimentaria por contar conmigo para esta actividad. La hemos disfrutado mucho y nos hemos quedado con ganas de m\u00e1s. As\u00ed que \u00a1hasta la pr\u00f3xima!<\/p>\n<p style=\"text-align: justify; padding-left: 80px;\">Ya sabes que si quer\u00e9is de m\u00ed para alg\u00fan taller de radio y podcast, no ten\u00e9is m\u00e1s que contactar conmigo. Pod\u00e9is escribirme a laenredadera@nodo50.org. Puedo ayudaros a hacer vuestros podcast y ense\u00f1aros desde el nivel escolar de infantil y primaria en colegios, con j\u00f3venes de institutos y universidad o personas adultas de todo tipo, educadores, profesores y mayores interesadas en expresar sus propias historias. \u00a1Quedar\u00e9is con ganas de m\u00e1s! \ud83d\ude09<\/p>\n<p><img fetchpriority=\"high\" decoding=\"async\" class=\"alignnone size-medium wp-image-1837\" src=\"https:\/\/nachoescartin.es\/wp-content\/uploads\/2025\/01\/1000124981-1-300x225.jpg\" alt=\"\" width=\"300\" height=\"225\" \/><img decoding=\"async\" class=\"alignnone size-medium wp-image-1838\" src=\"https:\/\/nachoescartin.es\/wp-content\/uploads\/2025\/01\/1000124966-300x225.jpg\" alt=\"\" width=\"300\" height=\"225\" \/><img decoding=\"async\" class=\"alignnone size-medium wp-image-1839\" src=\"https:\/\/nachoescartin.es\/wp-content\/uploads\/2025\/01\/1000124982-300x225.jpg\" alt=\"\" width=\"300\" height=\"225\" \/><img loading=\"lazy\" decoding=\"async\" class=\"alignnone size-medium wp-image-1840\" src=\"https:\/\/nachoescartin.es\/wp-content\/uploads\/2025\/01\/1000124967-300x225.jpg\" alt=\"\" width=\"300\" height=\"225\" \/><img loading=\"lazy\" decoding=\"async\" class=\"alignnone size-medium wp-image-1842\" src=\"https:\/\/nachoescartin.es\/wp-content\/uploads\/2025\/01\/IMG_20250127_211319-225x300.jpg\" alt=\"\" width=\"225\" height=\"300\" \/><\/p>","protected":false},"excerpt":{"rendered":"<p>\ud83c\udf99 \u00a1Ya puedes escuchar este podcast \u00abmade in Teruel\u00bb! \ud83c\udfa7 Con Jorge, Saber y Amine, estudiantes de Educaci\u00f3n y ADE [&hellip;]<\/p>\n","protected":false},"author":1,"featured_media":1836,"comment_status":"closed","ping_status":"closed","sticky":false,"template":"","format":"standard","meta":{"site-sidebar-layout":"default","site-content-layout":"","ast-site-content-layout":"default","site-content-style":"default","site-sidebar-style":"default","ast-global-header-display":"","ast-banner-title-visibility":"","ast-main-header-display":"","ast-hfb-above-header-display":"","ast-hfb-below-header-display":"","ast-hfb-mobile-header-display":"","site-post-title":"","ast-breadcrumbs-content":"","ast-featured-img":"","footer-sml-layout":"","ast-disable-related-posts":"","theme-transparent-header-meta":"","adv-header-id-meta":"","stick-header-meta":"","header-above-stick-meta":"","header-main-stick-meta":"","header-below-stick-meta":"","astra-migrate-meta-layouts":"default","ast-page-background-enabled":"default","ast-page-background-meta":{"desktop":{"background-color":"","background-image":"","background-repeat":"repeat","background-position":"center center","background-size":"auto","background-attachment":"scroll","background-type":"","background-media":"","overlay-type":"","overlay-color":"","overlay-opacity":"","overlay-gradient":""},"tablet":{"background-color":"","background-image":"","background-repeat":"repeat","background-position":"center center","background-size":"auto","background-attachment":"scroll","background-type":"","background-media":"","overlay-type":"","overlay-color":"","overlay-opacity":"","overlay-gradient":""},"mobile":{"background-color":"","background-image":"","background-repeat":"repeat","background-position":"center center","background-size":"auto","background-attachment":"scroll","background-type":"","background-media":"","overlay-type":"","overlay-color":"","overlay-opacity":"","overlay-gradient":""}},"ast-content-background-meta":{"desktop":{"background-color":"var(--ast-global-color-5)","background-image":"","background-repeat":"repeat","background-position":"center center","background-size":"auto","background-attachment":"scroll","background-type":"","background-media":"","overlay-type":"","overlay-color":"","overlay-opacity":"","overlay-gradient":""},"tablet":{"background-color":"var(--ast-global-color-5)","background-image":"","background-repeat":"repeat","background-position":"center center","background-size":"auto","background-attachment":"scroll","background-type":"","background-media":"","overlay-type":"","overlay-color":"","overlay-opacity":"","overlay-gradient":""},"mobile":{"background-color":"var(--ast-global-color-5)","background-image":"","background-repeat":"repeat","background-position":"center center","background-size":"auto","background-attachment":"scroll","background-type":"","background-media":"","overlay-type":"","overlay-color":"","overlay-opacity":"","overlay-gradient":""}},"_joinchat":[],"footnotes":""},"categories":[26,808],"tags":[230,246,388,28,31,879,33,35,639,110,880],"class_list":["post-1835","post","type-post","status-publish","format-standard","has-post-thumbnail","hentry","category-cultivando","category-formando","tag-agricultura","tag-agroecologia","tag-alimentacion","tag-aragon","tag-formacion","tag-justicia-alimentaria","tag-podcast","tag-radio","tag-soberania-alimentaria","tag-teruel","tag-universidad"],"_links":{"self":[{"href":"https:\/\/nachoescartin.es\/an\/wp-json\/wp\/v2\/posts\/1835","targetHints":{"allow":["GET"]}}],"collection":[{"href":"https:\/\/nachoescartin.es\/an\/wp-json\/wp\/v2\/posts"}],"about":[{"href":"https:\/\/nachoescartin.es\/an\/wp-json\/wp\/v2\/types\/post"}],"author":[{"embeddable":true,"href":"https:\/\/nachoescartin.es\/an\/wp-json\/wp\/v2\/users\/1"}],"replies":[{"embeddable":true,"href":"https:\/\/nachoescartin.es\/an\/wp-json\/wp\/v2\/comments?post=1835"}],"version-history":[{"count":0,"href":"https:\/\/nachoescartin.es\/an\/wp-json\/wp\/v2\/posts\/1835\/revisions"}],"wp:featuredmedia":[{"embeddable":true,"href":"https:\/\/nachoescartin.es\/an\/wp-json\/wp\/v2\/media\/1836"}],"wp:attachment":[{"href":"https:\/\/nachoescartin.es\/an\/wp-json\/wp\/v2\/media?parent=1835"}],"wp:term":[{"taxonomy":"category","embeddable":true,"href":"https:\/\/nachoescartin.es\/an\/wp-json\/wp\/v2\/categories?post=1835"},{"taxonomy":"post_tag","embeddable":true,"href":"https:\/\/nachoescartin.es\/an\/wp-json\/wp\/v2\/tags?post=1835"}],"curies":[{"name":"wp","href":"https:\/\/api.w.org\/{rel}","templated":true}]}}