{"id":1815,"date":"2025-01-05T14:21:43","date_gmt":"2025-01-05T13:21:43","guid":{"rendered":"https:\/\/nachoescartin.es\/?p=1815"},"modified":"2025-01-05T14:21:43","modified_gmt":"2025-01-05T13:21:43","slug":"has-escuchado-el-primer-podcast-de-ecologistas-en-accion","status":"publish","type":"post","link":"https:\/\/nachoescartin.es\/an\/has-escuchado-el-primer-podcast-de-ecologistas-en-accion\/","title":{"rendered":"\u00bfHas escuchado el primer podcast de Ecologistas en Acci\u00f3n?"},"content":{"rendered":"<p>El 20 de diciembre de 2024 publicamos el primer podcast de Ecologistas en Acci\u00f3n, un programa piloto del que nos gustar\u00eda fuera una nueva herramienta de comunicaci\u00f3n para la ecolog\u00eda social y la participaci\u00f3n colectiva.<\/p>\n<p><a href=\"https:\/\/www.ecologistasenaccion.org\/329997\/con-los-pies-en-la-tierra-el-podcast-de-ecologistas-en-accion\/\" target=\"_blank\" rel=\"noopener\"><strong>Os invito a escucharlo aqu\u00ed<\/strong><\/a> y a decirnos qu\u00e9 os parece escribi\u00e9ndonos a podcast@ecologistasenaccion.org<\/p>\n<p><img fetchpriority=\"high\" decoding=\"async\" class=\"alignnone size-medium wp-image-1816\" src=\"https:\/\/nachoescartin.es\/wp-content\/uploads\/2025\/01\/24-12-Con-los-Pies-en-la-Tierra-300x225.jpg\" alt=\"\" width=\"300\" height=\"225\" srcset=\"https:\/\/nachoescartin.es\/wp-content\/uploads\/2025\/01\/24-12-Con-los-Pies-en-la-Tierra-300x225.jpg 300w, https:\/\/nachoescartin.es\/wp-content\/uploads\/2025\/01\/24-12-Con-los-Pies-en-la-Tierra-1024x768.jpg 1024w, https:\/\/nachoescartin.es\/wp-content\/uploads\/2025\/01\/24-12-Con-los-Pies-en-la-Tierra-768x576.jpg 768w, https:\/\/nachoescartin.es\/wp-content\/uploads\/2025\/01\/24-12-Con-los-Pies-en-la-Tierra.jpg 1280w\" sizes=\"(max-width: 300px) 100vw, 300px\" \/><\/p>\n<p>Si lo prefieres, tambi\u00e9n tienes disponible \u00abCon los Pies en la Tierra\u00bb en estas plataformas:<\/p>\n<p>RSS<br \/>\n<a href=\"https:\/\/anchor.fm\/s\/f99afb10\/podcast\/rss\" target=\"_blank\" rel=\"noopener\">https:\/\/anchor.fm\/s\/f99afb10\/podcast\/rss<\/a><\/p>\n<p>archive<br \/>\n<a href=\"https:\/\/archive.org\/details\/con-los-pies-en-la-tierra-piloto\" target=\"_blank\" rel=\"noopener\">https:\/\/archive.org\/details\/con-los-pies-en-la-tierra-piloto<\/a><\/p>\n<p>ivoox<br \/>\n<a href=\"https:\/\/go.ivoox.com\/sq\/2492720\" target=\"_blank\" rel=\"noopener\">https:\/\/go.ivoox.com\/sq\/2492720<\/a><\/p>\n<p>soundcloud<\/p>\n<div class=\"ast-oembed-container\" style=\"height: 100%;\"><iframe title=\"Con los pies en la Tierra - piloto by Ecologistas en Acci\u00f3n\" width=\"500\" height=\"400\" scrolling=\"no\" frameborder=\"no\" src=\"https:\/\/w.soundcloud.com\/player\/?visual=true&#038;url=https%3A%2F%2Fapi.soundcloud.com%2Ftracks%2F1990254555&#038;show_artwork=true&#038;maxheight=750&#038;maxwidth=500\"><\/iframe><\/div>\n<p>spotify<\/p>\n<div class=\"ast-oembed-container\" style=\"height: 100%;\"><iframe title=\"Spotify Embed: Con los pies en la Tierra - Piloto\" style=\"border-radius: 12px\" width=\"100%\" height=\"152\" frameborder=\"0\" allowfullscreen allow=\"autoplay; clipboard-write; encrypted-media; fullscreen; picture-in-picture\" loading=\"lazy\" src=\"https:\/\/open.spotify.com\/embed\/episode\/1mQjZ7Zm8l1Xo5YDKYVaDk?si=tt-tQanJQYmZLvCaW98oiA&#038;utm_source=oembed\"><\/iframe><\/div>\n<p>amazon<br \/>\nhttps:\/\/music.amazon.es\/podcasts\/abdf92c4-e60e-4115-839e-9d0e230dd719\/con-los-pies-en-la-tierra<\/p>\n<p>pocketcasts<\/p>\n<div class=\"ast-oembed-container\" style=\"height: 100%;\"><iframe title=\"Con los pies en la Tierra\" src=\"https:\/\/pca.st\/embed\/7tm494sc\" style=\"border: 0; border-radius: 8px; width: 100%; height: 450px;\" allowfullscreen=\"true\" frameborder=\"0\"><\/iframe><\/div>","protected":false},"excerpt":{"rendered":"<p>El 20 de diciembre de 2024 publicamos el primer podcast de Ecologistas en Acci\u00f3n, un programa piloto del que nos [&hellip;]<\/p>\n","protected":false},"author":1,"featured_media":1800,"comment_status":"closed","ping_status":"closed","sticky":false,"template":"","format":"standard","meta":{"site-sidebar-layout":"default","site-content-layout":"","ast-site-content-layout":"default","site-content-style":"default","site-sidebar-style":"default","ast-global-header-display":"","ast-banner-title-visibility":"","ast-main-header-display":"","ast-hfb-above-header-display":"","ast-hfb-below-header-display":"","ast-hfb-mobile-header-display":"","site-post-title":"","ast-breadcrumbs-content":"","ast-featured-img":"","footer-sml-layout":"","ast-disable-related-posts":"","theme-transparent-header-meta":"","adv-header-id-meta":"","stick-header-meta":"","header-above-stick-meta":"","header-main-stick-meta":"","header-below-stick-meta":"","astra-migrate-meta-layouts":"default","ast-page-background-enabled":"default","ast-page-background-meta":{"desktop":{"background-color":"","background-image":"","background-repeat":"repeat","background-position":"center center","background-size":"auto","background-attachment":"scroll","background-type":"","background-media":"","overlay-type":"","overlay-color":"","overlay-opacity":"","overlay-gradient":""},"tablet":{"background-color":"","background-image":"","background-repeat":"repeat","background-position":"center center","background-size":"auto","background-attachment":"scroll","background-type":"","background-media":"","overlay-type":"","overlay-color":"","overlay-opacity":"","overlay-gradient":""},"mobile":{"background-color":"","background-image":"","background-repeat":"repeat","background-position":"center center","background-size":"auto","background-attachment":"scroll","background-type":"","background-media":"","overlay-type":"","overlay-color":"","overlay-opacity":"","overlay-gradient":""}},"ast-content-background-meta":{"desktop":{"background-color":"var(--ast-global-color-5)","background-image":"","background-repeat":"repeat","background-position":"center center","background-size":"auto","background-attachment":"scroll","background-type":"","background-media":"","overlay-type":"","overlay-color":"","overlay-opacity":"","overlay-gradient":""},"tablet":{"background-color":"var(--ast-global-color-5)","background-image":"","background-repeat":"repeat","background-position":"center center","background-size":"auto","background-attachment":"scroll","background-type":"","background-media":"","overlay-type":"","overlay-color":"","overlay-opacity":"","overlay-gradient":""},"mobile":{"background-color":"var(--ast-global-color-5)","background-image":"","background-repeat":"repeat","background-position":"center center","background-size":"auto","background-attachment":"scroll","background-type":"","background-media":"","overlay-type":"","overlay-color":"","overlay-opacity":"","overlay-gradient":""}},"_joinchat":[],"footnotes":""},"categories":[26,25],"tags":[29,227,315,785,33,35],"class_list":["post-1815","post","type-post","status-publish","format-standard","has-post-thumbnail","hentry","category-cultivando","category-enredando","tag-comunicacion","tag-ecologia","tag-ecologismo-social","tag-ecologistas-en-accion","tag-podcast","tag-radio"],"_links":{"self":[{"href":"https:\/\/nachoescartin.es\/an\/wp-json\/wp\/v2\/posts\/1815","targetHints":{"allow":["GET"]}}],"collection":[{"href":"https:\/\/nachoescartin.es\/an\/wp-json\/wp\/v2\/posts"}],"about":[{"href":"https:\/\/nachoescartin.es\/an\/wp-json\/wp\/v2\/types\/post"}],"author":[{"embeddable":true,"href":"https:\/\/nachoescartin.es\/an\/wp-json\/wp\/v2\/users\/1"}],"replies":[{"embeddable":true,"href":"https:\/\/nachoescartin.es\/an\/wp-json\/wp\/v2\/comments?post=1815"}],"version-history":[{"count":0,"href":"https:\/\/nachoescartin.es\/an\/wp-json\/wp\/v2\/posts\/1815\/revisions"}],"wp:featuredmedia":[{"embeddable":true,"href":"https:\/\/nachoescartin.es\/an\/wp-json\/wp\/v2\/media\/1800"}],"wp:attachment":[{"href":"https:\/\/nachoescartin.es\/an\/wp-json\/wp\/v2\/media?parent=1815"}],"wp:term":[{"taxonomy":"category","embeddable":true,"href":"https:\/\/nachoescartin.es\/an\/wp-json\/wp\/v2\/categories?post=1815"},{"taxonomy":"post_tag","embeddable":true,"href":"https:\/\/nachoescartin.es\/an\/wp-json\/wp\/v2\/tags?post=1815"}],"curies":[{"name":"wp","href":"https:\/\/api.w.org\/{rel}","templated":true}]}}