{"id":181,"date":"2018-05-19T11:54:35","date_gmt":"2018-05-19T11:54:35","guid":{"rendered":"https:\/\/nachoescartin.wordpress.com\/?p=181"},"modified":"2018-05-19T11:54:35","modified_gmt":"2018-05-19T11:54:35","slug":"sobre-coherencia-y-casorrones","status":"publish","type":"post","link":"https:\/\/nachoescartin.es\/an\/sobre-coherencia-y-casorrones\/","title":{"rendered":"Sobre coherencia y casorrones"},"content":{"rendered":"<p>Cada persona tiene sus opiniones. Cada persona vive como puede. Tanto unas como otras (opiniones y posibilidades) dependen de muchos factores que trascienden al individuo: situaci\u00f3n pol\u00edtica, econom\u00eda, salud, loter\u00eda, lugar en el mundo, amor, trabajo, clase\u2026.<\/p>\n<p>Algunas personas luchamos por una sociedad de iguales, en la que vivir dignamente, con libertades, derechos y oportunidades. Y en eso estamos. <\/p>\n<p>La conciencia es algo muy \u00edntimo, que a algunas personas nos lleva a vivir como consideramos, buscando felicidad, coherencia y ser ejemplo de las ideas que promovemos. Mi conciencia me anima a causar el menor impacto negativo con mi existencia y, al mismo tiempo, tratar de gozar, de disfrutar, de ser feliz. Y aunque hace 10 a\u00f1os que no cojo un avi\u00f3n, tengo que ir todos los d\u00edas a trabajar en furgoneta; aunque trato de consumir cercano y saludable, a\u00fan como carne; aunque s\u00e9 que no es sano habitar en un frenes\u00ed inaguantable, vivo mucho m\u00e1s r\u00e1pido de lo que desear\u00eda. Por plasmar tres ejemplos simplones. <\/p>\n<p>Como la \u00e9tica es una parte esencial de nuestra propuesta pol\u00edtica, generamos estructuras que nos permiten ser m\u00e1s \u00e9ticos en nuestras organizaciones. En Podemos, por ejemplo, nos limitamos los salarios y los a\u00f1os dedicados a la pol\u00edtica, no pedimos dinero a los bancos y todas nuestras cuentas, personales y colectivas, son p\u00fablicas. <\/p>\n<p>Que todos cumplamos nuestro c\u00f3digo \u00e9tico es algo que me da cierta tranquilidad para hacer pol\u00edtica en un colectivo tan grande. Dicho esto, ning\u00fan c\u00f3digo es sacrosanto, todo es evaluable y mejorable. Y si un d\u00eda la Asamblea Ciudadana, la gente de Podemos, decidimos revisar nuestro c\u00f3digo \u00e9tico, lo cambiaremos.<\/p>\n<p>M\u00e1s all\u00e1 de nuestro programa, de nuestra acci\u00f3n pol\u00edtica y del cumplimiento del c\u00f3digo \u00e9tico, est\u00e1 nuestra vida privada. Y las vidas privadas de los dem\u00e1s. Donde yo no llego, a no ser que mis compas se conviertan en mis amigos y entremos en una relaci\u00f3n m\u00e1s \u00edntima. En esos casos, puedo conocer sus gustos, a sus amigos y familias, a sus novios, incluso sus casas y sus secretos. Y ah\u00ed, como con cualquier persona, descubres otras virtudes, cualidades, aficiones\u2026. y tambi\u00e9n incoherencias, contradicciones y aspectos que me pueden descolocar. Esto es lo normal. En Podemos y en cualquier \u00e1mbito de la vida. Somos incoherentes por naturaleza. As\u00ed, en general. Y quien no asuma esto, se enga\u00f1a. Como dijo Eduardo Galeano, \u201csomos lo que hacemos para cambiar lo que somos\u201d, reconociendo que somos humanos y tenemos mucho que mejorar. <\/p>\n<p>Las lecciones de coherencias provenientes de gente despreciable que solo quiere destruirnos y sostener un sinf\u00edn de injusticias, son parte de la hip\u00f3crita arena pol\u00edtica en la que peleamos. Y a esos juicios no les voy a dar ninguna relevancia, porque entrar\u00edamos con demasiada inocencia en el aro que nos imponen. Ayer est\u00e1bamos en una pol\u00e9mica que llenaba portadas, hoy en esta y ma\u00f1ana en la siguiente. Nos dan por todas partes y esto no va a parar. Nadie dijo que fuera f\u00e1cil cambiar la sociedad. Y el poder se defiende. Charremos de esto y de lo otro, por supuesto, que los telediarios ya seguir\u00e1n abri\u00e9ndose con pol\u00e9micas contra Podemos. Porque se trata de eso, de frenar el cambio, a costa de lo que sea. <\/p>\n<p>Yo prefiero no juzgar a mis compas de Podemos por sus vidas privadas, sino por sus acciones pol\u00edticas y el estricto cumplimiento de nuestro c\u00f3digo \u00e9tico. Al igual que prefiero no juzgar a todo el mundo con el que me cruzo en las calles o veo en las teles. Yo elijo a mis amigos, con los que m\u00e1s a gusto vivo, me divierto y m\u00e1s acorde comparto partes importantes de mi vida. Pero Pablo e Irene no son unos compas cualquiera, son dos de los m\u00e1s conocidos, famosos, l\u00edderes, portavoces y responsables m\u00e1ximos. Por eso es natural que reflexionemos, opinemos y debatamos sobre esto. <\/p>\n<p>Si Pablo e Irene se pagan su casa de su bolsillo, de sus ahorros, mediante hipoteca, porque han cobrado una herencia o porque les han prestado dinero; si pagan sus facturas y la compra es legal; si cumplen nuestro c\u00f3digo \u00e9tico y siguen defendiendo con ah\u00ednco los derechos de la gente\u2026. No tengo nada que reprocharles. Me gustar\u00eda que sean felices y disfruten de sus vidas privadas, como lo deseo para toda la gente buena que hay por el mundo. <\/p>\n<p>Como persona implicad\u00edsima en Podemos s\u00ed me preocupan dos cosas que son muy importantes para ganar las instituciones y ponerlas al servicio de la gente: la est\u00e9tica, el deterioro de la imagen p\u00fablica de nuestros l\u00edderes m\u00e1s conocidos y, por otro lado, el descr\u00e9dito de algunos principios que m\u00e1s nos identifican y diferencian de \u201cla casta\u201d. \u00bfC\u00f3mo deber\u00edan vivir Pablo e Irene para que est\u00e9ticamente no se les reproche? \u00bfSi hubieran elegido una casa menos cara ser\u00eda suficiente? \u00bfY si ahorran o heredan, qu\u00e9 hacen con su dinero? \u00bfNo pueden gastarse lo que ganan legalmente y de su trabajo como quieran? Esto me da mucho que pensar. <\/p>\n<p>Porque sus decisiones personales me afectan mucho en lo pol\u00edtico. Afecta mucho al espacio pol\u00edtico que estamos construyendo. Y eso s\u00ed me preocupa y me afecta. Mucho. Y eso no pasa solo por que se compren esa casa. Pasa por muchas otras m\u00e1s cosas, que nos interesa analizar a quienes queremos transformar esta sociedad. <\/p>\n<p>Este asunto me est\u00e1 haciendo pensar mucho. Comparto por d\u00f3nde me va la cabeza: analizar el mercado inmobiliario actual y el fetichismo de la propiedad; las casas, precios, tama\u00f1os de terrenos y localizaciones posibles; los pros y contras de vivir en una gran ciudad o en el campo; en qu\u00e9 gastamos nuestro dinero y qu\u00e9 hacemos con los ahorros; si es sostenible vivir como vivimos; si es sostenible vivir en Madrid; que somos prisioneros de nuestras palabras, pero son nuestros hechos los que nos definen; los peligros de la profesionalizaci\u00f3n de la pol\u00edtica; qu\u00e9 pasa cuando los pol\u00edticos se a\u00edslan de la gente corriente;  la importancia de la \u00e9tica\u2026. y tambi\u00e9n de la est\u00e9tica; la austeridad bien entendida y c\u00f3mo vivir con menos y vivir mejor; el fetichismo de la derrota; el inf\u00e9rtil \u201cfuego amigo\u201d; el derecho a la cr\u00edtica y a la autocr\u00edtica; la hipocres\u00eda y la superioridad moral; el af\u00e1n por juzgarlo todo, en las redes o en los bares; la fuerza de la calle; el poder de los medios de comunicaci\u00f3n y su influencia en la opini\u00f3n p\u00fablica; la peligrosa tendencia programada para atacarnos mediante juicios constantes a las vidas personales de nuestros l\u00edderes. De todo esto, seguimos pensando, debatiendo y actuando para ser cada vez mejores. <\/p>","protected":false},"excerpt":{"rendered":"<p>Cada persona tiene sus opiniones. Cada persona vive como puede. Tanto unas como otras (opiniones y posibilidades) dependen de muchos [&hellip;]<\/p>\n","protected":false},"author":1,"featured_media":182,"comment_status":"open","ping_status":"closed","sticky":false,"template":"","format":"standard","meta":{"site-sidebar-layout":"default","site-content-layout":"","ast-site-content-layout":"default","site-content-style":"default","site-sidebar-style":"default","ast-global-header-display":"","ast-banner-title-visibility":"","ast-main-header-display":"","ast-hfb-above-header-display":"","ast-hfb-below-header-display":"","ast-hfb-mobile-header-display":"","site-post-title":"","ast-breadcrumbs-content":"","ast-featured-img":"","footer-sml-layout":"","ast-disable-related-posts":"","theme-transparent-header-meta":"","adv-header-id-meta":"","stick-header-meta":"","header-above-stick-meta":"","header-main-stick-meta":"","header-below-stick-meta":"","astra-migrate-meta-layouts":"default","ast-page-background-enabled":"default","ast-page-background-meta":{"desktop":{"background-color":"","background-image":"","background-repeat":"repeat","background-position":"center center","background-size":"auto","background-attachment":"scroll","background-type":"","background-media":"","overlay-type":"","overlay-color":"","overlay-opacity":"","overlay-gradient":""},"tablet":{"background-color":"","background-image":"","background-repeat":"repeat","background-position":"center center","background-size":"auto","background-attachment":"scroll","background-type":"","background-media":"","overlay-type":"","overlay-color":"","overlay-opacity":"","overlay-gradient":""},"mobile":{"background-color":"","background-image":"","background-repeat":"repeat","background-position":"center center","background-size":"auto","background-attachment":"scroll","background-type":"","background-media":"","overlay-type":"","overlay-color":"","overlay-opacity":"","overlay-gradient":""}},"ast-content-background-meta":{"desktop":{"background-color":"var(--ast-global-color-5)","background-image":"","background-repeat":"repeat","background-position":"center center","background-size":"auto","background-attachment":"scroll","background-type":"","background-media":"","overlay-type":"","overlay-color":"","overlay-opacity":"","overlay-gradient":""},"tablet":{"background-color":"var(--ast-global-color-5)","background-image":"","background-repeat":"repeat","background-position":"center center","background-size":"auto","background-attachment":"scroll","background-type":"","background-media":"","overlay-type":"","overlay-color":"","overlay-opacity":"","overlay-gradient":""},"mobile":{"background-color":"var(--ast-global-color-5)","background-image":"","background-repeat":"repeat","background-position":"center center","background-size":"auto","background-attachment":"scroll","background-type":"","background-media":"","overlay-type":"","overlay-color":"","overlay-opacity":"","overlay-gradient":""}},"_joinchat":[],"footnotes":""},"categories":[23],"tags":[48,49],"class_list":["post-181","post","type-post","status-publish","format-standard","has-post-thumbnail","hentry","category-sembrando","tag-coherencia","tag-podemos"],"_links":{"self":[{"href":"https:\/\/nachoescartin.es\/an\/wp-json\/wp\/v2\/posts\/181","targetHints":{"allow":["GET"]}}],"collection":[{"href":"https:\/\/nachoescartin.es\/an\/wp-json\/wp\/v2\/posts"}],"about":[{"href":"https:\/\/nachoescartin.es\/an\/wp-json\/wp\/v2\/types\/post"}],"author":[{"embeddable":true,"href":"https:\/\/nachoescartin.es\/an\/wp-json\/wp\/v2\/users\/1"}],"replies":[{"embeddable":true,"href":"https:\/\/nachoescartin.es\/an\/wp-json\/wp\/v2\/comments?post=181"}],"version-history":[{"count":0,"href":"https:\/\/nachoescartin.es\/an\/wp-json\/wp\/v2\/posts\/181\/revisions"}],"wp:featuredmedia":[{"embeddable":true,"href":"https:\/\/nachoescartin.es\/an\/wp-json\/wp\/v2\/media\/182"}],"wp:attachment":[{"href":"https:\/\/nachoescartin.es\/an\/wp-json\/wp\/v2\/media?parent=181"}],"wp:term":[{"taxonomy":"category","embeddable":true,"href":"https:\/\/nachoescartin.es\/an\/wp-json\/wp\/v2\/categories?post=181"},{"taxonomy":"post_tag","embeddable":true,"href":"https:\/\/nachoescartin.es\/an\/wp-json\/wp\/v2\/tags?post=181"}],"curies":[{"name":"wp","href":"https:\/\/api.w.org\/{rel}","templated":true}]}}