{"id":1799,"date":"2024-12-28T22:26:37","date_gmt":"2024-12-28T21:26:37","guid":{"rendered":"https:\/\/nachoescartin.es\/?p=1799"},"modified":"2024-12-28T22:26:37","modified_gmt":"2024-12-28T21:26:37","slug":"balance-personal-laboral-de-2024-y-lo-que-viene-en-2025","status":"publish","type":"post","link":"https:\/\/nachoescartin.es\/an\/balance-personal-laboral-de-2024-y-lo-que-viene-en-2025\/","title":{"rendered":"Balance personal laboral de 2024&#8230; y lo que viene en 2025"},"content":{"rendered":"<p align=\"justify\">En estos \u00faltimos d\u00edas del a\u00f1o, hago balance de todo lo caminado en 2024 y trazo algunos planes para los d\u00edas que vienen.<\/p>\n<p align=\"justify\">Comenc\u00e9 el a\u00f1o con un nuevo proyecto laboral y d\u00e1ndome de alta como trabajador aut\u00f3nomo por primera vez en mi vida, en una feliz evoluci\u00f3n personal que me ha llevado a dinamizar <strong><a href=\"https:\/\/nachoescartin.es\/an\/te-apetece-aprender-radio-y-podcast-contactame\/\">talleres de radio y podcast<\/a><\/strong> en colegios, institutos, entidades e instituciones. Es una propuesta de formaci\u00f3n en la que sigo implicado y que <strong><a href=\"https:\/\/nachoescartin.es\/an\/category\/formando\/\">est\u00e1 dando un resultado sobrebueno<\/a><\/strong>. Mi prop\u00f3sito era compartir lo que s\u00e9 de radio para aportar autonom\u00eda y capacidades a todo tipo de personas, para trasmitir el potencial enorme que tiene la comunicaci\u00f3n sonora. As\u00ed, he comprobado que con peques muy peque\u00f1os, medianos y personas adultas, las actividades que dinamizo funcionan, gustan y sirven para que m\u00e1s gente se anime a crear y emitir sus propios contenidos. \u00a1Muchas gracias a todas las que confi\u00e1is en m\u00ed!<\/p>\n<p align=\"justify\"><img fetchpriority=\"high\" decoding=\"async\" class=\"alignnone size-medium wp-image-1800\" src=\"https:\/\/nachoescartin.es\/wp-content\/uploads\/2024\/12\/podcast-ecologistas-300x225.jpg\" alt=\"\" width=\"300\" height=\"225\" srcset=\"https:\/\/nachoescartin.es\/wp-content\/uploads\/2024\/12\/podcast-ecologistas-300x225.jpg 300w, https:\/\/nachoescartin.es\/wp-content\/uploads\/2024\/12\/podcast-ecologistas-1024x768.jpg 1024w, https:\/\/nachoescartin.es\/wp-content\/uploads\/2024\/12\/podcast-ecologistas-768x576.jpg 768w, https:\/\/nachoescartin.es\/wp-content\/uploads\/2024\/12\/podcast-ecologistas.jpg 1280w\" sizes=\"(max-width: 300px) 100vw, 300px\" \/><img decoding=\"async\" class=\"alignnone size-medium wp-image-1761\" src=\"https:\/\/nachoescartin.es\/wp-content\/uploads\/2024\/10\/photo_2024-10-07_17-30-36-6-300x225.jpg\" alt=\"\" width=\"300\" height=\"225\" srcset=\"https:\/\/nachoescartin.es\/wp-content\/uploads\/2024\/10\/photo_2024-10-07_17-30-36-6-300x225.jpg 300w, https:\/\/nachoescartin.es\/wp-content\/uploads\/2024\/10\/photo_2024-10-07_17-30-36-6-1024x768.jpg 1024w, https:\/\/nachoescartin.es\/wp-content\/uploads\/2024\/10\/photo_2024-10-07_17-30-36-6-768x576.jpg 768w, https:\/\/nachoescartin.es\/wp-content\/uploads\/2024\/10\/photo_2024-10-07_17-30-36-6.jpg 1280w\" sizes=\"(max-width: 300px) 100vw, 300px\" \/><img decoding=\"async\" class=\"alignnone size-medium wp-image-1680\" src=\"https:\/\/nachoescartin.es\/wp-content\/uploads\/2024\/07\/photo_2024-07-11_16-29-00-300x225.jpg\" alt=\"\" width=\"300\" height=\"225\" \/><img loading=\"lazy\" decoding=\"async\" class=\"alignnone size-medium wp-image-1801\" src=\"https:\/\/nachoescartin.es\/wp-content\/uploads\/2024\/12\/podcasters-rebeldes-300x225.jpg\" alt=\"\" width=\"300\" height=\"225\" srcset=\"https:\/\/nachoescartin.es\/wp-content\/uploads\/2024\/12\/podcasters-rebeldes-300x225.jpg 300w, https:\/\/nachoescartin.es\/wp-content\/uploads\/2024\/12\/podcasters-rebeldes-1024x768.jpg 1024w, https:\/\/nachoescartin.es\/wp-content\/uploads\/2024\/12\/podcasters-rebeldes-768x576.jpg 768w, https:\/\/nachoescartin.es\/wp-content\/uploads\/2024\/12\/podcasters-rebeldes.jpg 1280w\" sizes=\"(max-width: 300px) 100vw, 300px\" \/><\/p>\n<p align=\"justify\">Adem\u00e1s, a finales del a\u00f1o nos planteamos el reto de hacer el <strong><a href=\"https:\/\/www.ecologistasenaccion.org\/329997\/con-los-pies-en-la-tierra-el-podcast-de-ecologistas-en-accion\/\" target=\"_blank\" rel=\"noopener\">primer podcast de Ecologistas en Acci\u00f3n<\/a><\/strong>, que presentamos hace unos d\u00edas y que os animo a escuchar y a difundir. A partir de aqu\u00ed, la idea es abrir la participaci\u00f3n a muchas m\u00e1s personas y os ir\u00e9 contando c\u00f3mo evoluciona esta propuesta colectiva. Tambi\u00e9n seguimos con las p\u00edldoras sonoras de \u201cPodcasters Rebeldes\u201d y en 2025 se vienen proyectos con Justicia Alimentaria y Coop57, entre otros. \u00a1Recuerda que sigo abierto a nuevas propuestas, puedes escribirme a <strong><em>laenredadera@nodo50.org<\/em><\/strong>!<\/p>\n<p align=\"justify\">He tenido la enorme suerte de ser elegido por Ecologistas en Acci\u00f3n para participar en algunos proyectos que me resultan s\u00faper interesantes y desde los que intento aportar mi granito de arena por un mundo mejor, mano a mano con otras personas, aqu\u00ed y all\u00e1, con las que estoy trabajando s\u00faper a gusto. Mi implicaci\u00f3n ya sab\u00e9is que es del 200% cuando me emociono con algo y es el caso. Comenc\u00e9 con la <strong><a href=\"https:\/\/www.ecologistasenaccion.org\/areas-de-accion\/agroecologia\/stop-ganaderia-industrial\/\" target=\"_blank\" rel=\"noopener\">campa\u00f1a contra el modelo agroganadero industrial insostenible<\/a><\/strong>, que adem\u00e1s de las macrogranjas evoluciona mal con el \u201clavado verde\u201d de proyectos de biog\u00e1s y biometano, que son otra vuelta de tuerca de un sistema disparatado, de alimentos kilom\u00e9tricos y desigualdades a muchos niveles. Siempre con propuestas en positivo, trazamos la <strong><a href=\"https:\/\/www.ecologistasenaccion.org\/318430\/derecho-alimento\/\" target=\"_blank\" rel=\"noopener\">campa\u00f1a #DerechoAlimento<\/a><\/strong>.<\/p>\n<p align=\"justify\"><img loading=\"lazy\" decoding=\"async\" class=\"alignnone size-medium wp-image-1802\" src=\"https:\/\/nachoescartin.es\/wp-content\/uploads\/2024\/12\/stop-biocombustibles-bcn-1080x723-1-300x201.jpg\" alt=\"\" width=\"300\" height=\"201\" srcset=\"https:\/\/nachoescartin.es\/wp-content\/uploads\/2024\/12\/stop-biocombustibles-bcn-1080x723-1-300x201.jpg 300w, https:\/\/nachoescartin.es\/wp-content\/uploads\/2024\/12\/stop-biocombustibles-bcn-1080x723-1-1024x686.jpg 1024w, https:\/\/nachoescartin.es\/wp-content\/uploads\/2024\/12\/stop-biocombustibles-bcn-1080x723-1-768x514.jpg 768w, https:\/\/nachoescartin.es\/wp-content\/uploads\/2024\/12\/stop-biocombustibles-bcn-1080x723-1.jpg 1080w\" sizes=\"(max-width: 300px) 100vw, 300px\" \/> <img loading=\"lazy\" decoding=\"async\" class=\"alignnone size-medium wp-image-1803\" src=\"https:\/\/nachoescartin.es\/wp-content\/uploads\/2024\/12\/stop-ganaderia-industrial-300x200.jpg\" alt=\"\" width=\"300\" height=\"200\" srcset=\"https:\/\/nachoescartin.es\/wp-content\/uploads\/2024\/12\/stop-ganaderia-industrial-300x200.jpg 300w, https:\/\/nachoescartin.es\/wp-content\/uploads\/2024\/12\/stop-ganaderia-industrial-1024x682.jpg 1024w, https:\/\/nachoescartin.es\/wp-content\/uploads\/2024\/12\/stop-ganaderia-industrial-768x512.jpg 768w, https:\/\/nachoescartin.es\/wp-content\/uploads\/2024\/12\/stop-ganaderia-industrial.jpg 1280w\" sizes=\"(max-width: 300px) 100vw, 300px\" \/><\/p>\n<p align=\"justify\">Desde el verano, me impliqu\u00e9 en la <strong><a href=\"https:\/\/www.ecologistasenaccion.org\/areas-de-accion\/agroecologia\/agrocombustibles\/soja\/deforestacion\/\" target=\"_blank\" rel=\"noopener\">campa\u00f1a \u201cStop Deforestaci\u00f3n\u201d<\/a><\/strong>, que tiene much\u00edsima relaci\u00f3n con el sector primario, ya que muchas de las materias primas que se usan provienen de ecosistemas de lejanos lugares del mundo que se est\u00e1n destruyendo a pasos agigantados. La madera, el aceite de palma, el cacao, el cuero o la soja son algunos ejemplos. Especialmente, he seguido e investigado el camino de la soja y seguir\u00e9 haci\u00e9ndolo en 2025.<\/p>\n<p align=\"justify\"><img loading=\"lazy\" decoding=\"async\" class=\"alignnone size-medium wp-image-1698\" src=\"https:\/\/nachoescartin.es\/wp-content\/uploads\/2024\/07\/IMG_20240728_172449_086-300x225.jpg\" alt=\"\" width=\"300\" height=\"225\" \/>\u00a0<img loading=\"lazy\" decoding=\"async\" class=\"alignnone size-medium wp-image-1700\" src=\"https:\/\/nachoescartin.es\/wp-content\/uploads\/2024\/07\/IMG_20240728_172448_427-300x160.jpg\" alt=\"\" width=\"300\" height=\"160\" \/><\/p>\n<p align=\"justify\">En verano y de manera inesperada, tuve el honor de coordinar la <strong><a href=\"https:\/\/www.ecologistasenaccion.org\/ecomarcha\/\" target=\"_blank\" rel=\"noopener\">Ecomarcha en bicicleta<\/a><\/strong> entre Zaragoza y Santander. Hac\u00eda 12 a\u00f1os que coordin\u00e9 algunas de las primeras marchas ciclistas de Ecologistas en Acci\u00f3n y este a\u00f1o me pill\u00f3 por sorpresa la propuesta de implicarme m\u00e1s. \u00a1Y menuda suerte tuve, porque para m\u00ed fue una experiencia maravillosa y potent\u00edsima, que viv\u00ed con much\u00edsima intensidad y me sent\u00ed muy bien de ayudar a organizar esta iniciativa con tanta participaci\u00f3n y repercusi\u00f3n!<\/p>\n<p align=\"justify\">Y ahora a finales de este a\u00f1o, os anuncio un nuevo proyecto en el que ya estoy implicado y en el que trabajar\u00e9 durante todo el 2025. Va en relaci\u00f3n tambi\u00e9n con el sector primario y, en concreto, busca la reducci\u00f3n de la contaminaci\u00f3n por metano, mucho menos conocido que otros Gases de Efecto Invernadero y que tiene mucha relaci\u00f3n con la ganader\u00eda intensiva, as\u00ed como con la contaminaci\u00f3n de los gases f\u00f3siles y de los vertederos, entre otros. Seguir\u00e9 implicado, pues, en la lucha por otro modelo agroalimentario, que garantice la soberan\u00eda alimentaria de productores y consumidores y fomente una alimentaci\u00f3n de calidad, de cercan\u00eda y sostenible.<\/p>\n<p align=\"justify\"><img loading=\"lazy\" decoding=\"async\" class=\"alignnone size-medium wp-image-1804\" src=\"https:\/\/nachoescartin.es\/wp-content\/uploads\/2024\/12\/COVER-01-METHANE-MATTERS-V07-scaled-1-212x300.jpg\" alt=\"\" width=\"212\" height=\"300\" srcset=\"https:\/\/nachoescartin.es\/wp-content\/uploads\/2024\/12\/COVER-01-METHANE-MATTERS-V07-scaled-1-212x300.jpg 212w, https:\/\/nachoescartin.es\/wp-content\/uploads\/2024\/12\/COVER-01-METHANE-MATTERS-V07-scaled-1-724x1024.jpg 724w, https:\/\/nachoescartin.es\/wp-content\/uploads\/2024\/12\/COVER-01-METHANE-MATTERS-V07-scaled-1-768x1086.jpg 768w, https:\/\/nachoescartin.es\/wp-content\/uploads\/2024\/12\/COVER-01-METHANE-MATTERS-V07-scaled-1-1087x1536.jpg 1087w, https:\/\/nachoescartin.es\/wp-content\/uploads\/2024\/12\/COVER-01-METHANE-MATTERS-V07-scaled-1-1449x2048.jpg 1449w, https:\/\/nachoescartin.es\/wp-content\/uploads\/2024\/12\/COVER-01-METHANE-MATTERS-V07-scaled-1.jpg 1811w\" sizes=\"(max-width: 212px) 100vw, 212px\" \/><img loading=\"lazy\" decoding=\"async\" class=\"alignnone size-medium wp-image-1701\" src=\"https:\/\/nachoescartin.es\/wp-content\/uploads\/2024\/07\/IMG_20240728_172448_531-300x225.jpg\" alt=\"\" width=\"300\" height=\"225\" srcset=\"https:\/\/nachoescartin.es\/wp-content\/uploads\/2024\/07\/IMG_20240728_172448_531-300x225.jpg 300w, https:\/\/nachoescartin.es\/wp-content\/uploads\/2024\/07\/IMG_20240728_172448_531-1024x768.jpg 1024w, https:\/\/nachoescartin.es\/wp-content\/uploads\/2024\/07\/IMG_20240728_172448_531-768x576.jpg 768w, https:\/\/nachoescartin.es\/wp-content\/uploads\/2024\/07\/IMG_20240728_172448_531.jpg 1280w\" sizes=\"(max-width: 300px) 100vw, 300px\" \/><\/p>\n<p align=\"justify\">Como siempre, voy a seguir aportando mi energ\u00eda y entusiasmo para trazar redes lo m\u00e1s amplias posibles, que nos permitan actuar en lo concreto y de forma coordinada entre muchas personas, construyendo alternativas que demuestran que es posible vivir de otra forma, mejor, con igualdad, justicia y en armon\u00eda con la naturaleza. Acabo ya, que no quiero daros mucho la chapa. Gracias si has llegado hasta aqu\u00ed. En cada caso, he puesto enlaces por si quieres m\u00e1s informaci\u00f3n. Solo tienes que pinchar para ampl\u00edar detalles. \u00a1Abrazos y feliz 2025!<\/p>","protected":false},"excerpt":{"rendered":"<p>En estos \u00faltimos d\u00edas del a\u00f1o, hago balance de todo lo caminado en 2024 y trazo algunos planes para los [&hellip;]<\/p>\n","protected":false},"author":1,"featured_media":2624,"comment_status":"closed","ping_status":"closed","sticky":false,"template":"","format":"standard","meta":{"site-sidebar-layout":"default","site-content-layout":"","ast-site-content-layout":"default","site-content-style":"default","site-sidebar-style":"default","ast-global-header-display":"","ast-banner-title-visibility":"","ast-main-header-display":"","ast-hfb-above-header-display":"","ast-hfb-below-header-display":"","ast-hfb-mobile-header-display":"","site-post-title":"","ast-breadcrumbs-content":"","ast-featured-img":"","footer-sml-layout":"","ast-disable-related-posts":"","theme-transparent-header-meta":"","adv-header-id-meta":"","stick-header-meta":"","header-above-stick-meta":"","header-main-stick-meta":"","header-below-stick-meta":"","astra-migrate-meta-layouts":"default","ast-page-background-enabled":"default","ast-page-background-meta":{"desktop":{"background-color":"","background-image":"","background-repeat":"repeat","background-position":"center center","background-size":"auto","background-attachment":"scroll","background-type":"","background-media":"","overlay-type":"","overlay-color":"","overlay-opacity":"","overlay-gradient":""},"tablet":{"background-color":"","background-image":"","background-repeat":"repeat","background-position":"center center","background-size":"auto","background-attachment":"scroll","background-type":"","background-media":"","overlay-type":"","overlay-color":"","overlay-opacity":"","overlay-gradient":""},"mobile":{"background-color":"","background-image":"","background-repeat":"repeat","background-position":"center center","background-size":"auto","background-attachment":"scroll","background-type":"","background-media":"","overlay-type":"","overlay-color":"","overlay-opacity":"","overlay-gradient":""}},"ast-content-background-meta":{"desktop":{"background-color":"var(--ast-global-color-5)","background-image":"","background-repeat":"repeat","background-position":"center center","background-size":"auto","background-attachment":"scroll","background-type":"","background-media":"","overlay-type":"","overlay-color":"","overlay-opacity":"","overlay-gradient":""},"tablet":{"background-color":"var(--ast-global-color-5)","background-image":"","background-repeat":"repeat","background-position":"center center","background-size":"auto","background-attachment":"scroll","background-type":"","background-media":"","overlay-type":"","overlay-color":"","overlay-opacity":"","overlay-gradient":""},"mobile":{"background-color":"var(--ast-global-color-5)","background-image":"","background-repeat":"repeat","background-position":"center center","background-size":"auto","background-attachment":"scroll","background-type":"","background-media":"","overlay-type":"","overlay-color":"","overlay-opacity":"","overlay-gradient":""}},"_joinchat":[],"footnotes":""},"categories":[26,25,808,23],"tags":[861,862,860,634,592,836,863,29,864,837,227,785,826,31,865,264,33,35,866,37],"class_list":["post-1799","post","type-post","status-publish","format-standard","has-post-thumbnail","hentry","category-cultivando","category-enredando","category-formando","category-sembrando","tag-861","tag-862","tag-arboles","tag-bicicleta","tag-biodiversidad","tag-bosques","tag-ciclista","tag-comunicacion","tag-contaminacion","tag-deforestacion","tag-ecologia","tag-ecologistas-en-accion","tag-ecomarcha","tag-formacion","tag-metano","tag-naturaleza","tag-podcast","tag-radio","tag-stop-ganaderia-industrial","tag-trabajo"],"_links":{"self":[{"href":"https:\/\/nachoescartin.es\/an\/wp-json\/wp\/v2\/posts\/1799","targetHints":{"allow":["GET"]}}],"collection":[{"href":"https:\/\/nachoescartin.es\/an\/wp-json\/wp\/v2\/posts"}],"about":[{"href":"https:\/\/nachoescartin.es\/an\/wp-json\/wp\/v2\/types\/post"}],"author":[{"embeddable":true,"href":"https:\/\/nachoescartin.es\/an\/wp-json\/wp\/v2\/users\/1"}],"replies":[{"embeddable":true,"href":"https:\/\/nachoescartin.es\/an\/wp-json\/wp\/v2\/comments?post=1799"}],"version-history":[{"count":0,"href":"https:\/\/nachoescartin.es\/an\/wp-json\/wp\/v2\/posts\/1799\/revisions"}],"wp:featuredmedia":[{"embeddable":true,"href":"https:\/\/nachoescartin.es\/an\/wp-json\/wp\/v2\/media\/2624"}],"wp:attachment":[{"href":"https:\/\/nachoescartin.es\/an\/wp-json\/wp\/v2\/media?parent=1799"}],"wp:term":[{"taxonomy":"category","embeddable":true,"href":"https:\/\/nachoescartin.es\/an\/wp-json\/wp\/v2\/categories?post=1799"},{"taxonomy":"post_tag","embeddable":true,"href":"https:\/\/nachoescartin.es\/an\/wp-json\/wp\/v2\/tags?post=1799"}],"curies":[{"name":"wp","href":"https:\/\/api.w.org\/{rel}","templated":true}]}}