{"id":1788,"date":"2024-12-01T20:16:14","date_gmt":"2024-12-01T19:16:14","guid":{"rendered":"https:\/\/nachoescartin.es\/?p=1788"},"modified":"2024-12-01T20:16:14","modified_gmt":"2024-12-01T19:16:14","slug":"malismo-de-mauro-entrialgo","status":"publish","type":"post","link":"https:\/\/nachoescartin.es\/an\/malismo-de-mauro-entrialgo\/","title":{"rendered":"\u00abMalismo\u00bb de Mauro Entrialgo"},"content":{"rendered":"<p style=\"text-align: justify;\" align=\"justify\">Hace varias semanas que no publico una rese\u00f1a literaria. \u00a1Y no ser\u00e1 por falta de lecturas! Desde el verano he le\u00eddo un n\u00famero significativo de libros que me gustar\u00eda daros a conocer. Pero a\u00fan no he sacado el tiempo para escribir mis recomendaciones. A d\u00eda de hoy, adem\u00e1s, mi mesilla luce con una columna maja de libros que he empezado y que voy leyendo alternativamente. \u00a1Prometo publicar rese\u00f1as con m\u00e1s asiduidad!<\/p>\n<p style=\"text-align: justify;\" align=\"justify\">En este caso \u201cMalismo\u201d de Mauro Entrialgo fue una recomendaci\u00f3n de mi amigo Xcar. Editado por Capit\u00e1n Swing y con 150 p\u00e1ginas, me interesaba especialmente este libro sobre un tema de plena actualidad: la ostentaci\u00f3n p\u00fablica de acciones malas y reprobables que, por contra, hoy recogen cierta aceptaci\u00f3n social y r\u00e9ditos pol\u00edticos o comerciales.<\/p>\n<p style=\"text-align: justify;\" align=\"justify\">Mauro Entrialgo es humorista gr\u00e1fico desde hace varias d\u00e9cadas. Muchos conocer\u00e9is a Herminio Bolaextra, su personaje m\u00e1s popular y con el que tantas veces nos hemos re\u00eddo en el TMEO. Pues resulta que Entrialgo anuncia la muerte de su periodista gamberrete porque \u201cla incorrecci\u00f3n tiene ya poca gracia como broma, porque la incorrecci\u00f3n ha sido asimilada por los poderosos y es ya una de sus armas recurrentes\u201d.<\/p>\n<p style=\"text-align: justify;\" align=\"justify\">Y as\u00ed es. En este libro no hay soluciones a lo que est\u00e1 pasando en todo el mundo. Pero s\u00ed una constataci\u00f3n plasmada en un pu\u00f1ado variado de ejemplos recientes: las acciones malvadas proliferan, se autodifunden y recogen aplausos en distintos sectores populares. \u201cLa sociedad ha ido desarrollando en estos a\u00f1os gran tolerancia al discurso pol\u00edtico sobrado y cada vez se necesitan disparates m\u00e1s sofisticados para captar atenciones\u201d.<\/p>\n<p style=\"text-align: justify;\" align=\"justify\">Los principales l\u00edderes ultras de las derechas practican perfectamente esa estrategia de \u201ca ver qui\u00e9n la suelta m\u00e1s gorda\u201d para recibir la atenci\u00f3n medi\u00e1tica y en redes: Trump, Bolsonaro o Ayuso son notables ejemplos de sobras conocidos. No se trata de decir la verdad, pero tampoco solo de mentir. Se trata de quien dice la barbaridad m\u00e1s tremenda.<\/p>\n<p style=\"text-align: justify;\" align=\"justify\">La antrop\u00f3loga Eugenie Scott acu\u00f1\u00f3 la ametralladora de falacias que se usan en algunos debates electorales (como el que protagonizaron Feijoo y S\u00e1nchez en la \u00faltima campa\u00f1a electoral) como \u201cgalope de Gish\u201d. Del \u201cQue se jodan\u201d al \u201cQue te vote Txapote\u201d o \u201cMe gusta la fruta\u201d.<\/p>\n<p style=\"text-align: justify;\" align=\"justify\">El malismo no se est\u00e1 presente solo en la pol\u00edtica. Mauro Entrialgo muestra ejemplos concretos y recientes de malismo en redes sociales, en grupos de amigos, en la ficci\u00f3n, en algunas religiones y sectas, en \u00e1mbitos ultras y conspiranoicos, incluso en comunicaci\u00f3n terrorista. El malismo no solo es la propaganda del mal, tambi\u00e9n es un intento de desactivar la bondad, la empat\u00eda y la solidaridad con las personas m\u00e1s d\u00e9biles.<\/p>\n<p style=\"text-align: justify;\">\u201cEn lugar de clasificar las manifestaciones en funci\u00f3n de si son de izquierdas o de derechas, resulta preferible hacerlo entre aquellas que solicitan derechos para los ciudadanos y aquellas que exigen quit\u00e1rselo a algunos de ellos\u201d. Porque, lo que hay detr\u00e1s de esto, en realidad es esto, es lo de siempre: el af\u00e1n de unos pocos por vivir a costa y por encima de los dem\u00e1s. Os recomiendo este libro de Mauro Entrialgo, un posible regalo para estos d\u00edas.<\/p>","protected":false},"excerpt":{"rendered":"<p>Hace varias semanas que no publico una rese\u00f1a literaria. \u00a1Y no ser\u00e1 por falta de lecturas! Desde el verano he [&hellip;]<\/p>\n","protected":false},"author":1,"featured_media":1789,"comment_status":"closed","ping_status":"closed","sticky":false,"template":"","format":"standard","meta":{"site-sidebar-layout":"default","site-content-layout":"","ast-site-content-layout":"default","site-content-style":"default","site-sidebar-style":"default","ast-global-header-display":"","ast-banner-title-visibility":"","ast-main-header-display":"","ast-hfb-above-header-display":"","ast-hfb-below-header-display":"","ast-hfb-mobile-header-display":"","site-post-title":"","ast-breadcrumbs-content":"","ast-featured-img":"","footer-sml-layout":"","ast-disable-related-posts":"","theme-transparent-header-meta":"","adv-header-id-meta":"","stick-header-meta":"","header-above-stick-meta":"","header-main-stick-meta":"","header-below-stick-meta":"","astra-migrate-meta-layouts":"default","ast-page-background-enabled":"default","ast-page-background-meta":{"desktop":{"background-color":"","background-image":"","background-repeat":"repeat","background-position":"center center","background-size":"auto","background-attachment":"scroll","background-type":"","background-media":"","overlay-type":"","overlay-color":"","overlay-opacity":"","overlay-gradient":""},"tablet":{"background-color":"","background-image":"","background-repeat":"repeat","background-position":"center center","background-size":"auto","background-attachment":"scroll","background-type":"","background-media":"","overlay-type":"","overlay-color":"","overlay-opacity":"","overlay-gradient":""},"mobile":{"background-color":"","background-image":"","background-repeat":"repeat","background-position":"center center","background-size":"auto","background-attachment":"scroll","background-type":"","background-media":"","overlay-type":"","overlay-color":"","overlay-opacity":"","overlay-gradient":""}},"ast-content-background-meta":{"desktop":{"background-color":"var(--ast-global-color-5)","background-image":"","background-repeat":"repeat","background-position":"center center","background-size":"auto","background-attachment":"scroll","background-type":"","background-media":"","overlay-type":"","overlay-color":"","overlay-opacity":"","overlay-gradient":""},"tablet":{"background-color":"var(--ast-global-color-5)","background-image":"","background-repeat":"repeat","background-position":"center center","background-size":"auto","background-attachment":"scroll","background-type":"","background-media":"","overlay-type":"","overlay-color":"","overlay-opacity":"","overlay-gradient":""},"mobile":{"background-color":"var(--ast-global-color-5)","background-image":"","background-repeat":"repeat","background-position":"center center","background-size":"auto","background-attachment":"scroll","background-type":"","background-media":"","overlay-type":"","overlay-color":"","overlay-opacity":"","overlay-gradient":""}},"_joinchat":[],"footnotes":""},"categories":[26,24],"tags":[185,129,133,858,859,86,621],"class_list":["post-1788","post","type-post","status-publish","format-standard","has-post-thumbnail","hentry","category-cultivando","category-desbrozando","tag-ensayo","tag-espana","tag-libro","tag-mal","tag-malismo","tag-politica","tag-sociologia"],"_links":{"self":[{"href":"https:\/\/nachoescartin.es\/an\/wp-json\/wp\/v2\/posts\/1788","targetHints":{"allow":["GET"]}}],"collection":[{"href":"https:\/\/nachoescartin.es\/an\/wp-json\/wp\/v2\/posts"}],"about":[{"href":"https:\/\/nachoescartin.es\/an\/wp-json\/wp\/v2\/types\/post"}],"author":[{"embeddable":true,"href":"https:\/\/nachoescartin.es\/an\/wp-json\/wp\/v2\/users\/1"}],"replies":[{"embeddable":true,"href":"https:\/\/nachoescartin.es\/an\/wp-json\/wp\/v2\/comments?post=1788"}],"version-history":[{"count":0,"href":"https:\/\/nachoescartin.es\/an\/wp-json\/wp\/v2\/posts\/1788\/revisions"}],"wp:featuredmedia":[{"embeddable":true,"href":"https:\/\/nachoescartin.es\/an\/wp-json\/wp\/v2\/media\/1789"}],"wp:attachment":[{"href":"https:\/\/nachoescartin.es\/an\/wp-json\/wp\/v2\/media?parent=1788"}],"wp:term":[{"taxonomy":"category","embeddable":true,"href":"https:\/\/nachoescartin.es\/an\/wp-json\/wp\/v2\/categories?post=1788"},{"taxonomy":"post_tag","embeddable":true,"href":"https:\/\/nachoescartin.es\/an\/wp-json\/wp\/v2\/tags?post=1788"}],"curies":[{"name":"wp","href":"https:\/\/api.w.org\/{rel}","templated":true}]}}