{"id":1780,"date":"2024-11-20T09:47:36","date_gmt":"2024-11-20T08:47:36","guid":{"rendered":"https:\/\/nachoescartin.es\/?p=1780"},"modified":"2024-11-20T09:47:36","modified_gmt":"2024-11-20T08:47:36","slug":"este-sabado-hablamos-de-agricultura-en-la-presentacion-de-malas-yerbas","status":"publish","type":"post","link":"https:\/\/nachoescartin.es\/an\/este-sabado-hablamos-de-agricultura-en-la-presentacion-de-malas-yerbas\/","title":{"rendered":"Este s\u00e1bado hablamos de agricultura en la presentaci\u00f3n de Malas Yerbas"},"content":{"rendered":"<p style=\"text-align: justify;\">\ud83d\udc69\u200d\ud83c\udf3e Este s\u00e1bado 23 de noviembre nos encontraremos en el Centro C\u00edvico de Zaragoza en la presentaci\u00f3n de Malas Yerbas. Nos invita a debatir sobre el modelo agroalimentario para avanzar hacia la soberan\u00eda alimentar\u00eda. El colectivo est\u00e1 formado por personas agricultoras y ganaderas y organiza esta jornada de debate abierto con \u00abp\u00fablico activo\u00bb que pretende \u00abdar voz a los diferentes agentes implicados y preocupados por el sistema agroalimentario\u00bb para \u00abanalizar y construir de forma conjunta como sociedad\u00bb el rumbo hacia \u00abuna agricultura y ganader\u00eda socialmente necesarias\u00bb. Yo tendr\u00e9 el honor de intervenir en la mesa redonda de la tarde, junto a personas y organizaciones que merecen la pena. \u00a1All\u00ed nos vemos!<\/p>\n<p>\u00a0<img fetchpriority=\"high\" decoding=\"async\" class=\"alignnone size-full wp-image-1782\" src=\"https:\/\/nachoescartin.es\/wp-content\/uploads\/2024\/11\/malasyerbas-programa.jpg\" alt=\"\" width=\"737\" height=\"1280\" \/><\/p>","protected":false},"excerpt":{"rendered":"<p>\ud83d\udc69\u200d\ud83c\udf3e Este s\u00e1bado 23 de noviembre nos encontraremos en el Centro C\u00edvico de Zaragoza en la presentaci\u00f3n de Malas Yerbas. [&hellip;]<\/p>\n","protected":false},"author":1,"featured_media":2634,"comment_status":"closed","ping_status":"closed","sticky":false,"template":"","format":"standard","meta":{"site-sidebar-layout":"default","site-content-layout":"","ast-site-content-layout":"default","site-content-style":"default","site-sidebar-style":"default","ast-global-header-display":"","ast-banner-title-visibility":"","ast-main-header-display":"","ast-hfb-above-header-display":"","ast-hfb-below-header-display":"","ast-hfb-mobile-header-display":"","site-post-title":"","ast-breadcrumbs-content":"","ast-featured-img":"","footer-sml-layout":"","ast-disable-related-posts":"","theme-transparent-header-meta":"","adv-header-id-meta":"","stick-header-meta":"","header-above-stick-meta":"","header-main-stick-meta":"","header-below-stick-meta":"","astra-migrate-meta-layouts":"default","ast-page-background-enabled":"default","ast-page-background-meta":{"desktop":{"background-color":"","background-image":"","background-repeat":"repeat","background-position":"center center","background-size":"auto","background-attachment":"scroll","background-type":"","background-media":"","overlay-type":"","overlay-color":"","overlay-opacity":"","overlay-gradient":""},"tablet":{"background-color":"","background-image":"","background-repeat":"repeat","background-position":"center center","background-size":"auto","background-attachment":"scroll","background-type":"","background-media":"","overlay-type":"","overlay-color":"","overlay-opacity":"","overlay-gradient":""},"mobile":{"background-color":"","background-image":"","background-repeat":"repeat","background-position":"center center","background-size":"auto","background-attachment":"scroll","background-type":"","background-media":"","overlay-type":"","overlay-color":"","overlay-opacity":"","overlay-gradient":""}},"ast-content-background-meta":{"desktop":{"background-color":"var(--ast-global-color-5)","background-image":"","background-repeat":"repeat","background-position":"center center","background-size":"auto","background-attachment":"scroll","background-type":"","background-media":"","overlay-type":"","overlay-color":"","overlay-opacity":"","overlay-gradient":""},"tablet":{"background-color":"var(--ast-global-color-5)","background-image":"","background-repeat":"repeat","background-position":"center center","background-size":"auto","background-attachment":"scroll","background-type":"","background-media":"","overlay-type":"","overlay-color":"","overlay-opacity":"","overlay-gradient":""},"mobile":{"background-color":"var(--ast-global-color-5)","background-image":"","background-repeat":"repeat","background-position":"center center","background-size":"auto","background-attachment":"scroll","background-type":"","background-media":"","overlay-type":"","overlay-color":"","overlay-opacity":"","overlay-gradient":""}},"_joinchat":[],"footnotes":""},"categories":[26,25,23],"tags":[747,477,230,388,28,854,838,785,855,856,755,857,38],"class_list":["post-1780","post","type-post","status-publish","format-standard","has-post-thumbnail","hentry","category-cultivando","category-enredando","category-sembrando","tag-a-vecinal","tag-agricultores","tag-agricultura","tag-alimentacion","tag-aragon","tag-debate","tag-ecologistas","tag-ecologistas-en-accion","tag-malas-yerbas","tag-modelo-agroalimentario","tag-sector-primario","tag-supermercado-cooperativo","tag-zaragoza"],"_links":{"self":[{"href":"https:\/\/nachoescartin.es\/an\/wp-json\/wp\/v2\/posts\/1780","targetHints":{"allow":["GET"]}}],"collection":[{"href":"https:\/\/nachoescartin.es\/an\/wp-json\/wp\/v2\/posts"}],"about":[{"href":"https:\/\/nachoescartin.es\/an\/wp-json\/wp\/v2\/types\/post"}],"author":[{"embeddable":true,"href":"https:\/\/nachoescartin.es\/an\/wp-json\/wp\/v2\/users\/1"}],"replies":[{"embeddable":true,"href":"https:\/\/nachoescartin.es\/an\/wp-json\/wp\/v2\/comments?post=1780"}],"version-history":[{"count":0,"href":"https:\/\/nachoescartin.es\/an\/wp-json\/wp\/v2\/posts\/1780\/revisions"}],"wp:featuredmedia":[{"embeddable":true,"href":"https:\/\/nachoescartin.es\/an\/wp-json\/wp\/v2\/media\/2634"}],"wp:attachment":[{"href":"https:\/\/nachoescartin.es\/an\/wp-json\/wp\/v2\/media?parent=1780"}],"wp:term":[{"taxonomy":"category","embeddable":true,"href":"https:\/\/nachoescartin.es\/an\/wp-json\/wp\/v2\/categories?post=1780"},{"taxonomy":"post_tag","embeddable":true,"href":"https:\/\/nachoescartin.es\/an\/wp-json\/wp\/v2\/tags?post=1780"}],"curies":[{"name":"wp","href":"https:\/\/api.w.org\/{rel}","templated":true}]}}