{"id":1775,"date":"2024-10-28T20:38:48","date_gmt":"2024-10-28T19:38:48","guid":{"rendered":"https:\/\/nachoescartin.es\/?p=1775"},"modified":"2024-10-28T20:38:48","modified_gmt":"2024-10-28T19:38:48","slug":"evitemos-los-peores-anos-de-nuestras-vidas","status":"publish","type":"post","link":"https:\/\/nachoescartin.es\/an\/evitemos-los-peores-anos-de-nuestras-vidas\/","title":{"rendered":"Evitemos los peores a\u00f1os de nuestras vidas"},"content":{"rendered":"<p align=\"justify\">El viernes 25 de octubre de 2024, se public\u00f3 esta tribuna de opini\u00f3n en <a href=\"https:\/\/www.elperiodicodearagon.com\/opinion\/2024\/10\/25\/evitemos-peores-anos-vidas-110307291.html\" target=\"_blank\" rel=\"noopener\"><strong>El Peri\u00f3dico de Arag\u00f3n<\/strong><\/a>:<\/p>\n<p align=\"justify\">No ser\u00e9 yo quien arroje un discurso pesimista. Alejado de los populismos de la anti-pol\u00edtica, del \u201ctodos son iguales\u201d y del \u201cno hay nada que hacer\u201d, el futuro est\u00e1 en nuestras manos. Con consciencia y claridad, hemos de reconocer que nuestro presente es dram\u00e1tico. Tapar los ojos para no ver fantasmas puede servir para un rato, pero la realidad est\u00e1 ah\u00ed, cada vez m\u00e1s cerca, llamando a nuestras puertas.<\/p>\n<p align=\"justify\">De una parte, millones de personas sufren hoy guerras, hambre y miseria. Las desigualdades del mundo nos deber\u00edan hacer temblar, compadecernos, activar nuestra solidaridad. Nuestro principal reto es la paz y la justicia, la exigencia de una sociedad global en la que podamos vivir con seguridad e igualdad. Parar el fuego, abandonar el \u201cojo por ojo\u201d, defender a las v\u00edctimas, frenar a los verdugos, cortocircuitar el negocio de la guerra, proteger la vida, deber\u00eda ser nuestra principal proclama.<\/p>\n<p align=\"justify\">Mientras las derechas permean sus arengas racistas y belicosas por doquier, la vida cotidiana en nuestros barrios y pueblos es la que nos determina las prioridades. Y ah\u00ed radica nuestra posibilidad: en participar, desde el tejido asociativo, los movimientos sociales y la pol\u00edtica, para lograr mejorar los trabajos, subir salarios, reducir jornadas, ganar en salud y en estabilidad; que todas las personas dispongan de una vivienda digna; y que la educaci\u00f3n y la sanidad p\u00fablica nos atiendan con calidad.<\/p>\n<p align=\"justify\">Cuando uno pasa hambre, no tiene sustento o sufre violencias, es complicado mirar m\u00e1s all\u00e1. Por eso es tan relevante intervenir, participar, incluso votar. Para no dejar la pol\u00edtica en manos de una \u00e9lite al servicio de los poderosos, esos que nunca veremos en nuestras calles y que dictan con su avaricia los designios del mundo&#8230; \u00a1si no les paramos los pies!<\/p>\n<p align=\"justify\">Este sistema turbo capitalista, depredador y can\u00edbal, est\u00e1 destrozando los sustentos de la vida misma: la naturaleza, los ecosistemas, la biodiversidad, el agua potable, la tierra f\u00e9rtil. Su codicia es insaciable. La comunidad cient\u00edfica lleva a\u00f1os inform\u00e1ndonos de que ya hemos superado algunos de los l\u00edmites planetarios. Es decir, que la acci\u00f3n humana destruye la vida en la Tierra de forma acelerada. Nos avisan de que ya estamos entrando en una situaci\u00f3n de no retorno. Y esto, irremediablemente, tiene que ver con todo lo anterior.<\/p>\n<p align=\"justify\">Por eso algunas personas nos implicamos en las luchas por la paz en Oriente Pr\u00f3ximo, en la marea verde por la educaci\u00f3n p\u00fablica, en defensa de la sanidad o por una movilidad sostenible y, tambi\u00e9n, en la defensa de la naturaleza. Sabemos que no hay planeta B al que acudir, que no habr\u00e1 milagros tecnol\u00f3gicos para salvarnos y que a gobiernos y empresas hemos de imponer normativas que impidan que unos pocos destrocen todo y podamos trabajar, producir y consumir en armon\u00eda con el medio ambiente.<\/p>\n<p align=\"justify\">Sin embargo, al igual que los discursos de odio, machistas y xen\u00f3fobos, de los Trump, Meloni, Abascal o Feijoo, las pol\u00edticas antiecologistas abundan. En Europa, Von der Leyen lidera una peligrosa corriente que pretende hacernos retroceder en materia ambiental. En vez de asumir el reto colectivo de transicionar hacia modelos m\u00e1s sostenibles, que nos permitan vivir mejor, repartir la riqueza y frenar una espiral suicida, en los \u00faltimos meses no son pocos los nefastos retrasos y recortes anunciados por la Comisi\u00f3n Europea: pretenden retrasar el reglamento para frenar la importaci\u00f3n de materias primas que proceden de la destrucci\u00f3n de bosques, permiten cobrar las ayudas de la PAC salt\u00e1ndose condicionantes agroambientales como la rotaci\u00f3n de cultivos o el barbecho, prorrogan el uso de venenos t\u00f3xicos como el glifosato, retrasan la aprobaci\u00f3n del Reglamento para la Restauraci\u00f3n de la Naturaleza o desprotegen al lobo.<\/p>\n<p align=\"justify\">Por detallar lo que m\u00e1s conozco, cada dos segundos se destruye un bosque del tama\u00f1o de un campo de f\u00fatbol. \u00a1Solo en un a\u00f1o se quema o tala una superficie forestal tan grande como casi 3 veces Arag\u00f3n!<\/p>\n<p align=\"justify\">Por contra, la consulta ambiental m\u00e1s participada de la historia de la Uni\u00f3n Europea fue precisamente para pedir que se legisle y protejan los bosques del mundo. M\u00e1s de un mill\u00f3n de europeos exigieron y reclaman que se act\u00fae, en este tema concreto, y en muchos m\u00e1s. Si pensamos que las mismas empresas multinacionales, fondos de inversi\u00f3n y bancos que est\u00e1n provocando la mayor destrucci\u00f3n de la biodiversidad y una aceleraci\u00f3n del cambio clim\u00e1tico sin precedentes, van a ser protagonistas de la transici\u00f3n y los cambios que queremos, estamos muy equivocados.<\/p>\n<p align=\"justify\">Cojamos las riendas y evitemos los peores a\u00f1os de nuestras vidas.<\/p>\n<p align=\"justify\"><img fetchpriority=\"high\" decoding=\"async\" class=\"alignnone size-full wp-image-1776\" src=\"https:\/\/nachoescartin.es\/wp-content\/uploads\/2024\/10\/24-10-Articulo-Periodico-Evitemos-los-peores-anos-de-nuestras-vidas.jpg\" alt=\"\" width=\"1280\" height=\"798\" srcset=\"https:\/\/nachoescartin.es\/wp-content\/uploads\/2024\/10\/24-10-Articulo-Periodico-Evitemos-los-peores-anos-de-nuestras-vidas.jpg 1280w, https:\/\/nachoescartin.es\/wp-content\/uploads\/2024\/10\/24-10-Articulo-Periodico-Evitemos-los-peores-anos-de-nuestras-vidas-300x187.jpg 300w, https:\/\/nachoescartin.es\/wp-content\/uploads\/2024\/10\/24-10-Articulo-Periodico-Evitemos-los-peores-anos-de-nuestras-vidas-1024x638.jpg 1024w, https:\/\/nachoescartin.es\/wp-content\/uploads\/2024\/10\/24-10-Articulo-Periodico-Evitemos-los-peores-anos-de-nuestras-vidas-768x479.jpg 768w\" sizes=\"(max-width: 1280px) 100vw, 1280px\" \/><\/p>","protected":false},"excerpt":{"rendered":"<p>El viernes 25 de octubre de 2024, se public\u00f3 esta tribuna de opini\u00f3n en El Peri\u00f3dico de Arag\u00f3n: No ser\u00e9 [&hellip;]<\/p>\n","protected":false},"author":1,"featured_media":1776,"comment_status":"closed","ping_status":"closed","sticky":false,"template":"","format":"standard","meta":{"site-sidebar-layout":"default","site-content-layout":"","ast-site-content-layout":"default","site-content-style":"default","site-sidebar-style":"default","ast-global-header-display":"","ast-banner-title-visibility":"","ast-main-header-display":"","ast-hfb-above-header-display":"","ast-hfb-below-header-display":"","ast-hfb-mobile-header-display":"","site-post-title":"","ast-breadcrumbs-content":"","ast-featured-img":"","footer-sml-layout":"","ast-disable-related-posts":"","theme-transparent-header-meta":"","adv-header-id-meta":"","stick-header-meta":"","header-above-stick-meta":"","header-main-stick-meta":"","header-below-stick-meta":"","astra-migrate-meta-layouts":"default","ast-page-background-enabled":"default","ast-page-background-meta":{"desktop":{"background-color":"","background-image":"","background-repeat":"repeat","background-position":"center center","background-size":"auto","background-attachment":"scroll","background-type":"","background-media":"","overlay-type":"","overlay-color":"","overlay-opacity":"","overlay-gradient":""},"tablet":{"background-color":"","background-image":"","background-repeat":"repeat","background-position":"center center","background-size":"auto","background-attachment":"scroll","background-type":"","background-media":"","overlay-type":"","overlay-color":"","overlay-opacity":"","overlay-gradient":""},"mobile":{"background-color":"","background-image":"","background-repeat":"repeat","background-position":"center center","background-size":"auto","background-attachment":"scroll","background-type":"","background-media":"","overlay-type":"","overlay-color":"","overlay-opacity":"","overlay-gradient":""}},"ast-content-background-meta":{"desktop":{"background-color":"var(--ast-global-color-5)","background-image":"","background-repeat":"repeat","background-position":"center center","background-size":"auto","background-attachment":"scroll","background-type":"","background-media":"","overlay-type":"","overlay-color":"","overlay-opacity":"","overlay-gradient":""},"tablet":{"background-color":"var(--ast-global-color-5)","background-image":"","background-repeat":"repeat","background-position":"center center","background-size":"auto","background-attachment":"scroll","background-type":"","background-media":"","overlay-type":"","overlay-color":"","overlay-opacity":"","overlay-gradient":""},"mobile":{"background-color":"var(--ast-global-color-5)","background-image":"","background-repeat":"repeat","background-position":"center center","background-size":"auto","background-attachment":"scroll","background-type":"","background-media":"","overlay-type":"","overlay-color":"","overlay-opacity":"","overlay-gradient":""}},"_joinchat":[],"footnotes":""},"categories":[26,25,23],"tags":[478,592,837,227,315,785,30,199,365,853,271,47,835,301,575],"class_list":["post-1775","post","type-post","status-publish","format-standard","has-post-thumbnail","hentry","category-cultivando","category-enredando","category-sembrando","tag-articulo","tag-biodiversidad","tag-deforestacion","tag-ecologia","tag-ecologismo-social","tag-ecologistas-en-accion","tag-educacion","tag-guerra","tag-opinion","tag-paz","tag-sanidad","tag-servicios-publicos","tag-tribuna","tag-violencia","tag-vivienda"],"_links":{"self":[{"href":"https:\/\/nachoescartin.es\/an\/wp-json\/wp\/v2\/posts\/1775","targetHints":{"allow":["GET"]}}],"collection":[{"href":"https:\/\/nachoescartin.es\/an\/wp-json\/wp\/v2\/posts"}],"about":[{"href":"https:\/\/nachoescartin.es\/an\/wp-json\/wp\/v2\/types\/post"}],"author":[{"embeddable":true,"href":"https:\/\/nachoescartin.es\/an\/wp-json\/wp\/v2\/users\/1"}],"replies":[{"embeddable":true,"href":"https:\/\/nachoescartin.es\/an\/wp-json\/wp\/v2\/comments?post=1775"}],"version-history":[{"count":0,"href":"https:\/\/nachoescartin.es\/an\/wp-json\/wp\/v2\/posts\/1775\/revisions"}],"wp:featuredmedia":[{"embeddable":true,"href":"https:\/\/nachoescartin.es\/an\/wp-json\/wp\/v2\/media\/1776"}],"wp:attachment":[{"href":"https:\/\/nachoescartin.es\/an\/wp-json\/wp\/v2\/media?parent=1775"}],"wp:term":[{"taxonomy":"category","embeddable":true,"href":"https:\/\/nachoescartin.es\/an\/wp-json\/wp\/v2\/categories?post=1775"},{"taxonomy":"post_tag","embeddable":true,"href":"https:\/\/nachoescartin.es\/an\/wp-json\/wp\/v2\/tags?post=1775"}],"curies":[{"name":"wp","href":"https:\/\/api.w.org\/{rel}","templated":true}]}}