{"id":177,"date":"2018-05-15T09:14:27","date_gmt":"2018-05-15T09:14:27","guid":{"rendered":"https:\/\/nachoescartin.wordpress.com\/?p=177"},"modified":"2018-05-15T09:14:27","modified_gmt":"2018-05-15T09:14:27","slug":"15m-se-hace-camino-al-andar","status":"publish","type":"post","link":"https:\/\/nachoescartin.es\/an\/15m-se-hace-camino-al-andar\/","title":{"rendered":"15M: Se hace camino al andar"},"content":{"rendered":"<p>Echo la vista atr\u00e1s para describir todo lo recorrido. En aquel mayo de 2011 llenamos las plazas para mostrar una enorme crisis de representaci\u00f3n pol\u00edtica, que se suma a la terrible crisis econ\u00f3mica. Zapatero da un giro de 180\u00ba, claudica a los poderes neoliberales y traiciona su propio programa. \u201cNo somos mercanc\u00eda\u201d, \u201cPol\u00edticos y banqueros, nos roban los dineros\u201d. La gente se pregunta qui\u00e9n manda aqu\u00ed y grita \u201cNo nos representan\u201d. Las pol\u00edticas que se ponen en pr\u00e1ctica no son las votadas ni las deseadas. Durante d\u00e9cadas hemos destacado en la pr\u00e1ctica pol\u00edtica en las calles, con enormes manifestaciones para exigir derechos y libertades. Y el 15M mostr\u00f3 la enorme distancia entre la gente corriente y los pol\u00edticos profesionales, anclados en pr\u00e1cticas corruptas y privilegios indecentes, sometidos al dictado de los poderes invisibles, que nunca votamos y ni siquiera vemos en nuestros barrios y pueblos. <\/p>\n<p>A corto plazo y como ven\u00eda siendo habitual en las din\u00e1micas democr\u00e1ticas, el partido en el banquillo sustituye al del gobierno. Llega Rajoy y constata su incapacidad para responder a las preferencias de la ciudadan\u00eda, con m\u00e1s pol\u00edticas equivocadas que evidencian la quiebra pol\u00edtica. Las \u00e9lites cada vez tienen m\u00e1s, mientras la gran mayor\u00eda vive como puede, muy por debajo de sus posibilidades.<\/p>\n<p>El r\u00e9gimen del bipartidismo sufre, sin embargo, un tambaleo in\u00e9dito. La indignaci\u00f3n al ciclo de recortes y privatizaciones de esta crisis-estafa evoluciona en multitud de propuestas diversas: alternativas econ\u00f3micas, centros sociales, nuevos medios de comunicaci\u00f3n, Plataformas de Afectados por Hipotecas\u2026 <\/p>\n<p>Podemos es otra de las respuestas a esta crisis de la representaci\u00f3n. Nos enfrentamos a la corrupci\u00f3n de \u201clos de arriba, la casta\u201d desde el antagonismo de \u201clos de abajo, la gente\u201d. El asalto a los cielos se concreta en Ayuntamientos del cambio en grandes ciudades y en la pol\u00edtica que impregna todas nuestras conversaciones. <\/p>\n<p>Mientras, Europa se \u201clepeniza\u201d con distintos partidos de corte populista-fascista. Se inventan el \u201cmacronismo\u201d, encarnado aqu\u00ed en Rivera y su \u201cPodemos de derechas\u201d, que trata de sustituir al PP para que nada cambie. En Espa\u00f1a la respuesta pol\u00edtica a la crisis y los recortes se\u00f1ala un nuevo ciclo de tensi\u00f3n permanente entre el neoliberalismo, el centralismo, la corrupci\u00f3n y los recortes, por una parte, y las luchas por m\u00e1s derechos y libertades, m\u00e1s oportunidades para todos, mejores trabajos, repoblaci\u00f3n de nuestro mundo rural, transici\u00f3n energ\u00e9tica y nuevo modelo econ\u00f3mico, por otro. Y en eso estamos.<\/p>\n<p>La recuperaci\u00f3n econ\u00f3mica solo ser\u00e1 real si llega a la gente corriente, en forma de mejores salarios, calidad del empleo y reparto de las faenas. Para lograrlo, cada vez m\u00e1s personas y organizaciones tenemos claro que es el momento de aunar luchas en frentes amplios que nos permitan ir m\u00e1s all\u00e1 de las identidades particulares y los sectores en los que trabajamos para mejorar nuestra realidad. El feminismo ya es la punta de lanza del mundo que viene. Desde la Huelga del 8 de marzo la revoluci\u00f3n de las mujeres se enreda con las movilizaciones de pensionistas, por la educaci\u00f3n y la sanidad p\u00fablica, de la Espa\u00f1a que se vac\u00eda (\u00a1Teruel existe!), las luchas laborales y por los derechos y libertades amenazados. <\/p>\n<p>Una nueva generaci\u00f3n, de la que me siento parte, vive la pol\u00edtica con un profundo sentido de la \u00e9tica, aunque los poderes traten de asemejarnos a las \u00e9lites corruptas que saquean y parasitan las instituciones. Nosotros limitamos nuestros sueldos, nuestros cargos, no pedimos dinero a bancos, las decisiones importantes las tomamos entre todos. Nadie dijo que fuera f\u00e1cil. Somos conscientes de la enorme responsabilidad. Reivindico la alegr\u00eda como actitud esperanzadora. Y la autocr\u00edtica para analizar los errores y reaccionar cuando erramos. Es el momento de poner en valor nuestra gesti\u00f3n en ciudades del cambio y nuestra labor en parlamentos como las Cortes de Arag\u00f3n, con un sinf\u00edn de iniciativas que han mejorado la vida de la gente, pese a los evidentes l\u00edmites a los cambio del gobierno del PSOE. A diferencia de Ciudadanos, que no ha aportado nada rese\u00f1able en 3 a\u00f1os, Podemos hemos trabajado en leyes frente a la emergencia social, la pobreza energ\u00e9tica, para trabajadores aut\u00f3nomos, para favorecer la venta directa\u2026 y otras est\u00e1n en tramitaci\u00f3n o por llegar. De aqu\u00ed al 2019 seguimos trabajando con honestidad para criticar las pol\u00edticas ineficaces de \u201clos de siempre\u201d, defender la educaci\u00f3n y sanidad p\u00fablicas, con propuestas realizables para recuperar derechos y asegurar oportunidades para todas las personas. Lo mejor est\u00e1 por llegar.<br \/>\n\u00a1S\u00ed se puede!<\/p>","protected":false},"excerpt":{"rendered":"<p>Echo la vista atr\u00e1s para describir todo lo recorrido. En aquel mayo de 2011 llenamos las plazas para mostrar una [&hellip;]<\/p>\n","protected":false},"author":1,"featured_media":180,"comment_status":"open","ping_status":"closed","sticky":false,"template":"","format":"standard","meta":{"site-sidebar-layout":"default","site-content-layout":"","ast-site-content-layout":"default","site-content-style":"default","site-sidebar-style":"default","ast-global-header-display":"","ast-banner-title-visibility":"","ast-main-header-display":"","ast-hfb-above-header-display":"","ast-hfb-below-header-display":"","ast-hfb-mobile-header-display":"","site-post-title":"","ast-breadcrumbs-content":"","ast-featured-img":"","footer-sml-layout":"","ast-disable-related-posts":"","theme-transparent-header-meta":"","adv-header-id-meta":"","stick-header-meta":"","header-above-stick-meta":"","header-main-stick-meta":"","header-below-stick-meta":"","astra-migrate-meta-layouts":"default","ast-page-background-enabled":"default","ast-page-background-meta":{"desktop":{"background-color":"","background-image":"","background-repeat":"repeat","background-position":"center center","background-size":"auto","background-attachment":"scroll","background-type":"","background-media":"","overlay-type":"","overlay-color":"","overlay-opacity":"","overlay-gradient":""},"tablet":{"background-color":"","background-image":"","background-repeat":"repeat","background-position":"center center","background-size":"auto","background-attachment":"scroll","background-type":"","background-media":"","overlay-type":"","overlay-color":"","overlay-opacity":"","overlay-gradient":""},"mobile":{"background-color":"","background-image":"","background-repeat":"repeat","background-position":"center center","background-size":"auto","background-attachment":"scroll","background-type":"","background-media":"","overlay-type":"","overlay-color":"","overlay-opacity":"","overlay-gradient":""}},"ast-content-background-meta":{"desktop":{"background-color":"var(--ast-global-color-5)","background-image":"","background-repeat":"repeat","background-position":"center center","background-size":"auto","background-attachment":"scroll","background-type":"","background-media":"","overlay-type":"","overlay-color":"","overlay-opacity":"","overlay-gradient":""},"tablet":{"background-color":"var(--ast-global-color-5)","background-image":"","background-repeat":"repeat","background-position":"center center","background-size":"auto","background-attachment":"scroll","background-type":"","background-media":"","overlay-type":"","overlay-color":"","overlay-opacity":"","overlay-gradient":""},"mobile":{"background-color":"var(--ast-global-color-5)","background-image":"","background-repeat":"repeat","background-position":"center center","background-size":"auto","background-attachment":"scroll","background-type":"","background-media":"","overlay-type":"","overlay-color":"","overlay-opacity":"","overlay-gradient":""}},"_joinchat":[],"footnotes":""},"categories":[24,25,23],"tags":[],"class_list":["post-177","post","type-post","status-publish","format-standard","has-post-thumbnail","hentry","category-desbrozando","category-enredando","category-sembrando"],"_links":{"self":[{"href":"https:\/\/nachoescartin.es\/an\/wp-json\/wp\/v2\/posts\/177","targetHints":{"allow":["GET"]}}],"collection":[{"href":"https:\/\/nachoescartin.es\/an\/wp-json\/wp\/v2\/posts"}],"about":[{"href":"https:\/\/nachoescartin.es\/an\/wp-json\/wp\/v2\/types\/post"}],"author":[{"embeddable":true,"href":"https:\/\/nachoescartin.es\/an\/wp-json\/wp\/v2\/users\/1"}],"replies":[{"embeddable":true,"href":"https:\/\/nachoescartin.es\/an\/wp-json\/wp\/v2\/comments?post=177"}],"version-history":[{"count":0,"href":"https:\/\/nachoescartin.es\/an\/wp-json\/wp\/v2\/posts\/177\/revisions"}],"wp:featuredmedia":[{"embeddable":true,"href":"https:\/\/nachoescartin.es\/an\/wp-json\/wp\/v2\/media\/180"}],"wp:attachment":[{"href":"https:\/\/nachoescartin.es\/an\/wp-json\/wp\/v2\/media?parent=177"}],"wp:term":[{"taxonomy":"category","embeddable":true,"href":"https:\/\/nachoescartin.es\/an\/wp-json\/wp\/v2\/categories?post=177"},{"taxonomy":"post_tag","embeddable":true,"href":"https:\/\/nachoescartin.es\/an\/wp-json\/wp\/v2\/tags?post=177"}],"curies":[{"name":"wp","href":"https:\/\/api.w.org\/{rel}","templated":true}]}}