{"id":1749,"date":"2024-10-05T12:45:37","date_gmt":"2024-10-05T10:45:37","guid":{"rendered":"https:\/\/nachoescartin.es\/?p=1749"},"modified":"2024-10-05T12:45:37","modified_gmt":"2024-10-05T10:45:37","slug":"anos-de-vida-de-marta-borraz","status":"publish","type":"post","link":"https:\/\/nachoescartin.es\/an\/anos-de-vida-de-marta-borraz\/","title":{"rendered":"\u201cA\u00f1os de vida\u201d de Marta Borraz"},"content":{"rendered":"<p style=\"text-align: justify;\" align=\"justify\">Es un libro maravilloso que termin\u00e9 de leer con l\u00e1grimas en los ojos. Mi amigo Juli\u00e1n, de La Ronda de Bolta\u00f1a, me recomend\u00f3 esta novela que tambi\u00e9n gust\u00f3 a mi hermana Pati. Ven\u00eda con buenas referencias. \u201cA\u00f1os de vida\u201d, editada por Xordica, es una historia familiar, en la que la autora se nutre de las vidas reales de sus antepasados, un profundo trabajo de documentaci\u00f3n para acertar en todos los detalles de cada lugar y, prou que s\u00ed, el amor por las ra\u00edces familiares y colectivas.<\/p>\n<p style=\"text-align: justify;\" align=\"justify\">Hay veces que cuando leo me imagino la historia como en una pel\u00edcula. Y en este caso, digo concretamente que me encantar\u00eda que una buena directora, con sensibilidad y gusto, llevara al cine esta novela. Que Mart\u00edn Arnal, ejemplo de anarquista a quien tuvimos la suerte de conocer, dijera \u201cFue as\u00ed como lo has contado\u201d, me parece un aut\u00e9ntico sello de veracidad y me emocion\u00f3 leerle en el ep\u00edlogo de Marta Borraz.<\/p>\n<p style=\"text-align: justify;\" align=\"justify\">Porque al fin y al cabo, lo que hay detr\u00e1s de las vivencias de Alfonso y Mercedes son las de una generaci\u00f3n de personas que habitaron los pueblos de Arag\u00f3n en la primera parte del Siglo XX, atravesadas por una guerra terrible consecuencia de una sublevaci\u00f3n militar contra la democracia y que llen\u00f3 los d\u00edas de muertes, violencias y odios cruzados. A\u00fan as\u00ed y a pesar de todo, las historias de amor, el crecimiento espiritual y los desaf\u00edos personales, est\u00e1n ah\u00ed, en cada cap\u00edtulo de las vidas que vamos escribiendo.<\/p>\n<p style=\"text-align: justify;\" align=\"justify\">\u201cA\u00f1os de vida\u201d era la manera de dar el p\u00e9same en algunos pueblos del Somontano de Huesca, una curiosa forma de despedida cuando alguien mor\u00eda. Lo que me trasmite este libro es algo que comparto con pasi\u00f3n: la celebraci\u00f3n de la vida (pese a tanto) y la honrada memoria de quienes nos precedieron, para recordar su existencia y recuperar lo mejor de cada persona.<\/p>\n<p style=\"text-align: justify;\" align=\"justify\">Felicito a Marta Borraz por la enorme emoci\u00f3n que trasmite en cada una de sus p\u00e1ginas y la tremenda primera novela que ha escrito. Prefiero no contaros mucho m\u00e1s del contenido, porque mi invitaci\u00f3n es que compr\u00e9is y le\u00e1is este estupendo libro. Gracias.<\/p>","protected":false},"excerpt":{"rendered":"<p>Es un libro maravilloso que termin\u00e9 de leer con l\u00e1grimas en los ojos. Mi amigo Juli\u00e1n, de La Ronda de [&hellip;]<\/p>\n","protected":false},"author":1,"featured_media":1750,"comment_status":"closed","ping_status":"closed","sticky":false,"template":"","format":"standard","meta":{"site-sidebar-layout":"default","site-content-layout":"","ast-site-content-layout":"default","site-content-style":"default","site-sidebar-style":"default","ast-global-header-display":"","ast-banner-title-visibility":"","ast-main-header-display":"","ast-hfb-above-header-display":"","ast-hfb-below-header-display":"","ast-hfb-mobile-header-display":"","site-post-title":"","ast-breadcrumbs-content":"","ast-featured-img":"","footer-sml-layout":"","ast-disable-related-posts":"","theme-transparent-header-meta":"","adv-header-id-meta":"","stick-header-meta":"","header-above-stick-meta":"","header-main-stick-meta":"","header-below-stick-meta":"","astra-migrate-meta-layouts":"default","ast-page-background-enabled":"default","ast-page-background-meta":{"desktop":{"background-color":"","background-image":"","background-repeat":"repeat","background-position":"center center","background-size":"auto","background-attachment":"scroll","background-type":"","background-media":"","overlay-type":"","overlay-color":"","overlay-opacity":"","overlay-gradient":""},"tablet":{"background-color":"","background-image":"","background-repeat":"repeat","background-position":"center center","background-size":"auto","background-attachment":"scroll","background-type":"","background-media":"","overlay-type":"","overlay-color":"","overlay-opacity":"","overlay-gradient":""},"mobile":{"background-color":"","background-image":"","background-repeat":"repeat","background-position":"center center","background-size":"auto","background-attachment":"scroll","background-type":"","background-media":"","overlay-type":"","overlay-color":"","overlay-opacity":"","overlay-gradient":""}},"ast-content-background-meta":{"desktop":{"background-color":"var(--ast-global-color-5)","background-image":"","background-repeat":"repeat","background-position":"center center","background-size":"auto","background-attachment":"scroll","background-type":"","background-media":"","overlay-type":"","overlay-color":"","overlay-opacity":"","overlay-gradient":""},"tablet":{"background-color":"var(--ast-global-color-5)","background-image":"","background-repeat":"repeat","background-position":"center center","background-size":"auto","background-attachment":"scroll","background-type":"","background-media":"","overlay-type":"","overlay-color":"","overlay-opacity":"","overlay-gradient":""},"mobile":{"background-color":"var(--ast-global-color-5)","background-image":"","background-repeat":"repeat","background-position":"center center","background-size":"auto","background-attachment":"scroll","background-type":"","background-media":"","overlay-type":"","overlay-color":"","overlay-opacity":"","overlay-gradient":""}},"_joinchat":[],"footnotes":""},"categories":[26],"tags":[239,28,172,199,288,130,99,133,769,41,125,366,299],"class_list":["post-1749","post","type-post","status-publish","format-standard","has-post-thumbnail","hentry","category-cultivando","tag-amor","tag-aragon","tag-familia","tag-guerra","tag-guerra-civil","tag-historia","tag-huesca","tag-libro","tag-memoria","tag-memoria-historica","tag-novela","tag-pueblo","tag-siglo-xx"],"_links":{"self":[{"href":"https:\/\/nachoescartin.es\/an\/wp-json\/wp\/v2\/posts\/1749","targetHints":{"allow":["GET"]}}],"collection":[{"href":"https:\/\/nachoescartin.es\/an\/wp-json\/wp\/v2\/posts"}],"about":[{"href":"https:\/\/nachoescartin.es\/an\/wp-json\/wp\/v2\/types\/post"}],"author":[{"embeddable":true,"href":"https:\/\/nachoescartin.es\/an\/wp-json\/wp\/v2\/users\/1"}],"replies":[{"embeddable":true,"href":"https:\/\/nachoescartin.es\/an\/wp-json\/wp\/v2\/comments?post=1749"}],"version-history":[{"count":0,"href":"https:\/\/nachoescartin.es\/an\/wp-json\/wp\/v2\/posts\/1749\/revisions"}],"wp:featuredmedia":[{"embeddable":true,"href":"https:\/\/nachoescartin.es\/an\/wp-json\/wp\/v2\/media\/1750"}],"wp:attachment":[{"href":"https:\/\/nachoescartin.es\/an\/wp-json\/wp\/v2\/media?parent=1749"}],"wp:term":[{"taxonomy":"category","embeddable":true,"href":"https:\/\/nachoescartin.es\/an\/wp-json\/wp\/v2\/categories?post=1749"},{"taxonomy":"post_tag","embeddable":true,"href":"https:\/\/nachoescartin.es\/an\/wp-json\/wp\/v2\/tags?post=1749"}],"curies":[{"name":"wp","href":"https:\/\/api.w.org\/{rel}","templated":true}]}}