{"id":1615,"date":"2024-04-18T09:49:06","date_gmt":"2024-04-18T07:49:06","guid":{"rendered":"https:\/\/nachoescartin.es\/?p=1615"},"modified":"2024-04-18T09:49:06","modified_gmt":"2024-04-18T07:49:06","slug":"trabajo-en-la-campana-stop-ganaderia-industrial-de-ecologistas-en-accion","status":"publish","type":"post","link":"https:\/\/nachoescartin.es\/an\/trabajo-en-la-campana-stop-ganaderia-industrial-de-ecologistas-en-accion\/","title":{"rendered":"Trabajo en la campa\u00f1a Stop Ganader\u00eda Industrial de Ecologistas en Acci\u00f3n"},"content":{"rendered":"<p><img fetchpriority=\"high\" decoding=\"async\" class=\"alignnone size-full wp-image-1616\" src=\"https:\/\/nachoescartin.es\/wp-content\/uploads\/2024\/04\/Sin-titulo.png\" alt=\"\" width=\"528\" height=\"95\" srcset=\"https:\/\/nachoescartin.es\/wp-content\/uploads\/2024\/04\/Sin-titulo.png 528w, https:\/\/nachoescartin.es\/wp-content\/uploads\/2024\/04\/Sin-titulo-300x54.png 300w\" sizes=\"(max-width: 528px) 100vw, 528px\" \/><\/p>\n<p>\ud83d\ude4b\u00a1Buen d\u00eda!<\/p>\n<p>\ud83e\uddd1\u200d\ud83c\udf3e En el d\u00eda internacional de las luchas campesinas anunci\u00e9 que estoy trabajando en la campa\u00f1a Stop Ganader\u00eda Industrial de Ecologistas en Acci\u00f3n. Por un modelo agroalimentario sostenible y de futuro. M\u00e1s informaci\u00f3n en el video y en https:\/\/www.ecologistasenaccion.org\/areas-de-accion\/agroecologia\/stop-ganaderia-industrial\/<br \/>\n\u00a1Abrazo y feliz dia! \ud83d\ude0d<\/p>\n<p>En redes sociales:<\/p>\n<p><strong><a href=\"https:\/\/x.com\/Laenredadera\/status\/1780564238357901337?t=L8diqX13rgnrfb74pFzxQA&amp;s=35\">Twitter<\/a><\/strong><\/p>\n<p><strong><a href=\"https:\/\/fb.watch\/rvtp5y4TnY\/\" target=\"_blank\" rel=\"noopener\">Facebook<\/a><\/strong><\/p>\n<p><strong><a href=\"https:\/\/vm.tiktok.com\/ZGeH6jX5J\/\" target=\"_blank\" rel=\"noopener\">TikTok<\/a><\/strong><\/p>\n<p><a href=\"https:\/\/www.instagram.com\/reel\/C53NmDbIMgA\/?igsh=MmY3Ymh4bHF0YTlm\" target=\"_blank\" rel=\"noopener\"><strong>Instagram<\/strong><\/a><\/p>","protected":false},"excerpt":{"rendered":"<p>\ud83d\ude4b\u00a1Buen d\u00eda! \ud83e\uddd1\u200d\ud83c\udf3e En el d\u00eda internacional de las luchas campesinas anunci\u00e9 que estoy trabajando en la campa\u00f1a Stop Ganader\u00eda [&hellip;]<\/p>\n","protected":false},"author":1,"featured_media":1616,"comment_status":"closed","ping_status":"closed","sticky":false,"template":"","format":"standard","meta":{"site-sidebar-layout":"default","site-content-layout":"","ast-site-content-layout":"default","site-content-style":"default","site-sidebar-style":"default","ast-global-header-display":"","ast-banner-title-visibility":"","ast-main-header-display":"","ast-hfb-above-header-display":"","ast-hfb-below-header-display":"","ast-hfb-mobile-header-display":"","site-post-title":"","ast-breadcrumbs-content":"","ast-featured-img":"","footer-sml-layout":"","ast-disable-related-posts":"","theme-transparent-header-meta":"","adv-header-id-meta":"","stick-header-meta":"","header-above-stick-meta":"","header-main-stick-meta":"","header-below-stick-meta":"","astra-migrate-meta-layouts":"default","ast-page-background-enabled":"default","ast-page-background-meta":{"desktop":{"background-color":"","background-image":"","background-repeat":"repeat","background-position":"center center","background-size":"auto","background-attachment":"scroll","background-type":"","background-media":"","overlay-type":"","overlay-color":"","overlay-opacity":"","overlay-gradient":""},"tablet":{"background-color":"","background-image":"","background-repeat":"repeat","background-position":"center center","background-size":"auto","background-attachment":"scroll","background-type":"","background-media":"","overlay-type":"","overlay-color":"","overlay-opacity":"","overlay-gradient":""},"mobile":{"background-color":"","background-image":"","background-repeat":"repeat","background-position":"center center","background-size":"auto","background-attachment":"scroll","background-type":"","background-media":"","overlay-type":"","overlay-color":"","overlay-opacity":"","overlay-gradient":""}},"ast-content-background-meta":{"desktop":{"background-color":"var(--ast-global-color-5)","background-image":"","background-repeat":"repeat","background-position":"center center","background-size":"auto","background-attachment":"scroll","background-type":"","background-media":"","overlay-type":"","overlay-color":"","overlay-opacity":"","overlay-gradient":""},"tablet":{"background-color":"var(--ast-global-color-5)","background-image":"","background-repeat":"repeat","background-position":"center center","background-size":"auto","background-attachment":"scroll","background-type":"","background-media":"","overlay-type":"","overlay-color":"","overlay-opacity":"","overlay-gradient":""},"mobile":{"background-color":"var(--ast-global-color-5)","background-image":"","background-repeat":"repeat","background-position":"center center","background-size":"auto","background-attachment":"scroll","background-type":"","background-media":"","overlay-type":"","overlay-color":"","overlay-opacity":"","overlay-gradient":""}},"_joinchat":[],"footnotes":""},"categories":[26,24,25,23],"tags":[230,388,782,783,784,227,785,228,786,479,787,167,168,135,37],"class_list":["post-1615","post","type-post","status-publish","format-standard","has-post-thumbnail","hentry","category-cultivando","category-desbrozando","category-enredando","category-sembrando","tag-agricultura","tag-alimentacion","tag-autonomo","tag-biogas","tag-biometano","tag-ecologia","tag-ecologistas-en-accion","tag-energia","tag-energias-renovables","tag-ganaderia","tag-ganaderia-industrial","tag-mundo-rural","tag-pueblos","tag-salud","tag-trabajo"],"_links":{"self":[{"href":"https:\/\/nachoescartin.es\/an\/wp-json\/wp\/v2\/posts\/1615","targetHints":{"allow":["GET"]}}],"collection":[{"href":"https:\/\/nachoescartin.es\/an\/wp-json\/wp\/v2\/posts"}],"about":[{"href":"https:\/\/nachoescartin.es\/an\/wp-json\/wp\/v2\/types\/post"}],"author":[{"embeddable":true,"href":"https:\/\/nachoescartin.es\/an\/wp-json\/wp\/v2\/users\/1"}],"replies":[{"embeddable":true,"href":"https:\/\/nachoescartin.es\/an\/wp-json\/wp\/v2\/comments?post=1615"}],"version-history":[{"count":0,"href":"https:\/\/nachoescartin.es\/an\/wp-json\/wp\/v2\/posts\/1615\/revisions"}],"wp:featuredmedia":[{"embeddable":true,"href":"https:\/\/nachoescartin.es\/an\/wp-json\/wp\/v2\/media\/1616"}],"wp:attachment":[{"href":"https:\/\/nachoescartin.es\/an\/wp-json\/wp\/v2\/media?parent=1615"}],"wp:term":[{"taxonomy":"category","embeddable":true,"href":"https:\/\/nachoescartin.es\/an\/wp-json\/wp\/v2\/categories?post=1615"},{"taxonomy":"post_tag","embeddable":true,"href":"https:\/\/nachoescartin.es\/an\/wp-json\/wp\/v2\/tags?post=1615"}],"curies":[{"name":"wp","href":"https:\/\/api.w.org\/{rel}","templated":true}]}}