{"id":1545,"date":"2023-12-07T16:42:28","date_gmt":"2023-12-07T15:42:28","guid":{"rendered":"https:\/\/nachoescartin.es\/?p=1545"},"modified":"2023-12-07T16:42:28","modified_gmt":"2023-12-07T15:42:28","slug":"la-mala-costumbre-de-alana-s-portero","status":"publish","type":"post","link":"https:\/\/nachoescartin.es\/an\/la-mala-costumbre-de-alana-s-portero\/","title":{"rendered":"\u00abLa mala costumbre\u00bb de Alana S. Portero"},"content":{"rendered":"<p><span style=\"font-weight: 400;\">Esta bella novela nos pone en la piel de una ni\u00f1a trans, una persona que solo quiere comprenderse a si misma y vivir feliz en una sociedad llena de violencias para quien es diferente.\u00a0<\/span><\/p>\n<p>&nbsp;<\/p>\n<p><span style=\"font-weight: 400;\">Me ha gustado mucho este libro (editado por Seix Barral) en el que Alana S. Portero es capaz de hacernos sentir todo el sufrimiento de una infancia compleja en el barrio obrero de San Blas de Madrid, sin que la tragedia nos apabulle. El amor infantil por los mitos y leyendas ayuda a disfrazar las dur\u00edsimas vidas de la mayor\u00eda de los personajes en vidas gloriosas, como todas merecemos. Y ah\u00ed las mujeres son las grandes protagonistas, las sufridoras y tambi\u00e9n las salvadoras.\u00a0<\/span><\/p>\n<p>&nbsp;<\/p>\n<p><span style=\"font-weight: 400;\">\u201cMujeres, maricas y otras existencias torcidas respecto a la masculinidad estaban marcadas como presas en el mundo de los\u00a0 hombres malvados\u201d.\u00a0<\/span><\/p>\n<p>&nbsp;<\/p>\n<p><span style=\"font-weight: 400;\">En el libro\u00a0 hay miedo a la diferencia, miedo al rechazo, miedo al armario, miedo a los monstruos, disforia, rechazo al cuerpo propio, desgana y control de las ilusiones, imposici\u00f3n de las masculinidades de \u201cmachotes\u201d, sumisi\u00f3n, mentiras, soledad, humillaciones, burlas, ira, congoja, repugnancia, fatalismo, culpa, alertas, verg\u00fcenza, impotencia, aislamiento, chantajes, presi\u00f3n, dolencias mentales, drogas, angustia, violencia.\u00a0<\/span><\/p>\n<p>&nbsp;<\/p>\n<p><span style=\"font-weight: 400;\">Y tambi\u00e9n hay en el libro mujeres conquistadoras de libertades, un mundo de oportunidades con gentes dignas y valientes, poder, euforia, felicidad, hermosura, fuerza, aire fresco.\u00a0\u00a0<\/span><\/p>\n<p>&nbsp;<\/p>\n<p><span style=\"font-weight: 400;\">\u201cSer hombre, ser mujer, no ser ninguna de las dos cosas es algo que no puede experimientarse ni construirse a solas\u201d. Para construir juntas, os recomiendo leer este libro, para ponernos en el lugar de otras personas y podamos vivir todas mejor.\u00a0<\/span><\/p>","protected":false},"excerpt":{"rendered":"<p>Esta bella novela nos pone en la piel de una ni\u00f1a trans, una persona que solo quiere comprenderse a si [&hellip;]<\/p>\n","protected":false},"author":1,"featured_media":1546,"comment_status":"open","ping_status":"closed","sticky":false,"template":"","format":"standard","meta":{"site-sidebar-layout":"default","site-content-layout":"","ast-site-content-layout":"default","site-content-style":"default","site-sidebar-style":"default","ast-global-header-display":"","ast-banner-title-visibility":"","ast-main-header-display":"","ast-hfb-above-header-display":"","ast-hfb-below-header-display":"","ast-hfb-mobile-header-display":"","site-post-title":"","ast-breadcrumbs-content":"","ast-featured-img":"","footer-sml-layout":"","ast-disable-related-posts":"","theme-transparent-header-meta":"","adv-header-id-meta":"","stick-header-meta":"","header-above-stick-meta":"","header-main-stick-meta":"","header-below-stick-meta":"","astra-migrate-meta-layouts":"default","ast-page-background-enabled":"default","ast-page-background-meta":{"desktop":{"background-color":"","background-image":"","background-repeat":"repeat","background-position":"center center","background-size":"auto","background-attachment":"scroll","background-type":"","background-media":"","overlay-type":"","overlay-color":"","overlay-opacity":"","overlay-gradient":""},"tablet":{"background-color":"","background-image":"","background-repeat":"repeat","background-position":"center center","background-size":"auto","background-attachment":"scroll","background-type":"","background-media":"","overlay-type":"","overlay-color":"","overlay-opacity":"","overlay-gradient":""},"mobile":{"background-color":"","background-image":"","background-repeat":"repeat","background-position":"center center","background-size":"auto","background-attachment":"scroll","background-type":"","background-media":"","overlay-type":"","overlay-color":"","overlay-opacity":"","overlay-gradient":""}},"ast-content-background-meta":{"desktop":{"background-color":"var(--ast-global-color-5)","background-image":"","background-repeat":"repeat","background-position":"center center","background-size":"auto","background-attachment":"scroll","background-type":"","background-media":"","overlay-type":"","overlay-color":"","overlay-opacity":"","overlay-gradient":""},"tablet":{"background-color":"var(--ast-global-color-5)","background-image":"","background-repeat":"repeat","background-position":"center center","background-size":"auto","background-attachment":"scroll","background-type":"","background-media":"","overlay-type":"","overlay-color":"","overlay-opacity":"","overlay-gradient":""},"mobile":{"background-color":"var(--ast-global-color-5)","background-image":"","background-repeat":"repeat","background-position":"center center","background-size":"auto","background-attachment":"scroll","background-type":"","background-media":"","overlay-type":"","overlay-color":"","overlay-opacity":"","overlay-gradient":""}},"_joinchat":[],"footnotes":""},"categories":[26],"tags":[740,129,172,394,741,133,498,125,351,352,126,742,301],"class_list":["post-1545","post","type-post","status-publish","format-standard","has-post-thumbnail","hentry","category-cultivando","tag-barrio","tag-espana","tag-familia","tag-infancia","tag-lgtbi","tag-libro","tag-madrid","tag-novela","tag-sexo","tag-sexualidad","tag-sociedad","tag-trans","tag-violencia"],"_links":{"self":[{"href":"https:\/\/nachoescartin.es\/an\/wp-json\/wp\/v2\/posts\/1545","targetHints":{"allow":["GET"]}}],"collection":[{"href":"https:\/\/nachoescartin.es\/an\/wp-json\/wp\/v2\/posts"}],"about":[{"href":"https:\/\/nachoescartin.es\/an\/wp-json\/wp\/v2\/types\/post"}],"author":[{"embeddable":true,"href":"https:\/\/nachoescartin.es\/an\/wp-json\/wp\/v2\/users\/1"}],"replies":[{"embeddable":true,"href":"https:\/\/nachoescartin.es\/an\/wp-json\/wp\/v2\/comments?post=1545"}],"version-history":[{"count":0,"href":"https:\/\/nachoescartin.es\/an\/wp-json\/wp\/v2\/posts\/1545\/revisions"}],"wp:featuredmedia":[{"embeddable":true,"href":"https:\/\/nachoescartin.es\/an\/wp-json\/wp\/v2\/media\/1546"}],"wp:attachment":[{"href":"https:\/\/nachoescartin.es\/an\/wp-json\/wp\/v2\/media?parent=1545"}],"wp:term":[{"taxonomy":"category","embeddable":true,"href":"https:\/\/nachoescartin.es\/an\/wp-json\/wp\/v2\/categories?post=1545"},{"taxonomy":"post_tag","embeddable":true,"href":"https:\/\/nachoescartin.es\/an\/wp-json\/wp\/v2\/tags?post=1545"}],"curies":[{"name":"wp","href":"https:\/\/api.w.org\/{rel}","templated":true}]}}