{"id":1514,"date":"2023-10-21T16:08:18","date_gmt":"2023-10-21T14:08:18","guid":{"rendered":"https:\/\/nachoescartin.es\/?p=1514"},"modified":"2023-10-21T16:08:18","modified_gmt":"2023-10-21T14:08:18","slug":"el-hombre-mojado-no-teme-la-lluvia-de-olga-rodriguez","status":"publish","type":"post","link":"https:\/\/nachoescartin.es\/an\/el-hombre-mojado-no-teme-la-lluvia-de-olga-rodriguez\/","title":{"rendered":"\u201cEl hombre mojado no teme la lluvia\u201d de Olga Rodr\u00edguez"},"content":{"rendered":"<p><span style=\"font-weight: 400;\">Despu\u00e9s de unos meses de inactividad en este blog, hemos superado algunos problemas t\u00e9cnicos. \u201cSolo no puedes, con amigos, s\u00ed\u201d dec\u00edamos en La Bola de Cristal. Me han ayudado a subsanarlos y volvemos a daros la bienvenida a este espacio en la red. Mi intenci\u00f3n es ofreceros m\u00e1s contenido, tanto de libros sugerentes, como de opiniones propias y referencias que os quiero compartir. \u00a1Espero que os guste!<\/span><\/p>\n<p>&nbsp;<\/p>\n<p><span style=\"font-weight: 400;\">Hoy quiero abordar la cuesti\u00f3n de Palestina. Lamentablemente, la comunidad internacional est\u00e1 siendo incapaz de garantizar una paz justa y duradera en Oriente\u00a0 Medio. Son muchos los intereses pol\u00edticos, econ\u00f3micos y geoestrat\u00e9gicos, por la posici\u00f3n territorial de la zona en un mundo \u00e1vido de gas (como el que puede haber en el mar junto a Gaza) y del control colonial del mundo. Como siempre, las personas que (como t\u00fa y como yo) solo queremos vivir lo mejor posible, somos las perjudicadas. Seres humanos que son asesinados en bombardeos despiadados y atentados terroristas y que a d\u00eda de hoy suman miles de muertos y heridos.\u00a0<\/span><\/p>\n<p>&nbsp;<\/p>\n<p><span style=\"font-weight: 400;\">Estos d\u00edas son muchas las voces que intentan aportar un poco de luz. Lo primero y m\u00e1s importante es la solidaridad, esa ternura de los pueblos que se expresa en forma de manifestaciones y que trata de lanzar un soplo de esperanza para quien sufre entre las ruinas de las bombas. Son cada vez m\u00e1s las personas que salimos a la calle para pedir un alto al fuego, el fin de la ocupaci\u00f3n de Palestina, el reconocimiento de su Estado y el acuerdo de una paz justa y duradera. Esta tarde de s\u00e1bado saldremos en Zaragoza.\u00a0<\/span><\/p>\n<p>&nbsp;<\/p>\n<p><span style=\"font-weight: 400;\">Tambi\u00e9n hay voces, especialmente de mandatarios occidentales, en\u00a0 apoyo irresponsable a un gobierno de Israel comandado por Netanyahu y ministros de ultraderecha, racistas y ultrareligiosos, que est\u00e1n enfangados en el \u201cojo por ojo\u201d, la venganza y la deshumanizaci\u00f3n del pueblo palestino. Las manifestaciones en apoyo a Israel son minoritarias en las calles del mundo e incluso hay cada vez m\u00e1s comunidades jud\u00edas que no se sienten representadas por el terrorismo de estado del gobierno israel\u00ed. En Zaragoza, sin ir m\u00e1s lejos, vi con mis propios ojos una concentraci\u00f3n en apoyo a Israel de no m\u00e1s de 30 personas. Me acerqu\u00e9 y escuch\u00e9 que un tipo gritaba que necesit\u00e1bamos m\u00e1s informaci\u00f3n, que est\u00e1bamos manipulados. Y estoy de acuerdo.\u00a0<\/span><\/p>\n<p>&nbsp;<\/p>\n<p><span style=\"font-weight: 400;\">\u201cEl hombre mojado no teme la lluvia\u201d es un libro de la periodista Olga Rodr\u00edguez que nos ayuda a informarnos y comprender qu\u00e9 pasa en Oriente Medio. Publicado por la editorial Debate en 2009, ha sido reimpreso en numerosas ocasiones. Es un buen libro, que os recomiendo. La autora nos acerca las vidas de diversas personas que viven en Irak, Palestina, Israel, L\u00edbano, Siria, Egipto y Afganist\u00e1n, personas que ella conoce y con las que ha podido conversar para conocer su punto de vista, su historia y su cultura. \u00a1No es f\u00e1cil entender lo que pasa all\u00ed!\u00a0<\/span><\/p>\n<p>&nbsp;<\/p>\n<p><span style=\"font-weight: 400;\">Lo primero que necesitamos es quitarnos las gafas de la mirada colonilista y llena de prejuicios, paternal y a menudo racista. Yamila, Minai, Elhanan, Ibrahim o Kareem son personas corrientes, trabajadores que quieren lo mejor para sus familias y su sociedad. El periodismo era eso, conocer el mundo y lo que pasa a trav\u00e9s de los testimonios y las vivencias de la gente. Y esto Olga Rodr\u00edguez lo hace de manera magistral, meti\u00e9ndonos en los zocos, las tiendas, las casas y las cocinas de personas con las que conseguimos generar un v\u00ednculo cercano y natural.<\/span><\/p>\n<p>&nbsp;<\/p>\n<p><span style=\"font-weight: 400;\">\u201cLa paz en Oriente Medio supone un gran paso hacia la paz en el resto del planeta\u201d, escribe la autora en el e\u1e55ilogo. Y estoy de acuerdo. Para que no impere la ley del m\u00e1s fuerte, necesitamos salvaguardar una justicia mundial, unas reglas del juego comunes en todo el planeta, que permitan salvaguardar la vida y reconciliarnos con la convivencia. El colonialismo y el fundamentalismo religioso nos alejan de la paz justa y duradera que deseamos. Es la hora de la soberan\u00eda de los pueblos y la solidaridad internacionalista.\u00a0<\/span><\/p>\n<p>&nbsp;<\/p>\n<p><span style=\"font-weight: 400;\">En Irak aprendemos que una ocupaci\u00f3n y una guerra nunca son limpias, por qu\u00e9 se organizan resistencias populares contra las invasiones extranjeras, el uso del uranio empobrecido, la pobreza, \u00e9xodo, abusos, muerte y destrucci\u00f3n que conlleva la guerra y la religi\u00f3n como instrumento de la pol\u00edtica. En Palestina y territorios ocupados entendemos la impunidad del sionisimo israel\u00ed y la connivencia con gigantes poderes econ\u00f3micos, el hostigamiento brutal y criminal, la supremac\u00eda \u00e9tnico-nacionalista, el fomento del radicalismo religioso y la destrucci\u00f3n de los puentes para la negociaci\u00f3n y el entendimiento. En Israel el genocicio nazi contra el pueblo jud\u00edo torna en el fanatismo religioso de colonos jud\u00edos ultraortodoxos, la ocupaci\u00f3n y las matanzas contra el pueblo palestino, la construcci\u00f3n de un Estado solo para jud\u00edos y en el que\u00a0 sobran todos los dem\u00e1s en una limpieza \u00e9tnica terror\u00edfica, que se pasa por el arco de triunfo las resoluciones de las Naciones Unidas que tratan de salvaguardar los derechos humanos. En L\u00edbano descubrimos la enorme heterogeneidad y ramificaciones de pol\u00edtica, religiosas y culturales, las diferentes visiones del islamismo, el militarismo social y los contrastes a\u00fan dentro de una misma ciudad como Beirut. En Siria conocemos su lucha contra el colonialismo, las tensiones fronterizas, el autoritarismo y la represi\u00f3n contra las disidencias pol\u00edticas. En Egipto descubrimos que el Cairo nunca duerme, que el sindicalismo est\u00e1 vivo y que las mujeres, pese a tanto, avanzan con paso firme por su reconocimiento social y pol\u00edtico, sus derechos y libertades. Por \u00faltimo, en Afganist\u00e1n los talibanes y se\u00f1ores de la guerra tratan de imponer su segregaci\u00f3n sexual, nos alarma tambi\u00e9n la corrupci\u00f3n y los negocios b\u00e9licos, el narcotr\u00e1fico y la impopularidad de las tropas internacionales.\u00a0<\/span><\/p>\n<p>&nbsp;<\/p>\n<p><span style=\"font-weight: 400;\">Sirvan estas l\u00edneas como acercamiento a un libro de 350 p\u00e1ginas que no tiene desperdicio y que os animo a conseguir en librer\u00edas o bibliotecas.\u00a0<\/span><\/p>\n<p>&nbsp;<\/p>\n<p><span style=\"font-weight: 400;\">En el a\u00f1o 2002 tuve el honor de participar en la delegaci\u00f3n internacional en las conmemoraciones de las matanzas en los campos de refugiados palestinos de Sabra y Chatila. Ese viaje me marc\u00f3 profundamente y me ayud\u00f3 a comprender lo que all\u00ed acontece y,\u00a0 sobre todo, conocer a much\u00edsimas personas con las que habl\u00e9. Esto es exactamente lo que hace Olga Rodr\u00edguez desde hace a\u00f1os: viaja a la zona, habla con la gente y nos lo cuenta en libros tan valiosos como este. L\u00e9anlo.\u00a0<\/span><\/p>","protected":false},"excerpt":{"rendered":"<p>Despu\u00e9s de unos meses de inactividad en este blog, hemos superado algunos problemas t\u00e9cnicos. \u201cSolo no puedes, con amigos, s\u00ed\u201d [&hellip;]<\/p>\n","protected":false},"author":1,"featured_media":1515,"comment_status":"open","ping_status":"closed","sticky":false,"template":"","format":"standard","meta":{"site-sidebar-layout":"default","site-content-layout":"","ast-site-content-layout":"default","site-content-style":"default","site-sidebar-style":"default","ast-global-header-display":"","ast-banner-title-visibility":"","ast-main-header-display":"","ast-hfb-above-header-display":"","ast-hfb-below-header-display":"","ast-hfb-mobile-header-display":"","site-post-title":"","ast-breadcrumbs-content":"","ast-featured-img":"","footer-sml-layout":"","ast-disable-related-posts":"","theme-transparent-header-meta":"","adv-header-id-meta":"","stick-header-meta":"","header-above-stick-meta":"","header-main-stick-meta":"","header-below-stick-meta":"","astra-migrate-meta-layouts":"default","ast-page-background-enabled":"default","ast-page-background-meta":{"desktop":{"background-color":"","background-image":"","background-repeat":"repeat","background-position":"center center","background-size":"auto","background-attachment":"scroll","background-type":"","background-media":"","overlay-type":"","overlay-color":"","overlay-opacity":"","overlay-gradient":""},"tablet":{"background-color":"","background-image":"","background-repeat":"repeat","background-position":"center center","background-size":"auto","background-attachment":"scroll","background-type":"","background-media":"","overlay-type":"","overlay-color":"","overlay-opacity":"","overlay-gradient":""},"mobile":{"background-color":"","background-image":"","background-repeat":"repeat","background-position":"center center","background-size":"auto","background-attachment":"scroll","background-type":"","background-media":"","overlay-type":"","overlay-color":"","overlay-opacity":"","overlay-gradient":""}},"ast-content-background-meta":{"desktop":{"background-color":"var(--ast-global-color-5)","background-image":"","background-repeat":"repeat","background-position":"center center","background-size":"auto","background-attachment":"scroll","background-type":"","background-media":"","overlay-type":"","overlay-color":"","overlay-opacity":"","overlay-gradient":""},"tablet":{"background-color":"var(--ast-global-color-5)","background-image":"","background-repeat":"repeat","background-position":"center center","background-size":"auto","background-attachment":"scroll","background-type":"","background-media":"","overlay-type":"","overlay-color":"","overlay-opacity":"","overlay-gradient":""},"mobile":{"background-color":"var(--ast-global-color-5)","background-image":"","background-repeat":"repeat","background-position":"center center","background-size":"auto","background-attachment":"scroll","background-type":"","background-media":"","overlay-type":"","overlay-color":"","overlay-opacity":"","overlay-gradient":""}},"_joinchat":[],"footnotes":""},"categories":[26],"tags":[199,130,717,718,133,719,720,443,126],"class_list":["post-1514","post","type-post","status-publish","format-standard","has-post-thumbnail","hentry","category-cultivando","tag-guerra","tag-historia","tag-irak","tag-israel","tag-libro","tag-oriente-proximo","tag-palestina","tag-periodismo","tag-sociedad"],"_links":{"self":[{"href":"https:\/\/nachoescartin.es\/an\/wp-json\/wp\/v2\/posts\/1514","targetHints":{"allow":["GET"]}}],"collection":[{"href":"https:\/\/nachoescartin.es\/an\/wp-json\/wp\/v2\/posts"}],"about":[{"href":"https:\/\/nachoescartin.es\/an\/wp-json\/wp\/v2\/types\/post"}],"author":[{"embeddable":true,"href":"https:\/\/nachoescartin.es\/an\/wp-json\/wp\/v2\/users\/1"}],"replies":[{"embeddable":true,"href":"https:\/\/nachoescartin.es\/an\/wp-json\/wp\/v2\/comments?post=1514"}],"version-history":[{"count":0,"href":"https:\/\/nachoescartin.es\/an\/wp-json\/wp\/v2\/posts\/1514\/revisions"}],"wp:featuredmedia":[{"embeddable":true,"href":"https:\/\/nachoescartin.es\/an\/wp-json\/wp\/v2\/media\/1515"}],"wp:attachment":[{"href":"https:\/\/nachoescartin.es\/an\/wp-json\/wp\/v2\/media?parent=1514"}],"wp:term":[{"taxonomy":"category","embeddable":true,"href":"https:\/\/nachoescartin.es\/an\/wp-json\/wp\/v2\/categories?post=1514"},{"taxonomy":"post_tag","embeddable":true,"href":"https:\/\/nachoescartin.es\/an\/wp-json\/wp\/v2\/tags?post=1514"}],"curies":[{"name":"wp","href":"https:\/\/api.w.org\/{rel}","templated":true}]}}