{"id":1509,"date":"2023-12-28T09:09:59","date_gmt":"2023-12-28T08:09:59","guid":{"rendered":"https:\/\/nachoescartin.es\/?p=1509"},"modified":"2023-12-28T09:09:59","modified_gmt":"2023-12-28T08:09:59","slug":"record-guiness-a-la-mayor-calabaza-de-aragon","status":"publish","type":"post","link":"https:\/\/nachoescartin.es\/an\/record-guiness-a-la-mayor-calabaza-de-aragon\/","title":{"rendered":"\u00a1R\u00e9cord Guiness a la mayor calabaza de Arag\u00f3n!"},"content":{"rendered":"<p style=\"text-align: justify;\">\u00a1Qui\u00e9n me iba a decir a m\u00ed que iba a crecer semejante calabaza! \u00a1128 kilos, madre m\u00eda!<\/p>\n<p style=\"text-align: justify;\">Resulta que hace unos meses paseando por Bujaraloz vi un cartel con un concurso a la mayor calabaza del a\u00f1o y dije: \u00bfPor qu\u00e9 no?<\/p>\n<p style=\"text-align: justify;\">En la huerta de casa reserv\u00e9 un espacio para las calabazas. No puse muchas, solo 8 o 10 semillas de calabazas de Buerba, una variedad local aragonesa que ya hab\u00eda puesto otros a\u00f1os y sab\u00eda que se da fet\u00e9n, salen redondicas y muy sabrosas. Las puse bien separadas, con idea de que tuvieran cacho para crecer. Les ech\u00e9 l compost org\u00e1nico, gallinaza y nada m\u00e1s, las cubr\u00ed con paja en cuanto asomaron y las regu\u00e9 las semanas que no llov\u00eda.<\/p>\n<p style=\"text-align: justify;\">\u00a1No esperaba semejante calabaza, la verdad! Otros a\u00f1os hab\u00edamos cogido calabazas majas, para unas buenas tartas y unos buenos pur\u00e9s, pero con esta he batido el r\u00e9cord de Arag\u00f3n.\u00a0Cuando la vio mi madre solt\u00f3: \u00abno ve\u00eda una calabaza as\u00ed desde que di a luz\u00bb.<\/p>\n<p style=\"text-align: justify;\">Cuando vinieron los del R\u00e9cord Guinness a casa primero se equivocaron y empezaron a medirme la cabeza. Luego no pod\u00edan levantarla entre 4 y al final lo consiguieron, la pesaron, me dieron el diploma y me dijeron que se la llevaban al Festival de Arte y Calabazas de la ciudad de Half Moon Bay, en California, donde se conoce que llevan las calabazas m\u00e1s majas del mundo. Estos del Guinness no dan ni un duro, un certificado y una l\u00ednea en su libro, pero s\u00ed me han invitado al sarao ese que es a finales de enero, as\u00ed que si encuentro un barco a vela, lo mismo voy.<\/p>\n<p style=\"text-align: justify;\">Lo\u00a0 que\u00a0 s\u00ed tengo es un mont\u00f3n de llamadas de medios de comunicaci\u00f3n para entrevistas y reportajes. Hoy he grabado con el programa \u00abS\u00faper Farmers\u00bb de la Fox, con Agropopular de la Cope, con el programa franc\u00e9s \u00abCultivons-nous\u00bb y con \u00abTempero\u00bb de Arag\u00f3nTV. Especial ilusi\u00f3n me ha hecho la visita de Canal Red, que incluso me ha propuesto un programa de \u00abAgricultores rojeras por el mundo\u00bb. Ya os contar\u00e9.<\/p>\n<p><img fetchpriority=\"high\" decoding=\"async\" class=\"alignnone size-full wp-image-1511\" src=\"https:\/\/nachoescartin.es\/wp-content\/uploads\/2023\/12\/IMG_20231228_090222_150.jpg\" alt=\"\" width=\"1000\" height=\"563\" srcset=\"https:\/\/nachoescartin.es\/wp-content\/uploads\/2023\/12\/IMG_20231228_090222_150.jpg 1000w, https:\/\/nachoescartin.es\/wp-content\/uploads\/2023\/12\/IMG_20231228_090222_150-300x169.jpg 300w, https:\/\/nachoescartin.es\/wp-content\/uploads\/2023\/12\/IMG_20231228_090222_150-768x432.jpg 768w\" sizes=\"(max-width: 1000px) 100vw, 1000px\" \/><\/p>\n<p>&nbsp;<\/p>\n<p style=\"text-align: justify;\">Es para m\u00ed un honor que Arag\u00f3n se conozca entre las mejores cucurbit\u00e1ceas de la Tierra y, adem\u00e1s, cultivadas de forma agroecol\u00f3gica, sin fertilizantes qu\u00edmicos. \u00a1Calabaza, yo te llevo en mi coraz\u00f3n!<\/p>\n<p style=\"text-align: justify;\"><a href=\"https:\/\/iniciativacomarcal.com\/wp-content\/uploads\/2020\/12\/Muneco-inocente.jpg\" target=\"_blank\" rel=\"noopener\"><strong>M\u00e1s informaci\u00f3n en la p\u00e1gina oficial de Guinness World Records.<\/strong><\/a><\/p>","protected":false},"excerpt":{"rendered":"<p>\u00a1Qui\u00e9n me iba a decir a m\u00ed que iba a crecer semejante calabaza! \u00a1128 kilos, madre m\u00eda! Resulta que hace [&hellip;]<\/p>\n","protected":false},"author":1,"featured_media":1510,"comment_status":"open","ping_status":"closed","sticky":false,"template":"","format":"standard","meta":{"site-sidebar-layout":"default","site-content-layout":"","ast-site-content-layout":"default","site-content-style":"default","site-sidebar-style":"default","ast-global-header-display":"","ast-banner-title-visibility":"","ast-main-header-display":"","ast-hfb-above-header-display":"","ast-hfb-below-header-display":"","ast-hfb-mobile-header-display":"","site-post-title":"","ast-breadcrumbs-content":"","ast-featured-img":"","footer-sml-layout":"","ast-disable-related-posts":"","theme-transparent-header-meta":"","adv-header-id-meta":"","stick-header-meta":"","header-above-stick-meta":"","header-main-stick-meta":"","header-below-stick-meta":"","astra-migrate-meta-layouts":"default","ast-page-background-enabled":"default","ast-page-background-meta":{"desktop":{"background-color":"","background-image":"","background-repeat":"repeat","background-position":"center center","background-size":"auto","background-attachment":"scroll","background-type":"","background-media":"","overlay-type":"","overlay-color":"","overlay-opacity":"","overlay-gradient":""},"tablet":{"background-color":"","background-image":"","background-repeat":"repeat","background-position":"center center","background-size":"auto","background-attachment":"scroll","background-type":"","background-media":"","overlay-type":"","overlay-color":"","overlay-opacity":"","overlay-gradient":""},"mobile":{"background-color":"","background-image":"","background-repeat":"repeat","background-position":"center center","background-size":"auto","background-attachment":"scroll","background-type":"","background-media":"","overlay-type":"","overlay-color":"","overlay-opacity":"","overlay-gradient":""}},"ast-content-background-meta":{"desktop":{"background-color":"var(--ast-global-color-5)","background-image":"","background-repeat":"repeat","background-position":"center center","background-size":"auto","background-attachment":"scroll","background-type":"","background-media":"","overlay-type":"","overlay-color":"","overlay-opacity":"","overlay-gradient":""},"tablet":{"background-color":"var(--ast-global-color-5)","background-image":"","background-repeat":"repeat","background-position":"center center","background-size":"auto","background-attachment":"scroll","background-type":"","background-media":"","overlay-type":"","overlay-color":"","overlay-opacity":"","overlay-gradient":""},"mobile":{"background-color":"var(--ast-global-color-5)","background-image":"","background-repeat":"repeat","background-position":"center center","background-size":"auto","background-attachment":"scroll","background-type":"","background-media":"","overlay-type":"","overlay-color":"","overlay-opacity":"","overlay-gradient":""}},"_joinchat":[],"footnotes":""},"categories":[26,23],"tags":[230,246,743,29,744,425,745,746,89],"class_list":["post-1509","post","type-post","status-publish","format-standard","has-post-thumbnail","hentry","category-cultivando","category-sembrando","tag-agricultura","tag-agroecologia","tag-calabaza","tag-comunicacion","tag-guinness","tag-huerta","tag-medios","tag-record","tag-risas"],"_links":{"self":[{"href":"https:\/\/nachoescartin.es\/an\/wp-json\/wp\/v2\/posts\/1509","targetHints":{"allow":["GET"]}}],"collection":[{"href":"https:\/\/nachoescartin.es\/an\/wp-json\/wp\/v2\/posts"}],"about":[{"href":"https:\/\/nachoescartin.es\/an\/wp-json\/wp\/v2\/types\/post"}],"author":[{"embeddable":true,"href":"https:\/\/nachoescartin.es\/an\/wp-json\/wp\/v2\/users\/1"}],"replies":[{"embeddable":true,"href":"https:\/\/nachoescartin.es\/an\/wp-json\/wp\/v2\/comments?post=1509"}],"version-history":[{"count":0,"href":"https:\/\/nachoescartin.es\/an\/wp-json\/wp\/v2\/posts\/1509\/revisions"}],"wp:featuredmedia":[{"embeddable":true,"href":"https:\/\/nachoescartin.es\/an\/wp-json\/wp\/v2\/media\/1510"}],"wp:attachment":[{"href":"https:\/\/nachoescartin.es\/an\/wp-json\/wp\/v2\/media?parent=1509"}],"wp:term":[{"taxonomy":"category","embeddable":true,"href":"https:\/\/nachoescartin.es\/an\/wp-json\/wp\/v2\/categories?post=1509"},{"taxonomy":"post_tag","embeddable":true,"href":"https:\/\/nachoescartin.es\/an\/wp-json\/wp\/v2\/tags?post=1509"}],"curies":[{"name":"wp","href":"https:\/\/api.w.org\/{rel}","templated":true}]}}