{"id":1469,"date":"2023-05-07T15:41:41","date_gmt":"2023-05-07T15:41:41","guid":{"rendered":"https:\/\/nachoescartin.es\/?p=1469"},"modified":"2023-05-07T15:41:41","modified_gmt":"2023-05-07T15:41:41","slug":"zaragoza-historias-de-ida-y-vuelta-de-miguel-mena","status":"publish","type":"post","link":"https:\/\/nachoescartin.es\/an\/zaragoza-historias-de-ida-y-vuelta-de-miguel-mena\/","title":{"rendered":"\u201cZaragoza. Historias de ida y vuelta\u201d de Miguel Mena"},"content":{"rendered":"<p style=\"text-align: justify;\">En realidad este no es un libro, al uso, de Miguel Mena. No es una novela suya, como <a href=\"https:\/\/nachoescartin.es\/an\/puente-de-hierro-de-miguel-mena\/\"><strong>otras que he disfrutado<\/strong><\/a>. Es un libro de 52 relatos, los de las vidas de 52 personas que un d\u00eda marcharon de su pueblo y a los a\u00f1os decidieron volver. Son 52 paisanos de Zaragoza, de uno de los 293 pueblos de nuestra provincia. Y me han emocionado. Muchas de sus historias me han tocado, porque comparten sentimientos muy \u00edntimos, vivenciados, y puntos de vista que me son comunes y denotan el esfuerzo, el riesgo y, sobre todo, el amor que hay por la familia, las ra\u00edces y nuestros pueblos.<\/p>\n<p style=\"text-align: justify;\">\u201cCada uno tiene que encontrar su lugar en el mundo\u201d.<\/p>\n<p style=\"text-align: justify;\">El libro lo ha editado Pregunta, con la C\u00e1tedra sobre Despoblaci\u00f3n de la Universidad de Zaragoza y la DPZ. Os lo recomiendo. Se lee de un tir\u00f3n o de 4 en 4 p\u00e1ginas (lo que dura cada relato). Las personas que escriben son diversas, en generaciones y vivencias. Sus pueblos tambi\u00e9n son muy diferentes. No es lo mismo vivir en una capital de comarca o en un pueblo cerca de un gran municipio, que en un sitio peque\u00f1o y m\u00e1s alejado de servicios y gentes.<\/p>\n<p style=\"text-align: justify;\">Encontramos muchas reivindicaciones en com\u00fan. La primera: el trabajo. Sin oportunidades, propias y para tu pareja y familia, es imposible quedarte en el pueblo. Estas 52 personas demuestran que s\u00ed se puede y en ocupaciones muy diversas. Hay agricultores y ganaderos, prou que s\u00ed, apicultores, viticultores y trabajadores p\u00fablicos (maestras, m\u00e9dicos, alguaciles, alcaldes, dinamizadores rurales\u2026), pero tambi\u00e9n hay arquitectos, joyeras, artistas, consultoras en m\u00e1rquetin, traductores, cocineros, gestores culturales y tur\u00edsticos, m\u00fasicos, asesoras de lactancia, dentistas, monitoras de tiempo libre, cristaleros, peluqueras, educadores ambientales, ingenieros, psic\u00f3logos, comunicadores de marcas de moda\u2026 y un sinf\u00edn de profesiones, que son las mismas que puedes encontrar en una gran ciudad.<\/p>\n<p style=\"text-align: justify;\">Segundo asunto recurrente: la importancia de las comunicaciones. Por tierra y por redes. Sin coche, en muchos pueblos peque\u00f1os, est\u00e1s muy limitado. Necesitamos transporte p\u00fablico y buenas carreteras. E internet. Una buena conexi\u00f3n es imprescindible para posibilitar el teletrabajo y conectarte para poder trabajar desde tu pueblo.<\/p>\n<p style=\"text-align: justify;\">Tercer aspecto fundamental: la vivienda. \u201cEn un pueblo pr\u00e1cticamente no existe la opci\u00f3n de compartir piso\u201d. Much\u00edsimas de estas personas han rehabilitado y viven en la casa familiar. Otras han encontrado una casa para comprar o para alquilar. Y casi todas mencionan la importancia de disponer de viviendas, de que haya oferta accesible. Muchos j\u00f3venes no pueden emanciparse en su pueblo porque no hay vivienda que puedan pagar.<\/p>\n<p style=\"text-align: justify;\">Queda claro en este libro que para vivir en los pueblos (adem\u00e1s de las ya mencionadas), las necesidades son las mismas que en cualquier ciudad: educaci\u00f3n y sanidad p\u00fablicas para todas las personas, tiendas y bares abiertos donde comprar y socializar, actividades sociales y culturales (porque quien piense que en un pueblo no se hace nada, no tiene ni idea), etc.<\/p>\n<p style=\"text-align: justify;\">\nY, por \u00faltimo (y de forma resumida), estas personas coinciden en las ganas de vivir en su lugar (aunque hay quien lo vive con altibajos). En muchos relatos, hay una tragedia que provoca la vuelta al pueblo: la muerte de un familiar cercano, la urgencia de hacerse cargo del negocio familiar, una crisis econ\u00f3mica, laboral o vital, o la reciente pandemia. Son momentos en los que muchas personas necesitamos tomar decisiones importantes. Y es ah\u00ed cuando vemos la oportunidad de cumplir ese deseo de volver al pueblo o, en otros casos, de encontrar ah\u00ed ese camino que tal vez nos pueda ayudar hacia unas vidas m\u00e1s felices.<\/p>\n<p style=\"text-align: justify;\">\u201cVolar, viajar, vivir otras vidas y volver. Retornar a tu origen y dibujar un nuevo destino\u201d.<\/p>\n<p style=\"text-align: justify;\">En los pueblos no vivimos tan distinto a como se hace en las ciudades, pero s\u00ed hay caracter\u00edsticas singulares y muy positivas: la tranquilidad (esto lo repiten casi todos); el contacto con la naturaleza y con las personas, las de toda la vida y las nuevas pobladoras (\u201cinmigrantes gracias a los cuales hemos prosperado todos\u201d); el arraigo, la vida en comunidad y las relaciones intergeneracionales (\u201cel pueblo es como una gran familia\u201d, \u201csomos pocos pero no nos falta vida social\u201d); esa sensaci\u00f3n de que el tiempo lo controlas t\u00fa y te cunde m\u00e1s (\u201cEn Par\u00eds necesit\u00e1bamos el doble de tiempo que aqu\u00ed para actividades como ir al cine\u201d; \u201cEl d\u00eda que me vi a m\u00ed mismo subir corriendo por las escaleras mec\u00e1nicas del metro, decid\u00ed que ten\u00eda que irme de all\u00ed urgentemente\u201d).<\/p>\n<p style=\"text-align: justify;\">\u201cVolver ya no significa fracasar\u201d, escribe Miguel Mena en la introducci\u00f3n del libro. \u201cNo se trata de aspirar a cifras u horizontes poblaciones del pasado\u201d, a\u00f1ade en el pr\u00f3logo Vicente Pinilla, Director de la C\u00e1tedra sobre Despoblaci\u00f3n. En este sentido, el futuro se ve con optimismo o no, seg\u00fan la evoluci\u00f3n de cada lugar y las posibilidad que cada poblador ve. En todo caso, se trata de que las pol\u00edticas p\u00fablicas faciliten una elecci\u00f3n tan importante como d\u00f3nde queremos vivir. Y para eso, tenemos que garantizar el mayor bienestar posible, en ciudades y en pueblos.<\/p>","protected":false},"excerpt":{"rendered":"<p>En realidad este no es un libro, al uso, de Miguel Mena. No es una novela suya, como otras que [&hellip;]<\/p>\n","protected":false},"author":1,"featured_media":1470,"comment_status":"open","ping_status":"closed","sticky":false,"template":"","format":"standard","meta":{"site-sidebar-layout":"default","site-content-layout":"","ast-site-content-layout":"default","site-content-style":"default","site-sidebar-style":"default","ast-global-header-display":"","ast-banner-title-visibility":"","ast-main-header-display":"","ast-hfb-above-header-display":"","ast-hfb-below-header-display":"","ast-hfb-mobile-header-display":"","site-post-title":"","ast-breadcrumbs-content":"","ast-featured-img":"","footer-sml-layout":"","ast-disable-related-posts":"","theme-transparent-header-meta":"","adv-header-id-meta":"","stick-header-meta":"","header-above-stick-meta":"","header-main-stick-meta":"","header-below-stick-meta":"","astra-migrate-meta-layouts":"default","ast-page-background-enabled":"default","ast-page-background-meta":{"desktop":{"background-color":"","background-image":"","background-repeat":"repeat","background-position":"center center","background-size":"auto","background-attachment":"scroll","background-type":"","background-media":"","overlay-type":"","overlay-color":"","overlay-opacity":"","overlay-gradient":""},"tablet":{"background-color":"","background-image":"","background-repeat":"repeat","background-position":"center center","background-size":"auto","background-attachment":"scroll","background-type":"","background-media":"","overlay-type":"","overlay-color":"","overlay-opacity":"","overlay-gradient":""},"mobile":{"background-color":"","background-image":"","background-repeat":"repeat","background-position":"center center","background-size":"auto","background-attachment":"scroll","background-type":"","background-media":"","overlay-type":"","overlay-color":"","overlay-opacity":"","overlay-gradient":""}},"ast-content-background-meta":{"desktop":{"background-color":"var(--ast-global-color-5)","background-image":"","background-repeat":"repeat","background-position":"center center","background-size":"auto","background-attachment":"scroll","background-type":"","background-media":"","overlay-type":"","overlay-color":"","overlay-opacity":"","overlay-gradient":""},"tablet":{"background-color":"var(--ast-global-color-5)","background-image":"","background-repeat":"repeat","background-position":"center center","background-size":"auto","background-attachment":"scroll","background-type":"","background-media":"","overlay-type":"","overlay-color":"","overlay-opacity":"","overlay-gradient":""},"mobile":{"background-color":"var(--ast-global-color-5)","background-image":"","background-repeat":"repeat","background-position":"center center","background-size":"auto","background-attachment":"scroll","background-type":"","background-media":"","overlay-type":"","overlay-color":"","overlay-opacity":"","overlay-gradient":""}},"_joinchat":[],"footnotes":""},"categories":[26],"tags":[239,29,215,94,133,168,694,245,217,37,695,696,697,575],"class_list":["post-1469","post","type-post","status-publish","format-standard","has-post-thumbnail","hentry","category-cultivando","tag-amor","tag-comunicacion","tag-desarrollo-rural","tag-despoblacion","tag-libro","tag-pueblos","tag-regreso","tag-relatos","tag-ruralidad","tag-trabajo","tag-viajes","tag-vida-rural","tag-vidas","tag-vivienda"],"_links":{"self":[{"href":"https:\/\/nachoescartin.es\/an\/wp-json\/wp\/v2\/posts\/1469","targetHints":{"allow":["GET"]}}],"collection":[{"href":"https:\/\/nachoescartin.es\/an\/wp-json\/wp\/v2\/posts"}],"about":[{"href":"https:\/\/nachoescartin.es\/an\/wp-json\/wp\/v2\/types\/post"}],"author":[{"embeddable":true,"href":"https:\/\/nachoescartin.es\/an\/wp-json\/wp\/v2\/users\/1"}],"replies":[{"embeddable":true,"href":"https:\/\/nachoescartin.es\/an\/wp-json\/wp\/v2\/comments?post=1469"}],"version-history":[{"count":0,"href":"https:\/\/nachoescartin.es\/an\/wp-json\/wp\/v2\/posts\/1469\/revisions"}],"wp:featuredmedia":[{"embeddable":true,"href":"https:\/\/nachoescartin.es\/an\/wp-json\/wp\/v2\/media\/1470"}],"wp:attachment":[{"href":"https:\/\/nachoescartin.es\/an\/wp-json\/wp\/v2\/media?parent=1469"}],"wp:term":[{"taxonomy":"category","embeddable":true,"href":"https:\/\/nachoescartin.es\/an\/wp-json\/wp\/v2\/categories?post=1469"},{"taxonomy":"post_tag","embeddable":true,"href":"https:\/\/nachoescartin.es\/an\/wp-json\/wp\/v2\/tags?post=1469"}],"curies":[{"name":"wp","href":"https:\/\/api.w.org\/{rel}","templated":true}]}}