{"id":1459,"date":"2023-04-05T17:03:05","date_gmt":"2023-04-05T17:03:05","guid":{"rendered":"https:\/\/nachoescartin.es\/?p=1459"},"modified":"2023-04-05T17:03:05","modified_gmt":"2023-04-05T17:03:05","slug":"edificio-espana-de-javier-ruiz","status":"publish","type":"post","link":"https:\/\/nachoescartin.es\/an\/edificio-espana-de-javier-ruiz\/","title":{"rendered":"\u201cEdificio Espa\u00f1a\u201d de Javier Ruiz"},"content":{"rendered":"<p style=\"text-align: justify;\">Muchas personas conoc\u00e9is a Javier Ruiz porque le escuch\u00e1is como jefe de econom\u00eda en la Cadena SER o en alguna televisi\u00f3n. Es un periodista especializado en an\u00e1lisis econ\u00f3mico que tiene la virtud de ser muy buen comunicador. Es capaz de explicar y dar a entender conceptos y situaciones que a menudo son manipuladas y usadas de forma torticera para fines partidistas y elitistas.<\/p>\n<p style=\"text-align: justify;\">\nEn \u201cEdificio Espa\u00f1a\u201d hace una disecci\u00f3n rigurosa del peligro de la desigualdad. Es un libro construido a partir de datos y hechos contrastables. No son elucubraciones ni propaganda. Ruiz sostiene que la brecha entre los pocos m\u00e1s ricos y los muchos m\u00e1s pobres aumenta, en Espa\u00f1a y en otros pa\u00edses. Y esto nos afecta a todos o, m\u00e1s bien, a casi todos los que queremos una sociedad con justicia para todas las personas y servicios p\u00fablicos garantizados. As\u00ed, Ruiz pone el acento en la pol\u00edtica, en las decisiones que tomamos para revertir esta desigualdad o, como ha pasado sobre todo desde los a\u00f1os 80 del siglo pasado, se ha permitido que las grandes fortunas acumulen m\u00e1s y m\u00e1s dinero.<\/p>\n<p style=\"text-align: justify;\">\nQuienes son m\u00e1s ricos pocas veces lo consiguen a trav\u00e9s de su esfuerzo, de su trabajo o de su n\u00f3mina. La desigualdad se hereda. La fiscalidad, los impuestos, hoy por hoy benefician m\u00e1s a quienes m\u00e1s tienen. Tributa menos una s\u00faper gran empresa que la mayor\u00eda de peque\u00f1os y medianos negocios. Se les permite practicar la ingenier\u00eda fiscal para esquivar, deducir o eludir impuestos. Se les rebaja impuestos a las donaciones y las herencias. Para la igualdad, pues, es imprescindible una reforma fiscal que garantice progresividad. Esto lo entiende cualquiera: que quien no tiene no ponga o ponga poco y quien m\u00e1s tiene aporte m\u00e1s.<\/p>\n<p style=\"text-align: justify;\">\nLa segunda propuesta de Ruiz est\u00e1 en el \u00e1mbito del trabajo y pasa por acabar con la temporalidad y subir salarios, coberturas por desempleo o pol\u00edticas activas para encontrar empleos dignos.<\/p>\n<p style=\"text-align: justify;\">\nY la tercera es obvia: un pacto educativo que asegure educaci\u00f3n p\u00fablica de calidad para todas las personas, con m\u00e1s becas para que todas las personas puedan acceder a la formaci\u00f3n que deseen.<\/p>\n<p style=\"text-align: justify;\">\nJunto a estas tres grandes reformas, Ruiz pide sentido com\u00fan, debate de ideas y pactos por el entendimiento. La pol\u00edtica importa. Y para una fecunda \u00e1gora democr\u00e1tica necesitamos que cada quien conozca cu\u00e1les son sus intereses. Por eso este libro es \u00fatil. Porque el debate p\u00fablico est\u00e1 lleno de mentiras orquestadas, \u201cfake news\u201d, bulos tremendos que desvirt\u00faan la realidad para responder a intereses de las \u00e9lites. As\u00ed, Ruiz, a trav\u00e9s de la met\u00e1fora de un edificio de varios pisos (las clases sociales), explica el boom inmobiliario, las diferencias entre las 2 Espa\u00f1as (que no son tanto ideol\u00f3gicas como econ\u00f3micas), la importancia de subir el SMI, las malas pr\u00e1cticas de los bancos o el impacto de distintos impuestos.<\/p>\n<p style=\"text-align: justify;\">\n\u201cEdificio Espa\u00f1a\u201d es el Premio Espasa 2022, un libro de algo m\u00e1s de 300 p\u00e1ginas, que os recomiendo.<\/p>","protected":false},"excerpt":{"rendered":"<p>Muchas personas conoc\u00e9is a Javier Ruiz porque le escuch\u00e1is como jefe de econom\u00eda en la Cadena SER o en alguna [&hellip;]<\/p>\n","protected":false},"author":1,"featured_media":1460,"comment_status":"open","ping_status":"closed","sticky":false,"template":"","format":"standard","meta":{"site-sidebar-layout":"default","site-content-layout":"","ast-site-content-layout":"default","site-content-style":"default","site-sidebar-style":"default","ast-global-header-display":"","ast-banner-title-visibility":"","ast-main-header-display":"","ast-hfb-above-header-display":"","ast-hfb-below-header-display":"","ast-hfb-mobile-header-display":"","site-post-title":"","ast-breadcrumbs-content":"","ast-featured-img":"","footer-sml-layout":"","ast-disable-related-posts":"","theme-transparent-header-meta":"","adv-header-id-meta":"","stick-header-meta":"","header-above-stick-meta":"","header-main-stick-meta":"","header-below-stick-meta":"","astra-migrate-meta-layouts":"default","ast-page-background-enabled":"default","ast-page-background-meta":{"desktop":{"background-color":"","background-image":"","background-repeat":"repeat","background-position":"center center","background-size":"auto","background-attachment":"scroll","background-type":"","background-media":"","overlay-type":"","overlay-color":"","overlay-opacity":"","overlay-gradient":""},"tablet":{"background-color":"","background-image":"","background-repeat":"repeat","background-position":"center center","background-size":"auto","background-attachment":"scroll","background-type":"","background-media":"","overlay-type":"","overlay-color":"","overlay-opacity":"","overlay-gradient":""},"mobile":{"background-color":"","background-image":"","background-repeat":"repeat","background-position":"center center","background-size":"auto","background-attachment":"scroll","background-type":"","background-media":"","overlay-type":"","overlay-color":"","overlay-opacity":"","overlay-gradient":""}},"ast-content-background-meta":{"desktop":{"background-color":"var(--ast-global-color-5)","background-image":"","background-repeat":"repeat","background-position":"center center","background-size":"auto","background-attachment":"scroll","background-type":"","background-media":"","overlay-type":"","overlay-color":"","overlay-opacity":"","overlay-gradient":""},"tablet":{"background-color":"var(--ast-global-color-5)","background-image":"","background-repeat":"repeat","background-position":"center center","background-size":"auto","background-attachment":"scroll","background-type":"","background-media":"","overlay-type":"","overlay-color":"","overlay-opacity":"","overlay-gradient":""},"mobile":{"background-color":"var(--ast-global-color-5)","background-image":"","background-repeat":"repeat","background-position":"center center","background-size":"auto","background-attachment":"scroll","background-type":"","background-media":"","overlay-type":"","overlay-color":"","overlay-opacity":"","overlay-gradient":""}},"_joinchat":[],"footnotes":""},"categories":[26],"tags":[93,43,30,185,129,374,46,551,133,37],"class_list":["post-1459","post","type-post","status-publish","format-standard","has-post-thumbnail","hentry","category-cultivando","tag-desigualdad","tag-economia","tag-educacion","tag-ensayo","tag-espana","tag-igualdad","tag-impuestos","tag-justicia","tag-libro","tag-trabajo"],"_links":{"self":[{"href":"https:\/\/nachoescartin.es\/an\/wp-json\/wp\/v2\/posts\/1459","targetHints":{"allow":["GET"]}}],"collection":[{"href":"https:\/\/nachoescartin.es\/an\/wp-json\/wp\/v2\/posts"}],"about":[{"href":"https:\/\/nachoescartin.es\/an\/wp-json\/wp\/v2\/types\/post"}],"author":[{"embeddable":true,"href":"https:\/\/nachoescartin.es\/an\/wp-json\/wp\/v2\/users\/1"}],"replies":[{"embeddable":true,"href":"https:\/\/nachoescartin.es\/an\/wp-json\/wp\/v2\/comments?post=1459"}],"version-history":[{"count":0,"href":"https:\/\/nachoescartin.es\/an\/wp-json\/wp\/v2\/posts\/1459\/revisions"}],"wp:featuredmedia":[{"embeddable":true,"href":"https:\/\/nachoescartin.es\/an\/wp-json\/wp\/v2\/media\/1460"}],"wp:attachment":[{"href":"https:\/\/nachoescartin.es\/an\/wp-json\/wp\/v2\/media?parent=1459"}],"wp:term":[{"taxonomy":"category","embeddable":true,"href":"https:\/\/nachoescartin.es\/an\/wp-json\/wp\/v2\/categories?post=1459"},{"taxonomy":"post_tag","embeddable":true,"href":"https:\/\/nachoescartin.es\/an\/wp-json\/wp\/v2\/tags?post=1459"}],"curies":[{"name":"wp","href":"https:\/\/api.w.org\/{rel}","templated":true}]}}