{"id":1452,"date":"2023-03-18T11:57:36","date_gmt":"2023-03-18T11:57:36","guid":{"rendered":"https:\/\/nachoescartin.es\/?p=1452"},"modified":"2023-03-18T11:57:36","modified_gmt":"2023-03-18T11:57:36","slug":"malestamos-de-javier-padilla-y-marta-carmona","status":"publish","type":"post","link":"https:\/\/nachoescartin.es\/an\/malestamos-de-javier-padilla-y-marta-carmona\/","title":{"rendered":"\u201cMalestamos\u201d de Javier Padilla y Marta Carmona"},"content":{"rendered":"<p style=\"text-align: justify;\">\u00abMI vida es un malestar concentrado, difundido entre todos nosotros por crisis familiar, violencia, falta de trabajo y una ausencia total de dios\u00bb (Kurt Cobain).<\/p>\n<p style=\"text-align: justify;\">El sufrimiento ps\u00edquico forma parte de nuestra vida. Los problemas de salud mental, la desesperanza, la falta de expectativas en el futuro, el cansancio o el estr\u00e9s son malestares comunes que debemos afrontar desde una perspectiva comunitaria y colectiva.<\/p>\n<p style=\"text-align: justify;\">\nEn apenas 100 p\u00e1ginas, editadas por Capit\u00e1n Swing, el m\u00e9dico salubrista Javier Padilla y la psiquiatra Marta Carmona comparten un an\u00e1lisis certero sobre nuestros malestares, individuales y sociales, y las maneras que tenemos de mejorar la salud p\u00fablica en nuestra sociedad.<\/p>\n<p style=\"text-align: justify;\">\n\u201cEstamos mal porque sufrimos, pero fundamentalmente porque queremos estar mejor. Y no lo estaremos hasta que el \u00faltimo no est\u00e9 mejor y haya dejado de haber primeros y \u00faltimos\u201d.<\/p>\n<p style=\"text-align: justify;\">\nSin negar la importancia de autocuidados, h\u00e1bitos personales y asistencia a terapias, la principal aportaci\u00f3n es la visi\u00f3n y propuestas para conseguir una vida mejor para todas las personas. As\u00ed, la eliminaci\u00f3n de la divisi\u00f3n sexual del trabajo y la redistribuci\u00f3n de los cuidados, el arraigo o las infraestructuras sociales que favorecen las relaciones comunitarias, son elementos clave hacia unas vidas menos \u201cmalestadas\u201d, con igualdad y cohesi\u00f3n social.<\/p>\n<p style=\"text-align: justify;\">\n\u201cHablar de la superaci\u00f3n del malestar supone hablar de pol\u00edticas de conciliaci\u00f3n, de redefinici\u00f3n de los roles de cuidado, de la transformaci\u00f3n de los h\u00e1bitos de consumo y vida en la masculinidad actualmente hegem\u00f3nica, de no tener que pensar todo el rato en la necesidad de trabajar para poder vivir\u201d.<\/p>\n<p style=\"text-align: justify;\">\nFrente al individualismo y la desesperaci\u00f3n, este libro ofrece esperanza en la politizaci\u00f3n de los malestares y un abordaje con identidad colectiva. Es decir, no fustigarnos tanto con los dolores e implicarnos m\u00e1s en los fracasos del sistema.<\/p>","protected":false},"excerpt":{"rendered":"<p>\u00abMI vida es un malestar concentrado, difundido entre todos nosotros por crisis familiar, violencia, falta de trabajo y una ausencia [&hellip;]<\/p>\n","protected":false},"author":1,"featured_media":1453,"comment_status":"open","ping_status":"closed","sticky":false,"template":"","format":"standard","meta":{"site-sidebar-layout":"default","site-content-layout":"","ast-site-content-layout":"default","site-content-style":"default","site-sidebar-style":"default","ast-global-header-display":"","ast-banner-title-visibility":"","ast-main-header-display":"","ast-hfb-above-header-display":"","ast-hfb-below-header-display":"","ast-hfb-mobile-header-display":"","site-post-title":"","ast-breadcrumbs-content":"","ast-featured-img":"","footer-sml-layout":"","ast-disable-related-posts":"","theme-transparent-header-meta":"","adv-header-id-meta":"","stick-header-meta":"","header-above-stick-meta":"","header-main-stick-meta":"","header-below-stick-meta":"","astra-migrate-meta-layouts":"default","ast-page-background-enabled":"default","ast-page-background-meta":{"desktop":{"background-color":"","background-image":"","background-repeat":"repeat","background-position":"center center","background-size":"auto","background-attachment":"scroll","background-type":"","background-media":"","overlay-type":"","overlay-color":"","overlay-opacity":"","overlay-gradient":""},"tablet":{"background-color":"","background-image":"","background-repeat":"repeat","background-position":"center center","background-size":"auto","background-attachment":"scroll","background-type":"","background-media":"","overlay-type":"","overlay-color":"","overlay-opacity":"","overlay-gradient":""},"mobile":{"background-color":"","background-image":"","background-repeat":"repeat","background-position":"center center","background-size":"auto","background-attachment":"scroll","background-type":"","background-media":"","overlay-type":"","overlay-color":"","overlay-opacity":"","overlay-gradient":""}},"ast-content-background-meta":{"desktop":{"background-color":"var(--ast-global-color-5)","background-image":"","background-repeat":"repeat","background-position":"center center","background-size":"auto","background-attachment":"scroll","background-type":"","background-media":"","overlay-type":"","overlay-color":"","overlay-opacity":"","overlay-gradient":""},"tablet":{"background-color":"var(--ast-global-color-5)","background-image":"","background-repeat":"repeat","background-position":"center center","background-size":"auto","background-attachment":"scroll","background-type":"","background-media":"","overlay-type":"","overlay-color":"","overlay-opacity":"","overlay-gradient":""},"mobile":{"background-color":"var(--ast-global-color-5)","background-image":"","background-repeat":"repeat","background-position":"center center","background-size":"auto","background-attachment":"scroll","background-type":"","background-media":"","overlay-type":"","overlay-color":"","overlay-opacity":"","overlay-gradient":""}},"_joinchat":[],"footnotes":""},"categories":[26],"tags":[185,374,494,133,687,324,688,135,468],"class_list":["post-1452","post","type-post","status-publish","format-standard","has-post-thumbnail","hentry","category-cultivando","tag-ensayo","tag-igualdad","tag-justicia-social","tag-libro","tag-malestares","tag-medicina","tag-salubrismo","tag-salud","tag-salud-mental"],"_links":{"self":[{"href":"https:\/\/nachoescartin.es\/an\/wp-json\/wp\/v2\/posts\/1452","targetHints":{"allow":["GET"]}}],"collection":[{"href":"https:\/\/nachoescartin.es\/an\/wp-json\/wp\/v2\/posts"}],"about":[{"href":"https:\/\/nachoescartin.es\/an\/wp-json\/wp\/v2\/types\/post"}],"author":[{"embeddable":true,"href":"https:\/\/nachoescartin.es\/an\/wp-json\/wp\/v2\/users\/1"}],"replies":[{"embeddable":true,"href":"https:\/\/nachoescartin.es\/an\/wp-json\/wp\/v2\/comments?post=1452"}],"version-history":[{"count":0,"href":"https:\/\/nachoescartin.es\/an\/wp-json\/wp\/v2\/posts\/1452\/revisions"}],"wp:featuredmedia":[{"embeddable":true,"href":"https:\/\/nachoescartin.es\/an\/wp-json\/wp\/v2\/media\/1453"}],"wp:attachment":[{"href":"https:\/\/nachoescartin.es\/an\/wp-json\/wp\/v2\/media?parent=1452"}],"wp:term":[{"taxonomy":"category","embeddable":true,"href":"https:\/\/nachoescartin.es\/an\/wp-json\/wp\/v2\/categories?post=1452"},{"taxonomy":"post_tag","embeddable":true,"href":"https:\/\/nachoescartin.es\/an\/wp-json\/wp\/v2\/tags?post=1452"}],"curies":[{"name":"wp","href":"https:\/\/api.w.org\/{rel}","templated":true}]}}