{"id":1443,"date":"2023-02-25T09:48:14","date_gmt":"2023-02-25T09:48:14","guid":{"rendered":"https:\/\/nachoescartin.es\/?p=1443"},"modified":"2023-02-25T09:48:14","modified_gmt":"2023-02-25T09:48:14","slug":"de-bestias-y-aves-de-pilar-adon","status":"publish","type":"post","link":"https:\/\/nachoescartin.es\/an\/de-bestias-y-aves-de-pilar-adon\/","title":{"rendered":"\u201cDe bestias y aves\u201d de Pilar Ad\u00f3n"},"content":{"rendered":"<p style=\"text-align: justify;\">\u201cSoy universal. Soy absoluta. Soy compasiva\u201d.<\/p>\n<p style=\"text-align: justify;\">\u201cDe bestias y aves\u201d es un libro inquietante. Comienza con una huida, sin m\u00f3vil, sin rumbo, sin gasolina. Un camino se estrecha y acaba en una verja. La verja se abre y da paso a un mundo on\u00edrico, extra\u00f1o, en el que un grupo de mujeres vive en una realidad ordenada a su manera, rodeadas de naturaleza y de ritos propios. La primera tentaci\u00f3n es salir de ah\u00ed, escapar, buscar una rendija por la que volver al mundo cotidiano. Pero ese microcosmos magnetiza y esconde un descubrimiento acuoso que conectar\u00e1 con lo m\u00e1s profundo de la protagonista.<\/p>\n<p style=\"text-align: justify;\">\u201c\u00bfPor qu\u00e9 esa sumisi\u00f3n si lo que quer\u00eda era justo lo contrario?\u201d<\/p>\n<p style=\"text-align: justify;\">Hasta ah\u00ed voy a contar del libro, porque no quiero destriparos nada. Pilar Ad\u00f3n va adentr\u00e1ndonos en una suerte de realismo m\u00e1gico (de irrealidad) que da pie a diversas lecturas. He le\u00eddo bastantes p\u00e1ginas del libro en voz alta, con mi compa\u00f1era y mi hija, y as\u00ed es. Las interpretaciones son variadas: hay algo terror\u00edfico en la historia, pero tambi\u00e9n ense\u00f1anzas parecidas al yoga, al carpe diem, a la conexi\u00f3n con algo que nos une, a la b\u00fasqueda de tu lugar (placentero) en el mundo. Encontramos tambi\u00e9n paralelismos con las brujas de todas las \u00e9pocas, sabias de plantas y curiosas de costumbres. Naturaleza y hogar.<\/p>\n<p style=\"text-align: justify;\">\u201cPara m\u00ed este sitio no representa lo mismo que para usted. Un lugar no es id\u00e9ntico para dos personas, aunque las dos acaben de llegar o aunque las dos lleven toda la vida en \u00e9l\u201d.<\/p>\n<p style=\"text-align: justify;\">El libro, editado por Galaxia Gutenberg, es el ganador del premio \u201cOtra mirada\u201d de la Librer\u00eda C\u00e1lamo. Desde luego, es una historia curiosa, que a ratos desasosiega y a ratos muestra la vulnerabilidad de todas las vidas.<\/p>\n<p style=\"text-align: justify;\">\u201cAlgunas realidades deb\u00edan aceptarse sin m\u00e1s\u201d.<\/p>","protected":false},"excerpt":{"rendered":"<p>\u201cSoy universal. Soy absoluta. Soy compasiva\u201d. \u201cDe bestias y aves\u201d es un libro inquietante. Comienza con una huida, sin m\u00f3vil, [&hellip;]<\/p>\n","protected":false},"author":1,"featured_media":1444,"comment_status":"open","ping_status":"closed","sticky":false,"template":"","format":"standard","meta":{"site-sidebar-layout":"default","site-content-layout":"","ast-site-content-layout":"default","site-content-style":"default","site-sidebar-style":"default","ast-global-header-display":"","ast-banner-title-visibility":"","ast-main-header-display":"","ast-hfb-above-header-display":"","ast-hfb-below-header-display":"","ast-hfb-mobile-header-display":"","site-post-title":"","ast-breadcrumbs-content":"","ast-featured-img":"","footer-sml-layout":"","ast-disable-related-posts":"","theme-transparent-header-meta":"","adv-header-id-meta":"","stick-header-meta":"","header-above-stick-meta":"","header-main-stick-meta":"","header-below-stick-meta":"","astra-migrate-meta-layouts":"default","ast-page-background-enabled":"default","ast-page-background-meta":{"desktop":{"background-color":"","background-image":"","background-repeat":"repeat","background-position":"center center","background-size":"auto","background-attachment":"scroll","background-type":"","background-media":"","overlay-type":"","overlay-color":"","overlay-opacity":"","overlay-gradient":""},"tablet":{"background-color":"","background-image":"","background-repeat":"repeat","background-position":"center center","background-size":"auto","background-attachment":"scroll","background-type":"","background-media":"","overlay-type":"","overlay-color":"","overlay-opacity":"","overlay-gradient":""},"mobile":{"background-color":"","background-image":"","background-repeat":"repeat","background-position":"center center","background-size":"auto","background-attachment":"scroll","background-type":"","background-media":"","overlay-type":"","overlay-color":"","overlay-opacity":"","overlay-gradient":""}},"ast-content-background-meta":{"desktop":{"background-color":"var(--ast-global-color-5)","background-image":"","background-repeat":"repeat","background-position":"center center","background-size":"auto","background-attachment":"scroll","background-type":"","background-media":"","overlay-type":"","overlay-color":"","overlay-opacity":"","overlay-gradient":""},"tablet":{"background-color":"var(--ast-global-color-5)","background-image":"","background-repeat":"repeat","background-position":"center center","background-size":"auto","background-attachment":"scroll","background-type":"","background-media":"","overlay-type":"","overlay-color":"","overlay-opacity":"","overlay-gradient":""},"mobile":{"background-color":"var(--ast-global-color-5)","background-image":"","background-repeat":"repeat","background-position":"center center","background-size":"auto","background-attachment":"scroll","background-type":"","background-media":"","overlay-type":"","overlay-color":"","overlay-opacity":"","overlay-gradient":""}},"_joinchat":[],"footnotes":""},"categories":[26],"tags":[683,684,133,163,264,125,682],"class_list":["post-1443","post","type-post","status-publish","format-standard","has-post-thumbnail","hentry","category-cultivando","tag-hogar","tag-huida","tag-libro","tag-mujeres","tag-naturaleza","tag-novela","tag-premio-calamo"],"_links":{"self":[{"href":"https:\/\/nachoescartin.es\/an\/wp-json\/wp\/v2\/posts\/1443","targetHints":{"allow":["GET"]}}],"collection":[{"href":"https:\/\/nachoescartin.es\/an\/wp-json\/wp\/v2\/posts"}],"about":[{"href":"https:\/\/nachoescartin.es\/an\/wp-json\/wp\/v2\/types\/post"}],"author":[{"embeddable":true,"href":"https:\/\/nachoescartin.es\/an\/wp-json\/wp\/v2\/users\/1"}],"replies":[{"embeddable":true,"href":"https:\/\/nachoescartin.es\/an\/wp-json\/wp\/v2\/comments?post=1443"}],"version-history":[{"count":0,"href":"https:\/\/nachoescartin.es\/an\/wp-json\/wp\/v2\/posts\/1443\/revisions"}],"wp:featuredmedia":[{"embeddable":true,"href":"https:\/\/nachoescartin.es\/an\/wp-json\/wp\/v2\/media\/1444"}],"wp:attachment":[{"href":"https:\/\/nachoescartin.es\/an\/wp-json\/wp\/v2\/media?parent=1443"}],"wp:term":[{"taxonomy":"category","embeddable":true,"href":"https:\/\/nachoescartin.es\/an\/wp-json\/wp\/v2\/categories?post=1443"},{"taxonomy":"post_tag","embeddable":true,"href":"https:\/\/nachoescartin.es\/an\/wp-json\/wp\/v2\/tags?post=1443"}],"curies":[{"name":"wp","href":"https:\/\/api.w.org\/{rel}","templated":true}]}}