{"id":1432,"date":"2023-01-14T20:48:46","date_gmt":"2023-01-14T20:48:46","guid":{"rendered":"https:\/\/nachoescartin.es\/?p=1432"},"modified":"2023-01-14T20:48:46","modified_gmt":"2023-01-14T20:48:46","slug":"14-de-abril-de-paco-cerda","status":"publish","type":"post","link":"https:\/\/nachoescartin.es\/an\/14-de-abril-de-paco-cerda\/","title":{"rendered":"\u201c14 de abril \u201c de Paco Cerd\u00e0"},"content":{"rendered":"<p style=\"text-align: justify;\">He le\u00eddo el libro de una sentada. Y eso es buena se\u00f1al. Me ha gustado m\u00e1s y m\u00e1s conforme avanzaba sus p\u00e1ginas. Paco Cerd\u00e0, como hizo en \u201c<strong><a href=\"https:\/\/nachoescartin.es\/an\/el-peon-de-paco-cerda\/\">El Pe\u00f3n<\/a><\/strong>\u201d, lo ha vuelto a hacer: las cr\u00f3nicas personales de las personas que protagonizaron ese 14 de abril de 1931, con una narrativa apasionada, de frases cortas y \u00e1giles.<\/p>\n<p style=\"text-align: justify;\">\nLo m\u00e1s destacado del libro, editado por Libros del Asteroide (y ganador de su II Premio de No Ficci\u00f3n) es que todas las historias son reales, est\u00e1n documentadas y el autor cita al final las numerosas fuentes consultadas, de libros, peri\u00f3dicos, archivos y documentales. En algunos casos, los personajes son conocidos: la huida del rey Alfonso XIII y las vivencias ese d\u00eda de Unamuno, Carrillo, Fleta, Margarita Xirg\u00fa o Josep Pla, por citar algunos ejemplos. Menci\u00f3n aparte para la funci\u00f3n de Francisco Franco como general director de la Academia Militar de Zaragoza. Tendr\u00e9is que leer el libro para conocer detalles.<\/p>\n<p style=\"text-align: justify;\">\nPero las m\u00e1s que aparecen en el libro son peones, personas an\u00f3nimas, trabajadores que participaron en los acontecimientos y en algunos casos encontraron la muerte, sin pretenderla, y pagaron el precio de la Historia. Fruto de casualidades, aunque luego se vendieran como m\u00e1rtires. Met\u00e1fora que Paco Cerd\u00e0 recoge como ese flautista de Hamel\u00edn que (bajo la tricolor en este caso) arenga a las masas republicanas, \u00e1vidas de cambios y hartas de desigualdades y miserias. Esas personas son las verdaderas protagonistas del libro: un telegrafista, una pescadera, un militar, un encuadernador.<\/p>\n<p style=\"text-align: justify;\">\nOs recomiendo el libro, que nos acerca a las cotidianeidades, la buena o mala suerte, los sentimientos, las esperanzas colectivas, de muchas personas que (con min\u00fasculas) escribieron con sus historias nuestra Historia.<\/p>\n<p>&nbsp;<\/p>","protected":false},"excerpt":{"rendered":"<p>He le\u00eddo el libro de una sentada. Y eso es buena se\u00f1al. Me ha gustado m\u00e1s y m\u00e1s conforme avanzaba [&hellip;]<\/p>\n","protected":false},"author":1,"featured_media":1433,"comment_status":"open","ping_status":"closed","sticky":false,"template":"","format":"standard","meta":{"site-sidebar-layout":"default","site-content-layout":"","ast-site-content-layout":"default","site-content-style":"default","site-sidebar-style":"default","ast-global-header-display":"","ast-banner-title-visibility":"","ast-main-header-display":"","ast-hfb-above-header-display":"","ast-hfb-below-header-display":"","ast-hfb-mobile-header-display":"","site-post-title":"","ast-breadcrumbs-content":"","ast-featured-img":"","footer-sml-layout":"","ast-disable-related-posts":"","theme-transparent-header-meta":"","adv-header-id-meta":"","stick-header-meta":"","header-above-stick-meta":"","header-main-stick-meta":"","header-below-stick-meta":"","astra-migrate-meta-layouts":"default","ast-page-background-enabled":"default","ast-page-background-meta":{"desktop":{"background-color":"","background-image":"","background-repeat":"repeat","background-position":"center center","background-size":"auto","background-attachment":"scroll","background-type":"","background-media":"","overlay-type":"","overlay-color":"","overlay-opacity":"","overlay-gradient":""},"tablet":{"background-color":"","background-image":"","background-repeat":"repeat","background-position":"center center","background-size":"auto","background-attachment":"scroll","background-type":"","background-media":"","overlay-type":"","overlay-color":"","overlay-opacity":"","overlay-gradient":""},"mobile":{"background-color":"","background-image":"","background-repeat":"repeat","background-position":"center center","background-size":"auto","background-attachment":"scroll","background-type":"","background-media":"","overlay-type":"","overlay-color":"","overlay-opacity":"","overlay-gradient":""}},"ast-content-background-meta":{"desktop":{"background-color":"var(--ast-global-color-5)","background-image":"","background-repeat":"repeat","background-position":"center center","background-size":"auto","background-attachment":"scroll","background-type":"","background-media":"","overlay-type":"","overlay-color":"","overlay-opacity":"","overlay-gradient":""},"tablet":{"background-color":"var(--ast-global-color-5)","background-image":"","background-repeat":"repeat","background-position":"center center","background-size":"auto","background-attachment":"scroll","background-type":"","background-media":"","overlay-type":"","overlay-color":"","overlay-opacity":"","overlay-gradient":""},"mobile":{"background-color":"var(--ast-global-color-5)","background-image":"","background-repeat":"repeat","background-position":"center center","background-size":"auto","background-attachment":"scroll","background-type":"","background-media":"","overlay-type":"","overlay-color":"","overlay-opacity":"","overlay-gradient":""}},"_joinchat":[],"footnotes":""},"categories":[26],"tags":[441,453,182,154,130,133,679,259,366,261],"class_list":["post-1432","post","type-post","status-publish","format-standard","has-post-thumbnail","hentry","category-cultivando","tag-asesinato","tag-cambio","tag-democracia","tag-franco","tag-historia","tag-libro","tag-monarquia","tag-muerte","tag-pueblo","tag-republica"],"_links":{"self":[{"href":"https:\/\/nachoescartin.es\/an\/wp-json\/wp\/v2\/posts\/1432","targetHints":{"allow":["GET"]}}],"collection":[{"href":"https:\/\/nachoescartin.es\/an\/wp-json\/wp\/v2\/posts"}],"about":[{"href":"https:\/\/nachoescartin.es\/an\/wp-json\/wp\/v2\/types\/post"}],"author":[{"embeddable":true,"href":"https:\/\/nachoescartin.es\/an\/wp-json\/wp\/v2\/users\/1"}],"replies":[{"embeddable":true,"href":"https:\/\/nachoescartin.es\/an\/wp-json\/wp\/v2\/comments?post=1432"}],"version-history":[{"count":0,"href":"https:\/\/nachoescartin.es\/an\/wp-json\/wp\/v2\/posts\/1432\/revisions"}],"wp:featuredmedia":[{"embeddable":true,"href":"https:\/\/nachoescartin.es\/an\/wp-json\/wp\/v2\/media\/1433"}],"wp:attachment":[{"href":"https:\/\/nachoescartin.es\/an\/wp-json\/wp\/v2\/media?parent=1432"}],"wp:term":[{"taxonomy":"category","embeddable":true,"href":"https:\/\/nachoescartin.es\/an\/wp-json\/wp\/v2\/categories?post=1432"},{"taxonomy":"post_tag","embeddable":true,"href":"https:\/\/nachoescartin.es\/an\/wp-json\/wp\/v2\/tags?post=1432"}],"curies":[{"name":"wp","href":"https:\/\/api.w.org\/{rel}","templated":true}]}}