{"id":1422,"date":"2022-12-28T06:43:07","date_gmt":"2022-12-28T06:43:07","guid":{"rendered":"https:\/\/nachoescartin.es\/?p=1422"},"modified":"2022-12-28T06:43:07","modified_gmt":"2022-12-28T06:43:07","slug":"voy-a-trabajar-de-animador-del-basket-zaragoza","status":"publish","type":"post","link":"https:\/\/nachoescartin.es\/an\/voy-a-trabajar-de-animador-del-basket-zaragoza\/","title":{"rendered":"\u00a1Voy a trabajar de animador del Basket Zaragoza!"},"content":{"rendered":"<p style=\"text-align: justify;\">Ahora que ya me dejan contarlo, os anuncio que&#8230; \u00a1Voy a trabajar de animador del Basket Zaragoza!<\/p>\n<p style=\"text-align: justify;\">Todo empez\u00f3 hace unos meses un poco por casualidad. Coincidimos en un evento los m\u00fasicos de Ixo Rai! y La Ronda de Bolta\u00f1a, el rapero KaseO, mi comentarista de baloncesto favorito Antoni Daimiel, y servidor, con Reynaldo Benito, presidente del Casademont Zaragoza. Medio en broma medio en serio, cerveza va, cerveza viene, nos propuso que escribi\u00e9ramos el nuevo himno del club.<\/p>\n<p style=\"text-align: justify;\">En apenas unos d\u00edas ya ten\u00edamos \u00abNunca reblar\u00bb, la nueva canci\u00f3n que acompa\u00f1ar\u00e1 al Basket Zaragoza en todos sus partidos (masculino, femenino y categor\u00edas inferiores). Pero la cosa no qued\u00f3 ah\u00ed. El d\u00eda de mi cumplea\u00f1os me llam\u00f3 para proponerme que coja el micr\u00f3fono y anime los tiempos muertos y descansos de los partidos<\/p>\n<p style=\"text-align: justify;\">La idea que llevan es montar m\u00e1s jolgorio en el pabell\u00f3n, que la afici\u00f3n viva la fiesta del baloncesto con m\u00e1s espect\u00e1culo. As\u00ed que llevo unos d\u00edas practicando a tope algunos bailes con la mascota Link y cheerleaders del equipo y viendo v\u00eddeos de animaciones en la NBA y Globetrotters, que es a lo que vamos. Si se os ocurre alguna idea, no tard\u00e9is en decirme. \u00a1Ah! y ni que decir tiene que habr\u00e1 concursos de mates y triples, que para eso soy jugador de Escolarios, actuales l\u00edderes invictos en la Tercera Aragonesa (\u00a1dicho sea de paso!).<\/p>\n<p style=\"text-align: justify;\">Mi estreno (por confirmar) ser\u00e1 en febrero en la Copa del Rey. <a href=\"https:\/\/zaragozabuenasnoticias.com\/wp-content\/uploads\/2015\/12\/mu%C3%B1eco-inocente-2-e1451165397637.jpg\" target=\"_blank\" rel=\"noopener\">Os dejo con m\u00e1s detalles aqu\u00ed.<\/a><\/p>","protected":false},"excerpt":{"rendered":"<p>Ahora que ya me dejan contarlo, os anuncio que&#8230; \u00a1Voy a trabajar de animador del Basket Zaragoza! Todo empez\u00f3 hace [&hellip;]<\/p>\n","protected":false},"author":1,"featured_media":1423,"comment_status":"open","ping_status":"closed","sticky":false,"template":"","format":"standard","meta":{"site-sidebar-layout":"default","site-content-layout":"","ast-site-content-layout":"default","site-content-style":"default","site-sidebar-style":"default","ast-global-header-display":"","ast-banner-title-visibility":"","ast-main-header-display":"","ast-hfb-above-header-display":"","ast-hfb-below-header-display":"","ast-hfb-mobile-header-display":"","site-post-title":"","ast-breadcrumbs-content":"","ast-featured-img":"","footer-sml-layout":"","ast-disable-related-posts":"","theme-transparent-header-meta":"","adv-header-id-meta":"","stick-header-meta":"","header-above-stick-meta":"","header-main-stick-meta":"","header-below-stick-meta":"","astra-migrate-meta-layouts":"default","ast-page-background-enabled":"default","ast-page-background-meta":{"desktop":{"background-color":"","background-image":"","background-repeat":"repeat","background-position":"center center","background-size":"auto","background-attachment":"scroll","background-type":"","background-media":"","overlay-type":"","overlay-color":"","overlay-opacity":"","overlay-gradient":""},"tablet":{"background-color":"","background-image":"","background-repeat":"repeat","background-position":"center center","background-size":"auto","background-attachment":"scroll","background-type":"","background-media":"","overlay-type":"","overlay-color":"","overlay-opacity":"","overlay-gradient":""},"mobile":{"background-color":"","background-image":"","background-repeat":"repeat","background-position":"center center","background-size":"auto","background-attachment":"scroll","background-type":"","background-media":"","overlay-type":"","overlay-color":"","overlay-opacity":"","overlay-gradient":""}},"ast-content-background-meta":{"desktop":{"background-color":"var(--ast-global-color-5)","background-image":"","background-repeat":"repeat","background-position":"center center","background-size":"auto","background-attachment":"scroll","background-type":"","background-media":"","overlay-type":"","overlay-color":"","overlay-opacity":"","overlay-gradient":""},"tablet":{"background-color":"var(--ast-global-color-5)","background-image":"","background-repeat":"repeat","background-position":"center center","background-size":"auto","background-attachment":"scroll","background-type":"","background-media":"","overlay-type":"","overlay-color":"","overlay-opacity":"","overlay-gradient":""},"mobile":{"background-color":"var(--ast-global-color-5)","background-image":"","background-repeat":"repeat","background-position":"center center","background-size":"auto","background-attachment":"scroll","background-type":"","background-media":"","overlay-type":"","overlay-color":"","overlay-opacity":"","overlay-gradient":""}},"_joinchat":[],"footnotes":""},"categories":[25],"tags":[667,668,306,669,670,671,672,673,88,674,675,196,89],"class_list":["post-1422","post","type-post","status-publish","format-standard","has-post-thumbnail","hentry","category-enredando","tag-acb","tag-animador","tag-baloncesto","tag-basket","tag-basket-zaragoza","tag-casademont-zaragoza","tag-cheerleaders","tag-globetrotters","tag-humor","tag-i-love-this-game","tag-nba","tag-noticia","tag-risas"],"_links":{"self":[{"href":"https:\/\/nachoescartin.es\/an\/wp-json\/wp\/v2\/posts\/1422","targetHints":{"allow":["GET"]}}],"collection":[{"href":"https:\/\/nachoescartin.es\/an\/wp-json\/wp\/v2\/posts"}],"about":[{"href":"https:\/\/nachoescartin.es\/an\/wp-json\/wp\/v2\/types\/post"}],"author":[{"embeddable":true,"href":"https:\/\/nachoescartin.es\/an\/wp-json\/wp\/v2\/users\/1"}],"replies":[{"embeddable":true,"href":"https:\/\/nachoescartin.es\/an\/wp-json\/wp\/v2\/comments?post=1422"}],"version-history":[{"count":0,"href":"https:\/\/nachoescartin.es\/an\/wp-json\/wp\/v2\/posts\/1422\/revisions"}],"wp:featuredmedia":[{"embeddable":true,"href":"https:\/\/nachoescartin.es\/an\/wp-json\/wp\/v2\/media\/1423"}],"wp:attachment":[{"href":"https:\/\/nachoescartin.es\/an\/wp-json\/wp\/v2\/media?parent=1422"}],"wp:term":[{"taxonomy":"category","embeddable":true,"href":"https:\/\/nachoescartin.es\/an\/wp-json\/wp\/v2\/categories?post=1422"},{"taxonomy":"post_tag","embeddable":true,"href":"https:\/\/nachoescartin.es\/an\/wp-json\/wp\/v2\/tags?post=1422"}],"curies":[{"name":"wp","href":"https:\/\/api.w.org\/{rel}","templated":true}]}}