{"id":1412,"date":"2022-10-13T14:30:28","date_gmt":"2022-10-13T14:30:28","guid":{"rendered":"https:\/\/nachoescartin.es\/?p=1412"},"modified":"2022-10-13T14:30:28","modified_gmt":"2022-10-13T14:30:28","slug":"yo-vieja-de-anna-freixas","status":"publish","type":"post","link":"https:\/\/nachoescartin.es\/an\/yo-vieja-de-anna-freixas\/","title":{"rendered":"\u201cYo, vieja\u201d de Anna Freixas"},"content":{"rendered":"<p style=\"text-align: justify;\">Cuando compr\u00e9 este libro, editado por Capit\u00e1n Swing, primero se lo ley\u00f3 mi madre. Y le gust\u00f3. Ya hab\u00eda le\u00eddo a Anna Freixas y la conoc\u00eda de charlas.<\/p>\n<p style=\"text-align: justify;\">\nEstos \u201capuntes de supervivencia para seres libres\u201d es un ejercicio socarr\u00f3n y travieso con ideas y sugerencias para una vejez digna, en la que huyamos de los estereotipos y, sobre todo, de los encorsetamientos de las personas mayores. Las viejas (t\u00e9rmino que reivindica la autora para sacarlo de lo peyorativo y dotarlo de nuevas posibilidades y significados) atesoran \u201ccreatividad, sabidur\u00eda, valor, generosidad, dignidad y lealtad\u201d, valores muy preciados en la sociedad y que no debemos desaprovechar. Empezando por las propias personas viejas.<\/p>\n<p style=\"text-align: justify;\">\nEn el oto\u00f1o de nuestras vidas necesitamos especiales cuidados de nuestra salud, unas pensiones dignas para disponer de nuestro propio dinero, una red social amplia, diversa y, sobre todo, el respeto de unas familias, amistades y sociedad que nos acepte y nos permita la autonom\u00eda personal.<\/p>\n<p style=\"text-align: justify;\">\nYa en el pr\u00f3logo Manuela Carmena nos cuenta que \u201cla vejez puede ser esa etapa dichosa, libre y creativa, que nos haga disfrutar\u201d. Porque de eso se trata, que m\u00e1s all\u00e1 del dolor y de las propias experiencias en muchos a\u00f1os de vida, encontremos un presente de placeres, confortabilidad y libertad.<\/p>\n<p style=\"text-align: justify;\">\n\u201cNi optimismo alucinado, ni des\u00e1nimo sombr\u00edo\u201d, reivindica Anna Freixas. Por un envejecer en el que huyamos de las creencias destructivas (\u201clas personas mayores son una carga, son inactivas, est\u00e1n enfermas, son feas, son todas iguales, no aportan nada a la sociedad\u201d) y nos reconciliemos con nuestros cuerpos y los signos de la vida. \u201cLa vejez no es una enfermedad que deba ser tratada\u201d. Aunque uses bast\u00f3n (con orgullo), aunque necesites unos profesionales m\u00e9dicos que te escuchen y entiendan, aunque se sucedan ausencias, este libro apunta insinuaciones, argucias y tretas, consejos directos para unas vidas saludables y plenas.<\/p>\n<p style=\"text-align: justify;\">\nLa autora da especial importancia a los autocuidados en colectivo, a permanecer en las casas todo lo que sea posible, a alimentar las inquietudes y seguir aprendiendo, a socializar en comunidad, a unos cuidados eficientes y cualificados en un entorno vital saludable, a hacerse respetar frente a las imposiciones familiares y sociales, al legado de la enorme sabidur\u00eda que atesoran las viejas. \u201cCon nuestro hacer cotidiano transmitimos un patrimonio intangible que hace que la existencia valga la pena y proporciona a la vida elementos impagables\u201d.<\/p>\n<p style=\"text-align: justify;\">\nEste libro es una llamada a no limitarnos, a buscar siempre la felicidad y a aprovechar las oportunidades. Es un libro reivindicativo y tambi\u00e9n un manual \u00fatil. Es una invitaci\u00f3n a seguir leyendo y estudiando este tema de la vejez, a partir de las muchas referencias literarias y acad\u00e9micas que la autora nos propone. Y, sobre todo, es una publicaci\u00f3n entretenida, en la que muchas personas se sentir\u00e1n identificadas. Como mi madre, yo o t\u00fa que convives con un mont\u00f3n (y cada vez m\u00e1s) de personas viejas y, ojal\u00e1, alg\u00fan d\u00eda lleguemos a serlo.<\/p>","protected":false},"excerpt":{"rendered":"<p>Cuando compr\u00e9 este libro, editado por Capit\u00e1n Swing, primero se lo ley\u00f3 mi madre. Y le gust\u00f3. Ya hab\u00eda le\u00eddo [&hellip;]<\/p>\n","protected":false},"author":1,"featured_media":1413,"comment_status":"open","ping_status":"closed","sticky":false,"template":"","format":"standard","meta":{"site-sidebar-layout":"default","site-content-layout":"","ast-site-content-layout":"default","site-content-style":"default","site-sidebar-style":"default","ast-global-header-display":"","ast-banner-title-visibility":"","ast-main-header-display":"","ast-hfb-above-header-display":"","ast-hfb-below-header-display":"","ast-hfb-mobile-header-display":"","site-post-title":"","ast-breadcrumbs-content":"","ast-featured-img":"","footer-sml-layout":"","ast-disable-related-posts":"","theme-transparent-header-meta":"","adv-header-id-meta":"","stick-header-meta":"","header-above-stick-meta":"","header-main-stick-meta":"","header-below-stick-meta":"","astra-migrate-meta-layouts":"default","ast-page-background-enabled":"default","ast-page-background-meta":{"desktop":{"background-color":"","background-image":"","background-repeat":"repeat","background-position":"center center","background-size":"auto","background-attachment":"scroll","background-type":"","background-media":"","overlay-type":"","overlay-color":"","overlay-opacity":"","overlay-gradient":""},"tablet":{"background-color":"","background-image":"","background-repeat":"repeat","background-position":"center center","background-size":"auto","background-attachment":"scroll","background-type":"","background-media":"","overlay-type":"","overlay-color":"","overlay-opacity":"","overlay-gradient":""},"mobile":{"background-color":"","background-image":"","background-repeat":"repeat","background-position":"center center","background-size":"auto","background-attachment":"scroll","background-type":"","background-media":"","overlay-type":"","overlay-color":"","overlay-opacity":"","overlay-gradient":""}},"ast-content-background-meta":{"desktop":{"background-color":"var(--ast-global-color-5)","background-image":"","background-repeat":"repeat","background-position":"center center","background-size":"auto","background-attachment":"scroll","background-type":"","background-media":"","overlay-type":"","overlay-color":"","overlay-opacity":"","overlay-gradient":""},"tablet":{"background-color":"var(--ast-global-color-5)","background-image":"","background-repeat":"repeat","background-position":"center center","background-size":"auto","background-attachment":"scroll","background-type":"","background-media":"","overlay-type":"","overlay-color":"","overlay-opacity":"","overlay-gradient":""},"mobile":{"background-color":"var(--ast-global-color-5)","background-image":"","background-repeat":"repeat","background-position":"center center","background-size":"auto","background-attachment":"scroll","background-type":"","background-media":"","overlay-type":"","overlay-color":"","overlay-opacity":"","overlay-gradient":""}},"_joinchat":[],"footnotes":""},"categories":[26],"tags":[658,274,659,660,185,160,421,133,304,415,416,661],"class_list":["post-1412","post","type-post","status-publish","format-standard","has-post-thumbnail","hentry","category-cultivando","tag-autonomia","tag-cuidados","tag-dignidad","tag-edad","tag-ensayo","tag-feminismo","tag-libertad","tag-libro","tag-mayores","tag-tiempo","tag-vejez","tag-vieja"],"_links":{"self":[{"href":"https:\/\/nachoescartin.es\/an\/wp-json\/wp\/v2\/posts\/1412","targetHints":{"allow":["GET"]}}],"collection":[{"href":"https:\/\/nachoescartin.es\/an\/wp-json\/wp\/v2\/posts"}],"about":[{"href":"https:\/\/nachoescartin.es\/an\/wp-json\/wp\/v2\/types\/post"}],"author":[{"embeddable":true,"href":"https:\/\/nachoescartin.es\/an\/wp-json\/wp\/v2\/users\/1"}],"replies":[{"embeddable":true,"href":"https:\/\/nachoescartin.es\/an\/wp-json\/wp\/v2\/comments?post=1412"}],"version-history":[{"count":0,"href":"https:\/\/nachoescartin.es\/an\/wp-json\/wp\/v2\/posts\/1412\/revisions"}],"wp:featuredmedia":[{"embeddable":true,"href":"https:\/\/nachoescartin.es\/an\/wp-json\/wp\/v2\/media\/1413"}],"wp:attachment":[{"href":"https:\/\/nachoescartin.es\/an\/wp-json\/wp\/v2\/media?parent=1412"}],"wp:term":[{"taxonomy":"category","embeddable":true,"href":"https:\/\/nachoescartin.es\/an\/wp-json\/wp\/v2\/categories?post=1412"},{"taxonomy":"post_tag","embeddable":true,"href":"https:\/\/nachoescartin.es\/an\/wp-json\/wp\/v2\/tags?post=1412"}],"curies":[{"name":"wp","href":"https:\/\/api.w.org\/{rel}","templated":true}]}}