{"id":1395,"date":"2022-08-07T19:11:34","date_gmt":"2022-08-07T19:11:34","guid":{"rendered":"https:\/\/nachoescartin.es\/?p=1395"},"modified":"2022-08-07T19:11:34","modified_gmt":"2022-08-07T19:11:34","slug":"febrero-de-eva-forest","status":"publish","type":"post","link":"https:\/\/nachoescartin.es\/an\/febrero-de-eva-forest\/","title":{"rendered":"\u201cFebrero\u201d de Eva Forest"},"content":{"rendered":"<p style=\"text-align: justify;\">En febrero de 1958, una manifestaci\u00f3n de estudiantes que luchaba por la libertad sindical en la universidad, se cruz\u00f3 con un grupo de falangistas que ven\u00eda de un acto ultraderechista. Un disparo procedente del colectivo de los falangistas hiri\u00f3 a uno de ellos de gravedad. Tal vez por accidente. El grupo de universitarios no llevaba armas. Sin embargo, los medios de la Falange Espa\u00f1ola construyeron un relato de histeria colectiva para alimentar el odio y la venganza contra quienes quer\u00edan \u201chundir al pa\u00eds en el caos para medrar luego (\u2026), los herederos de aquellos que cuando la guerra cometieron atrocidades\u201d y as\u00ed, alimentar las represalias \u201cen espera de que el infeliz se muera para tener un pretexto y entrar en acci\u00f3n\u201d.<\/p>\n<p style=\"text-align: justify;\">\nEn esos d\u00edas nace este libro, como forma de liberaci\u00f3n del miedo. Eva Forest estuvo ah\u00ed y su nombre estaba (junto al de su compa\u00f1ero Alfonso Sastre) en la lista de personas que matar\u00edan en el caso de que ese joven muriera. As\u00ed, este libro nace como una huida del peligro por parte de su protagonista, un intelectual cada vez m\u00e1s comprometido ante la falta de solidaridad que padece Espa\u00f1a durante esos a\u00f1os, la falta de medios libres en los que expresarse y la falta de bienestar interno m\u00e1s all\u00e1 de las apariencias hacia fuera.<\/p>\n<p style=\"text-align: justify;\">\n\u201cEscribir libera mucho, absorbe y distrae y por unos momentos hace olvidar y, si se sigue escribiendo durante todo el d\u00eda, uno hasta puede llegar a despreocuparse de los peligros que le amenazan\u201d. Mediante la escritura de sus sentimientos, de divagaciones y pensamientos al margen de su agobio de esos d\u00edas, el protagonista va encontrando el significado de su existencia, \u201cmuy cerca de las gentes, de su dolor y de sus cosas\u201d y cada vez m\u00e1s activo frente a las injusticias.<\/p>\n<p style=\"text-align: justify;\">\nEs un buen libro, editado por Hiru hace unos a\u00f1os, en el que se reflexiona sobre el miedo y la resignaci\u00f3n, el silencio y la manipulaci\u00f3n, la dignidad y la solidaridad.<\/p>","protected":false},"excerpt":{"rendered":"<p>En febrero de 1958, una manifestaci\u00f3n de estudiantes que luchaba por la libertad sindical en la universidad, se cruz\u00f3 con [&hellip;]<\/p>\n","protected":false},"author":1,"featured_media":1396,"comment_status":"open","ping_status":"closed","sticky":false,"template":"","format":"standard","meta":{"site-sidebar-layout":"default","site-content-layout":"","ast-site-content-layout":"default","site-content-style":"default","site-sidebar-style":"default","ast-global-header-display":"","ast-banner-title-visibility":"","ast-main-header-display":"","ast-hfb-above-header-display":"","ast-hfb-below-header-display":"","ast-hfb-mobile-header-display":"","site-post-title":"","ast-breadcrumbs-content":"","ast-featured-img":"","footer-sml-layout":"","ast-disable-related-posts":"","theme-transparent-header-meta":"","adv-header-id-meta":"","stick-header-meta":"","header-above-stick-meta":"","header-main-stick-meta":"","header-below-stick-meta":"","astra-migrate-meta-layouts":"default","ast-page-background-enabled":"default","ast-page-background-meta":{"desktop":{"background-color":"","background-image":"","background-repeat":"repeat","background-position":"center center","background-size":"auto","background-attachment":"scroll","background-type":"","background-media":"","overlay-type":"","overlay-color":"","overlay-opacity":"","overlay-gradient":""},"tablet":{"background-color":"","background-image":"","background-repeat":"repeat","background-position":"center center","background-size":"auto","background-attachment":"scroll","background-type":"","background-media":"","overlay-type":"","overlay-color":"","overlay-opacity":"","overlay-gradient":""},"mobile":{"background-color":"","background-image":"","background-repeat":"repeat","background-position":"center center","background-size":"auto","background-attachment":"scroll","background-type":"","background-media":"","overlay-type":"","overlay-color":"","overlay-opacity":"","overlay-gradient":""}},"ast-content-background-meta":{"desktop":{"background-color":"var(--ast-global-color-5)","background-image":"","background-repeat":"repeat","background-position":"center center","background-size":"auto","background-attachment":"scroll","background-type":"","background-media":"","overlay-type":"","overlay-color":"","overlay-opacity":"","overlay-gradient":""},"tablet":{"background-color":"var(--ast-global-color-5)","background-image":"","background-repeat":"repeat","background-position":"center center","background-size":"auto","background-attachment":"scroll","background-type":"","background-media":"","overlay-type":"","overlay-color":"","overlay-opacity":"","overlay-gradient":""},"mobile":{"background-color":"var(--ast-global-color-5)","background-image":"","background-repeat":"repeat","background-position":"center center","background-size":"auto","background-attachment":"scroll","background-type":"","background-media":"","overlay-type":"","overlay-color":"","overlay-opacity":"","overlay-gradient":""}},"_joinchat":[],"footnotes":""},"categories":[26],"tags":[286,183,643,155,421,133,644,125,645,332],"class_list":["post-1395","post","type-post","status-publish","format-standard","has-post-thumbnail","hentry","category-cultivando","tag-carcel","tag-dictadura","tag-falange","tag-franquismo","tag-libertad","tag-libro","tag-miedo","tag-novela","tag-presos","tag-solidaridad"],"_links":{"self":[{"href":"https:\/\/nachoescartin.es\/an\/wp-json\/wp\/v2\/posts\/1395","targetHints":{"allow":["GET"]}}],"collection":[{"href":"https:\/\/nachoescartin.es\/an\/wp-json\/wp\/v2\/posts"}],"about":[{"href":"https:\/\/nachoescartin.es\/an\/wp-json\/wp\/v2\/types\/post"}],"author":[{"embeddable":true,"href":"https:\/\/nachoescartin.es\/an\/wp-json\/wp\/v2\/users\/1"}],"replies":[{"embeddable":true,"href":"https:\/\/nachoescartin.es\/an\/wp-json\/wp\/v2\/comments?post=1395"}],"version-history":[{"count":0,"href":"https:\/\/nachoescartin.es\/an\/wp-json\/wp\/v2\/posts\/1395\/revisions"}],"wp:featuredmedia":[{"embeddable":true,"href":"https:\/\/nachoescartin.es\/an\/wp-json\/wp\/v2\/media\/1396"}],"wp:attachment":[{"href":"https:\/\/nachoescartin.es\/an\/wp-json\/wp\/v2\/media?parent=1395"}],"wp:term":[{"taxonomy":"category","embeddable":true,"href":"https:\/\/nachoescartin.es\/an\/wp-json\/wp\/v2\/categories?post=1395"},{"taxonomy":"post_tag","embeddable":true,"href":"https:\/\/nachoescartin.es\/an\/wp-json\/wp\/v2\/tags?post=1395"}],"curies":[{"name":"wp","href":"https:\/\/api.w.org\/{rel}","templated":true}]}}